{"id":39154,"date":"2026-04-01T11:35:00","date_gmt":"2026-04-01T14:35:00","guid":{"rendered":"https:\/\/correiodoestado.audiencelabs.com.br\/?p=39154"},"modified":"2026-04-01T09:22:05","modified_gmt":"2026-04-01T12:22:05","slug":"jogador-que-deixou-o-inter-querido-pela-torcida-esta-cobrando-o-clube-na-justica","status":"publish","type":"post","link":"https:\/\/correiodoestado.audiencelabs.com.br\/jogador-que-deixou-o-inter-querido-pela-torcida-esta-cobrando-o-clube-na-justica\/","title":{"rendered":"Jogador que deixou o Inter querido pela torcida est\u00e1 cobrando o clube na Justi\u00e7a"},"content":{"rendered":"\n<p>Outrora fazendo parte do elenco colorado, o volante Nonato, que atualmente integra o Fluminense, est\u00e1 processando o <a href=\"https:\/\/correiodoestado.com.br\/mix\/janela-de-transferencias-recem-fechou-e-inter-acertou-3-vendas-por-r-138-milhoes\/\" target=\"_blank\" rel=\"noopener\">Internacional <\/a>na Justi\u00e7a. Segundo apura\u00e7\u00f5es do portal Globo Esporte, o volante alega que o clube ga\u00facho n\u00e3o efetuou os pagamentos referentes aos direitos de imagem. Dessa forma, o valor de R$ 300 mil vem sendo cobrado por meio de uma a\u00e7\u00e3o nos bastidores.<\/p>\n\n\n\n<p>Querido pelos torcedores do Inter, o atleta n\u00e3o ignorou a falta de compromisso da diretoria em arcar com seus direitos presentes em contrato. Em comunicado lan\u00e7ado ao portal, o Colorado afirmou ter recebido a notifica\u00e7\u00e3o nesta segunda-feira (30), colocando seu departamento jur\u00eddico em a\u00e7\u00e3o. O clube ressalta que o montante diz respeito \u00e0 cess\u00e3o de direitos de imagem firmada entre a institui\u00e7\u00e3o e o jogador.<\/p>\n\n\n\n<figure class=\"wp-block-image size-large\"><img loading=\"lazy\" decoding=\"async\" width=\"1024\" height=\"683\" src=\"https:\/\/correiodoestado.audiencelabs.com.br\/wp-content\/uploads\/2026\/04\/49414077738_f5e4725500_k-1024x683.jpg\" alt=\"\" class=\"wp-image-39155\" srcset=\"https:\/\/correiodoestado.audiencelabs.com.br\/wp-content\/uploads\/2026\/04\/49414077738_f5e4725500_k-1024x683.jpg 1024w, https:\/\/correiodoestado.audiencelabs.com.br\/wp-content\/uploads\/2026\/04\/49414077738_f5e4725500_k-300x200.jpg 300w, https:\/\/correiodoestado.audiencelabs.com.br\/wp-content\/uploads\/2026\/04\/49414077738_f5e4725500_k-768x512.jpg 768w, https:\/\/correiodoestado.audiencelabs.com.br\/wp-content\/uploads\/2026\/04\/49414077738_f5e4725500_k-1536x1024.jpg 1536w, https:\/\/correiodoestado.audiencelabs.com.br\/wp-content\/uploads\/2026\/04\/49414077738_f5e4725500_k-750x500.jpg 750w, https:\/\/correiodoestado.audiencelabs.com.br\/wp-content\/uploads\/2026\/04\/49414077738_f5e4725500_k-1140x760.jpg 1140w, https:\/\/correiodoestado.audiencelabs.com.br\/wp-content\/uploads\/2026\/04\/49414077738_f5e4725500_k.jpg 2048w\" sizes=\"auto, (max-width: 1024px) 100vw, 1024px\" \/><figcaption class=\"wp-element-caption\">Cr\u00e9ditos: Ricardo Duarte\/Internacional<\/figcaption><\/figure>\n\n\n\n<p>Conforme o advogado de Nonato, Filipe Rino, os valores seriam pagos em 15 parcelas iguais de R$ 23.935,36, contabilizando R$ 215.420,67. Por\u00e9m, na a\u00e7\u00e3o judicial, o volante ressalta que o clube pagou somente at\u00e9 a sexta fatia, que tinha vencimento entre 2023 e 2024. Dessa forma, levando em considera\u00e7\u00e3o os juros, atualiza\u00e7\u00e3o monet\u00e1ria e despesas legais, o processo instituiu um montante de R$ 310.526,74.<\/p>\n\n\n\n<h2 class=\"wp-block-heading\">Trajet\u00f3ria no Internacional<\/h2>\n\n\n\n<p>Anunciado como atleta do Inter em maio de 2018, por meio de empr\u00e9stimo junto ao S\u00e3o Caetano, o meia desembarcou em solo ga\u00facho para ingressar nas divis\u00f5es de base. Contudo, mostrando ter dom\u00ednio de bola e efici\u00eancia na tomada de decis\u00f5es, foi lan\u00e7ado ao elenco profissional em fevereiro do ano seguinte, quando foi adquirido em definitivo. <\/p>\n\n\n\n<p>Apesar de nunca ter erguido um t\u00edtulo sequer com as vestes do time ga\u00facho, o experiente jogador permanece na mem\u00f3ria de alguns torcedores. Isso porque, somando as apari\u00e7\u00f5es nas categorias de base e no elenco profissional, Nonato contabilizou 107 partidas, que foram convertidas em sete gols e uma assist\u00eancia.<\/p>\n","protected":false},"excerpt":{"rendered":"<p>Outrora atuando com a camisa do Inter, jogador experiente entra na Justi\u00e7a para cobrar valores atrasados que ultrapassam R$ 300 mil<\/p>\n","protected":false},"author":8,"featured_media":39159,"comment_status":"open","ping_status":"open","sticky":false,"template":"","format":"standard","meta":{"jnews-multi-image_gallery":[],"jnews_single_post":{"format":"standard"},"jnews_primary_category":[],"jnews_social_meta":[],"footnotes":""},"categories":[1],"tags":[],"class_list":["post-39154","post","type-post","status-publish","format-standard","has-post-thumbnail","hentry","category-mix"],"_links":{"self":[{"href":"https:\/\/correiodoestado.audiencelabs.com.br\/wp-json\/wp\/v2\/posts\/39154","targetHints":{"allow":["GET"]}}],"collection":[{"href":"https:\/\/correiodoestado.audiencelabs.com.br\/wp-json\/wp\/v2\/posts"}],"about":[{"href":"https:\/\/correiodoestado.audiencelabs.com.br\/wp-json\/wp\/v2\/types\/post"}],"author":[{"embeddable":true,"href":"https:\/\/correiodoestado.audiencelabs.com.br\/wp-json\/wp\/v2\/users\/8"}],"replies":[{"embeddable":true,"href":"https:\/\/correiodoestado.audiencelabs.com.br\/wp-json\/wp\/v2\/comments?post=39154"}],"version-history":[{"count":1,"href":"https:\/\/correiodoestado.audiencelabs.com.br\/wp-json\/wp\/v2\/posts\/39154\/revisions"}],"predecessor-version":[{"id":39162,"href":"https:\/\/correiodoestado.audiencelabs.com.br\/wp-json\/wp\/v2\/posts\/39154\/revisions\/39162"}],"wp:featuredmedia":[{"embeddable":true,"href":"https:\/\/correiodoestado.audiencelabs.com.br\/wp-json\/wp\/v2\/media\/39159"}],"wp:attachment":[{"href":"https:\/\/correiodoestado.audiencelabs.com.br\/wp-json\/wp\/v2\/media?parent=39154"}],"wp:term":[{"taxonomy":"category","embeddable":true,"href":"https:\/\/correiodoestado.audiencelabs.com.br\/wp-json\/wp\/v2\/categories?post=39154"},{"taxonomy":"post_tag","embeddable":true,"href":"https:\/\/correiodoestado.audiencelabs.com.br\/wp-json\/wp\/v2\/tags?post=39154"}],"curies":[{"name":"wp","href":"https:\/\/api.w.org\/{rel}","templated":true}]}}