{"id":39163,"date":"2026-04-01T15:50:00","date_gmt":"2026-04-01T18:50:00","guid":{"rendered":"https:\/\/correiodoestado.audiencelabs.com.br\/?p=39163"},"modified":"2026-04-01T09:31:27","modified_gmt":"2026-04-01T12:31:27","slug":"melhor-noticia-para-quem-espera-ver-endrick-na-copa-do-mundo","status":"publish","type":"post","link":"https:\/\/correiodoestado.audiencelabs.com.br\/melhor-noticia-para-quem-espera-ver-endrick-na-copa-do-mundo\/","title":{"rendered":"Melhor not\u00edcia para quem espera ver Endrick na Copa do Mundo"},"content":{"rendered":"\n<p>Nesta terceira (31), a Sele\u00e7\u00e3o Brasileira encarou a Cro\u00e1cia nos Estados Unidos, em amistoso preparat\u00f3rio em fun\u00e7\u00e3o da Copa do Mundo. Embora tenha atuado por apenas 15 minutos, <a href=\"https:\/\/correiodoestado.com.br\/mix\/enquanto-brasileiros-defendiam-endrick-argentinos-estao-preocupados-com-o-novo-messi-no-real-madrid\/\" target=\"_blank\" rel=\"noreferrer noopener\">Endrick <\/a>conseguiu mostrar seu futebol e levantar questionamentos sobre a sua presen\u00e7a no torneio de sele\u00e7\u00f5es. Para o t\u00e9cnico Ancelotti, a atua\u00e7\u00e3o do centroavante foi bastante convincente.<\/p>\n\n\n\n<p>Outrora cotado para estrear apenas na Copa do Mundo de 2030, o cria do Palmeiras provou estar preparado para a competi\u00e7\u00e3o deste ano. Com pouco tempo em campo, sofreu um p\u00eanalti e contribuiu com uma assist\u00eancia na vit\u00f3ria do Brasil por 3 a 1. Pela primeira vez sob o comando de Ancelotti na delega\u00e7\u00e3o, o jogador do Real Madrid n\u00e3o deixou a desejar.<\/p>\n\n\n\n<figure class=\"wp-block-image size-full\"><img loading=\"lazy\" decoding=\"async\" width=\"900\" height=\"600\" src=\"https:\/\/correiodoestado.audiencelabs.com.br\/wp-content\/uploads\/2026\/04\/WhatsApp-Image-2026-04-01-at-09.26.48.jpeg\" alt=\"\" class=\"wp-image-39167\" srcset=\"https:\/\/correiodoestado.audiencelabs.com.br\/wp-content\/uploads\/2026\/04\/WhatsApp-Image-2026-04-01-at-09.26.48.jpeg 900w, https:\/\/correiodoestado.audiencelabs.com.br\/wp-content\/uploads\/2026\/04\/WhatsApp-Image-2026-04-01-at-09.26.48-300x200.jpeg 300w, https:\/\/correiodoestado.audiencelabs.com.br\/wp-content\/uploads\/2026\/04\/WhatsApp-Image-2026-04-01-at-09.26.48-768x512.jpeg 768w, https:\/\/correiodoestado.audiencelabs.com.br\/wp-content\/uploads\/2026\/04\/WhatsApp-Image-2026-04-01-at-09.26.48-750x500.jpeg 750w\" sizes=\"auto, (max-width: 900px) 100vw, 900px\" \/><figcaption class=\"wp-element-caption\">Cr\u00e9ditos: Rafael Ribeiro\/CBF<\/figcaption><\/figure>\n\n\n\n<p>\u201c(Endrick) \u00c9 um tema interessante. Eu o conheci como atacante central; agora est\u00e1 mais do lado. Est\u00e1 fazendo bem (o trabalho ofensivo), mas requer um trabalho mais defensivo. Pode fazer pela condi\u00e7\u00e3o que tem. Estamos mirando sua evolu\u00e7\u00e3o. \u00c9 muito bom. Endrick vai ser o futuro da sele\u00e7\u00e3o. Temos jovens muito interessantes para o futuro. O futuro da sele\u00e7\u00e3o est\u00e1 bem coberto\u201d, disse o italiano antes do amistoso.<\/p>\n\n\n\n<p>Ainda que tenha atuado por apenas 15 minutos, o atacante gerou como\u00e7\u00e3o na imprensa e torcedores, que cobram a sua convoca\u00e7\u00e3o para a Copa do Mundo. O duelo contra a Cro\u00e1cia foi o \u00faltimo antes da lista final, que ser\u00e1 divulgada em 18 de maio. At\u00e9 l\u00e1, o jogador precisa manter a const\u00e2ncia no Lyon, clube no qual est\u00e1 emprestado at\u00e9 meados de 2026.<\/p>\n\n\n\n<h2 class=\"wp-block-heading\">Proje\u00e7\u00f5es de Endrick<\/h2>\n\n\n\n<p>Com o objetivo de servir \u00e0 Sele\u00e7\u00e3o Brasileira na competi\u00e7\u00e3o mais importante do mundo para as na\u00e7\u00f5es, o centroavante de 19 anos ter\u00e1 sete partidas com a camisa da equipe francesa para convencer a comiss\u00e3o canarinha a ser convocado. Por outro lado, a briga pela vaga \u00e9 acirrada, contando com nomes de destaque que atuam no Velho Continente.<\/p>\n\n\n\n<p>Enquanto a lista final \u00e9 montada, Ancelotti ajusta algumas lacunas antes de realizar os dois \u00faltimos amistosos antes do mundial. No m\u00eas de maio, o Brasil encara o Panam\u00e1, e o Egito ser\u00e1 advers\u00e1rio apenas em junho, j\u00e1 com as pe\u00e7as que estar\u00e3o na Copa do Mundo. Por fim, \u00e9 v\u00e1lido destacar que, sob o comando de Carletto, os heptacampe\u00f5es possuem cinco vit\u00f3rias, dois empates e tr\u00eas derrotas.<\/p>\n","protected":false},"excerpt":{"rendered":"<p>Embora tenha atuado por apenas 15 minutos, Endrick conseguiu mostrar seu futebol e levantar questionamentos sobre a sua presen\u00e7a no torneio de sele\u00e7\u00f5es<\/p>\n","protected":false},"author":8,"featured_media":39166,"comment_status":"open","ping_status":"open","sticky":false,"template":"","format":"standard","meta":{"jnews-multi-image_gallery":[],"jnews_single_post":{"format":"standard"},"jnews_primary_category":[],"jnews_social_meta":[],"footnotes":""},"categories":[1],"tags":[],"class_list":["post-39163","post","type-post","status-publish","format-standard","has-post-thumbnail","hentry","category-mix"],"_links":{"self":[{"href":"https:\/\/correiodoestado.audiencelabs.com.br\/wp-json\/wp\/v2\/posts\/39163","targetHints":{"allow":["GET"]}}],"collection":[{"href":"https:\/\/correiodoestado.audiencelabs.com.br\/wp-json\/wp\/v2\/posts"}],"about":[{"href":"https:\/\/correiodoestado.audiencelabs.com.br\/wp-json\/wp\/v2\/types\/post"}],"author":[{"embeddable":true,"href":"https:\/\/correiodoestado.audiencelabs.com.br\/wp-json\/wp\/v2\/users\/8"}],"replies":[{"embeddable":true,"href":"https:\/\/correiodoestado.audiencelabs.com.br\/wp-json\/wp\/v2\/comments?post=39163"}],"version-history":[{"count":1,"href":"https:\/\/correiodoestado.audiencelabs.com.br\/wp-json\/wp\/v2\/posts\/39163\/revisions"}],"predecessor-version":[{"id":39169,"href":"https:\/\/correiodoestado.audiencelabs.com.br\/wp-json\/wp\/v2\/posts\/39163\/revisions\/39169"}],"wp:featuredmedia":[{"embeddable":true,"href":"https:\/\/correiodoestado.audiencelabs.com.br\/wp-json\/wp\/v2\/media\/39166"}],"wp:attachment":[{"href":"https:\/\/correiodoestado.audiencelabs.com.br\/wp-json\/wp\/v2\/media?parent=39163"}],"wp:term":[{"taxonomy":"category","embeddable":true,"href":"https:\/\/correiodoestado.audiencelabs.com.br\/wp-json\/wp\/v2\/categories?post=39163"},{"taxonomy":"post_tag","embeddable":true,"href":"https:\/\/correiodoestado.audiencelabs.com.br\/wp-json\/wp\/v2\/tags?post=39163"}],"curies":[{"name":"wp","href":"https:\/\/api.w.org\/{rel}","templated":true}]}}