{"id":39176,"date":"2026-04-01T12:50:00","date_gmt":"2026-04-01T15:50:00","guid":{"rendered":"https:\/\/correiodoestado.audiencelabs.com.br\/?p=39176"},"modified":"2026-04-01T09:57:26","modified_gmt":"2026-04-01T12:57:26","slug":"adicionar-canela-e-sal-ao-cafe-para-que-serve-e-quando-e-recomendado","status":"publish","type":"post","link":"https:\/\/correiodoestado.audiencelabs.com.br\/adicionar-canela-e-sal-ao-cafe-para-que-serve-e-quando-e-recomendado\/","title":{"rendered":"Adicionar canela e sal ao caf\u00e9: para que serve e quando \u00e9 recomendado"},"content":{"rendered":"\n<p>Tradicionalmente, o <a href=\"https:\/\/correiodoestado.com.br\/mix\/5-alimentos-indispensaveis-para-um-cafe-da-manha-nutritivo\/\" target=\"_blank\" rel=\"noreferrer noopener\">caf\u00e9 <\/a>foi introduzido nas culturas de diversos pa\u00edses como estimulante, sendo servido nos mais variados per\u00edodos do dia. Embora grande parcela da sociedade opte por consumi-lo puro ou com a\u00e7\u00facar, incrementar novos ingredientes pode fazer toda a diferen\u00e7a. Curiosamente, despejar sal e canela tende a ser a solu\u00e7\u00e3o para alguns problemas latentes.<\/p>\n\n\n\n<p>Em um primeiro momento, a mistura pode n\u00e3o agradar, mas especialistas destacam a motiva\u00e7\u00e3o por detr\u00e1s do incentivo a novos costumes. Na pr\u00e1tica, a canela oferece um aroma marcante e um leve dul\u00e7or natural, o que colabora para a redu\u00e7\u00e3o ou at\u00e9 elimina\u00e7\u00e3o do a\u00e7\u00facar. Por sua vez, tamb\u00e9m atua de forma eficiente devido \u00e0s suas propriedades antioxidantes.<\/p>\n\n\n\n<figure class=\"wp-block-image size-large\"><img loading=\"lazy\" decoding=\"async\" width=\"1024\" height=\"573\" src=\"https:\/\/correiodoestado.audiencelabs.com.br\/wp-content\/uploads\/2026\/04\/fahmi-fakhrudin-nzyzAUsbV0M-unsplash-1024x573.jpg\" alt=\"\" class=\"wp-image-39180\" srcset=\"https:\/\/correiodoestado.audiencelabs.com.br\/wp-content\/uploads\/2026\/04\/fahmi-fakhrudin-nzyzAUsbV0M-unsplash-1024x573.jpg 1024w, https:\/\/correiodoestado.audiencelabs.com.br\/wp-content\/uploads\/2026\/04\/fahmi-fakhrudin-nzyzAUsbV0M-unsplash-300x168.jpg 300w, https:\/\/correiodoestado.audiencelabs.com.br\/wp-content\/uploads\/2026\/04\/fahmi-fakhrudin-nzyzAUsbV0M-unsplash-768x430.jpg 768w, https:\/\/correiodoestado.audiencelabs.com.br\/wp-content\/uploads\/2026\/04\/fahmi-fakhrudin-nzyzAUsbV0M-unsplash-1536x859.jpg 1536w, https:\/\/correiodoestado.audiencelabs.com.br\/wp-content\/uploads\/2026\/04\/fahmi-fakhrudin-nzyzAUsbV0M-unsplash-750x420.jpg 750w, https:\/\/correiodoestado.audiencelabs.com.br\/wp-content\/uploads\/2026\/04\/fahmi-fakhrudin-nzyzAUsbV0M-unsplash-1140x638.jpg 1140w, https:\/\/correiodoestado.audiencelabs.com.br\/wp-content\/uploads\/2026\/04\/fahmi-fakhrudin-nzyzAUsbV0M-unsplash.jpg 1920w\" sizes=\"auto, (max-width: 1024px) 100vw, 1024px\" \/><figcaption class=\"wp-element-caption\">Cr\u00e9ditos: Unsplash<\/figcaption><\/figure>\n\n\n\n<p>J\u00e1 o sal, quando utilizado em quantidades m\u00ednimas, n\u00e3o deixa o caf\u00e9 salgado. Em s\u00edntese, ele atua minimizando o amargor t\u00edpico da bebida estimulante. Para uma melhor compreens\u00e3o, esse mecanismo ocorre porque o s\u00f3dio interfere na forma como as papilas gustativas percebem sabores mais intensos, tornando o l\u00edquido mais equilibrado.<\/p>\n\n\n\n<h2 class=\"wp-block-heading\">Como preparar o caf\u00e9?<\/h2>\n\n\n\n<p>O processo para colocar a nova f\u00f3rmula em evid\u00eancia \u00e9 simples e pr\u00e1tico. Basta apenas acrescentar uma pitada de canela e uma quantidade m\u00ednima de sal ao caf\u00e9 pronto ou diretamente no p\u00f3 antes de coar. Por sua vez, \u00e9 importante destacar que o equil\u00edbrio evita que a bebida seja comprometida. No mais, a mistura atua n\u00e3o somente trazendo novos sabores ao produto final, como torna o h\u00e1bito mais prazeroso e assertivo.<\/p>\n\n\n\n<p>Na pr\u00e1tica, o m\u00e9todo n\u00e3o \u00e9 indicado para todas as ocasi\u00f5es, mesmo sendo ben\u00e9fico. Geralmente, a combina\u00e7\u00e3o torna-se uma alternativa assertiva quando o caf\u00e9 fica amargo demais. Al\u00e9m disso, tamb\u00e9m \u00e9 \u00fatil para quem quer diminuir o consumo de a\u00e7\u00facar sem abrir m\u00e3o de um sabor agrad\u00e1vel ou n\u00e3o quer introduzir produtos industrializados na bebida.<\/p>\n","protected":false},"excerpt":{"rendered":"<p>Tradicionalmente, o caf\u00e9 foi introduzido nas culturas de diversos pa\u00edses como estimulante, sendo servido nos mais variados per\u00edodos do dia<\/p>\n","protected":false},"author":8,"featured_media":39181,"comment_status":"open","ping_status":"open","sticky":false,"template":"","format":"standard","meta":{"jnews-multi-image_gallery":[],"jnews_single_post":{"format":"standard"},"jnews_primary_category":[],"jnews_social_meta":[],"footnotes":""},"categories":[1],"tags":[],"class_list":["post-39176","post","type-post","status-publish","format-standard","has-post-thumbnail","hentry","category-mix"],"_links":{"self":[{"href":"https:\/\/correiodoestado.audiencelabs.com.br\/wp-json\/wp\/v2\/posts\/39176","targetHints":{"allow":["GET"]}}],"collection":[{"href":"https:\/\/correiodoestado.audiencelabs.com.br\/wp-json\/wp\/v2\/posts"}],"about":[{"href":"https:\/\/correiodoestado.audiencelabs.com.br\/wp-json\/wp\/v2\/types\/post"}],"author":[{"embeddable":true,"href":"https:\/\/correiodoestado.audiencelabs.com.br\/wp-json\/wp\/v2\/users\/8"}],"replies":[{"embeddable":true,"href":"https:\/\/correiodoestado.audiencelabs.com.br\/wp-json\/wp\/v2\/comments?post=39176"}],"version-history":[{"count":2,"href":"https:\/\/correiodoestado.audiencelabs.com.br\/wp-json\/wp\/v2\/posts\/39176\/revisions"}],"predecessor-version":[{"id":39184,"href":"https:\/\/correiodoestado.audiencelabs.com.br\/wp-json\/wp\/v2\/posts\/39176\/revisions\/39184"}],"wp:featuredmedia":[{"embeddable":true,"href":"https:\/\/correiodoestado.audiencelabs.com.br\/wp-json\/wp\/v2\/media\/39181"}],"wp:attachment":[{"href":"https:\/\/correiodoestado.audiencelabs.com.br\/wp-json\/wp\/v2\/media?parent=39176"}],"wp:term":[{"taxonomy":"category","embeddable":true,"href":"https:\/\/correiodoestado.audiencelabs.com.br\/wp-json\/wp\/v2\/categories?post=39176"},{"taxonomy":"post_tag","embeddable":true,"href":"https:\/\/correiodoestado.audiencelabs.com.br\/wp-json\/wp\/v2\/tags?post=39176"}],"curies":[{"name":"wp","href":"https:\/\/api.w.org\/{rel}","templated":true}]}}