{"id":39213,"date":"2026-04-02T07:29:00","date_gmt":"2026-04-02T10:29:00","guid":{"rendered":"https:\/\/correiodoestado.audiencelabs.com.br\/?p=39213"},"modified":"2026-04-01T13:34:27","modified_gmt":"2026-04-01T16:34:27","slug":"secretario-de-guerra-dos-eua-deixa-mais-um-pais-sul-americano-em-estado-de-alerta","status":"publish","type":"post","link":"https:\/\/correiodoestado.audiencelabs.com.br\/secretario-de-guerra-dos-eua-deixa-mais-um-pais-sul-americano-em-estado-de-alerta\/","title":{"rendered":"Secret\u00e1rio de Guerra dos EUA deixa mais um pa\u00eds sul-americano em estado de alerta"},"content":{"rendered":"\n<p>A inclus\u00e3o da Col\u00f4mbia na nova estrat\u00e9gia de seguran\u00e7a dos Estados Unidos, chamada &#8220;Grande Am\u00e9rica do Norte&#8221;, tem gerado preocupa\u00e7\u00e3o no pa\u00eds sul-americano. A proposta, apresentada pelo secret\u00e1rio de Guerra Pete Hegseth, amplia o conceito de per\u00edmetro estrat\u00e9gico norte-americano e passa a considerar na\u00e7\u00f5es ao norte do Equador como parte de uma mesma zona de defesa.<\/p>\n\n\n\n<p>O an\u00fancio foi feito durante uma reuni\u00e3o com ministros da defesa do hemisf\u00e9rio, realizada na sede do Comando Sul, na Fl\u00f3rida. A estrat\u00e9gia redefine a atua\u00e7\u00e3o dos EUA na regi\u00e3o ao incluir diversos pa\u00edses em um chamado &#8220;per\u00edmetro de seguran\u00e7a imediato&#8221;, com base em crit\u00e9rios geogr\u00e1ficos e interesses estrat\u00e9gicos compartilhados.<\/p>\n\n\n\n<figure class=\"wp-block-gallery has-nested-images columns-default is-cropped wp-block-gallery-1 is-layout-flex wp-block-gallery-is-layout-flex\">\n<figure class=\"wp-block-image size-large\"><img loading=\"lazy\" decoding=\"async\" width=\"740\" height=\"493\" data-id=\"39232\" src=\"https:\/\/correiodoestado.audiencelabs.com.br\/wp-content\/uploads\/2026\/04\/bandeira-da-colombia-acenando_1498-55.avif\" alt=\"\" class=\"wp-image-39232\" srcset=\"https:\/\/correiodoestado.audiencelabs.com.br\/wp-content\/uploads\/2026\/04\/bandeira-da-colombia-acenando_1498-55.avif 740w, https:\/\/correiodoestado.audiencelabs.com.br\/wp-content\/uploads\/2026\/04\/bandeira-da-colombia-acenando_1498-55-300x200.avif 300w\" sizes=\"auto, (max-width: 740px) 100vw, 740px\" \/><figcaption class=\"wp-element-caption\">Cr\u00e9ditos: Freepik <\/figcaption><\/figure>\n<\/figure>\n\n\n\n<p>De acordo com Hegseth, a nova vis\u00e3o se estende da Groenl\u00e2ndia at\u00e9 o Golfo do M\u00e9xico e o Canal do Panam\u00e1, e abrange \u00e1reas banhadas pelo Atl\u00e2ntico Norte e pelo Pac\u00edfico Norte. Essa delimita\u00e7\u00e3o amplia o alcance da pol\u00edtica de defesa norte-americana e refor\u00e7a a presen\u00e7a dos EUA em regi\u00f5es consideradas estrat\u00e9gicas. O secret\u00e1rio tamb\u00e9m destacou que barreiras naturais como a Amaz\u00f4nia e a Cordilheira dos Andes funcionam como refer\u00eancias para definir responsabilidades dentro desse novo modelo. <\/p>\n\n\n\n<h2 class=\"wp-block-heading\">Declara\u00e7\u00e3o do secret\u00e1rio de Guerra dos EUA preocupa os colombianos<\/h2>\n\n\n\n<p>Pa\u00edses localizados ao norte dessas forma\u00e7\u00f5es passam a integrar um mesmo ambiente de seguran\u00e7a, o que, na pr\u00e1tica, pode significar maior coordena\u00e7\u00e3o, e tamb\u00e9m maior influ\u00eancia, dos Estados Unidos sobre essas na\u00e7\u00f5es. No caso da Col\u00f4mbia, a inclus\u00e3o ocorre por sua posi\u00e7\u00e3o geogr\u00e1fica no hemisf\u00e9rio norte. Ainda assim, analistas apontam que a medida levanta preocupa\u00e7\u00f5es sobre soberania e autonomia regional.<\/p>\n\n\n\n<p>A proposta prev\u00ea compartilhamento de responsabilidades em defesa, o que pode impactar diretamente a pol\u00edtica externa e estrat\u00e9gica dos pa\u00edses envolvidos. &#8220;Quando terroristas, assassinos e cart\u00e9is se apoderam de infraestrutura estrat\u00e9gica, recursos e cidades inteiras perto das fronteiras e costas dos EUA, ou lucram com a imigra\u00e7\u00e3o ilegal em massa, isso representa uma amea\u00e7a \u00e0 seguran\u00e7a nacional dos EUA e a todos voc\u00eas, \u00e0s Am\u00e9ricas&#8221;, declarou o secret\u00e1rio.<\/p>\n","protected":false},"excerpt":{"rendered":"<p>A inclus\u00e3o da Col\u00f4mbia na nova estrat\u00e9gia de seguran\u00e7a dos Estados Unidos, chamada &#8220;Grande Am\u00e9rica do Norte&#8221;, tem gerado preocupa\u00e7\u00e3o no pa\u00eds sul-americano. A proposta, apresentada pelo secret\u00e1rio de Guerra Pete Hegseth, amplia o conceito de per\u00edmetro estrat\u00e9gico norte-americano e passa a considerar na\u00e7\u00f5es ao norte do Equador como parte de uma mesma zona de [&hellip;]<\/p>\n","protected":false},"author":18,"featured_media":39229,"comment_status":"open","ping_status":"open","sticky":false,"template":"","format":"standard","meta":{"jnews-multi-image_gallery":[],"jnews_single_post":{"format":"standard"},"jnews_primary_category":[],"jnews_social_meta":[],"footnotes":""},"categories":[1],"tags":[],"class_list":["post-39213","post","type-post","status-publish","format-standard","has-post-thumbnail","hentry","category-mix"],"_links":{"self":[{"href":"https:\/\/correiodoestado.audiencelabs.com.br\/wp-json\/wp\/v2\/posts\/39213","targetHints":{"allow":["GET"]}}],"collection":[{"href":"https:\/\/correiodoestado.audiencelabs.com.br\/wp-json\/wp\/v2\/posts"}],"about":[{"href":"https:\/\/correiodoestado.audiencelabs.com.br\/wp-json\/wp\/v2\/types\/post"}],"author":[{"embeddable":true,"href":"https:\/\/correiodoestado.audiencelabs.com.br\/wp-json\/wp\/v2\/users\/18"}],"replies":[{"embeddable":true,"href":"https:\/\/correiodoestado.audiencelabs.com.br\/wp-json\/wp\/v2\/comments?post=39213"}],"version-history":[{"count":1,"href":"https:\/\/correiodoestado.audiencelabs.com.br\/wp-json\/wp\/v2\/posts\/39213\/revisions"}],"predecessor-version":[{"id":39233,"href":"https:\/\/correiodoestado.audiencelabs.com.br\/wp-json\/wp\/v2\/posts\/39213\/revisions\/39233"}],"wp:featuredmedia":[{"embeddable":true,"href":"https:\/\/correiodoestado.audiencelabs.com.br\/wp-json\/wp\/v2\/media\/39229"}],"wp:attachment":[{"href":"https:\/\/correiodoestado.audiencelabs.com.br\/wp-json\/wp\/v2\/media?parent=39213"}],"wp:term":[{"taxonomy":"category","embeddable":true,"href":"https:\/\/correiodoestado.audiencelabs.com.br\/wp-json\/wp\/v2\/categories?post=39213"},{"taxonomy":"post_tag","embeddable":true,"href":"https:\/\/correiodoestado.audiencelabs.com.br\/wp-json\/wp\/v2\/tags?post=39213"}],"curies":[{"name":"wp","href":"https:\/\/api.w.org\/{rel}","templated":true}]}}