{"id":39221,"date":"2026-04-04T07:40:00","date_gmt":"2026-04-04T10:40:00","guid":{"rendered":"https:\/\/correiodoestado.audiencelabs.com.br\/?p=39221"},"modified":"2026-04-02T19:42:42","modified_gmt":"2026-04-02T22:42:42","slug":"duas-aeronaves-de-guerra-do-brasil-serao-destinadas-a-pais-em-conflito-com-os-estados-unidos","status":"publish","type":"post","link":"https:\/\/correiodoestado.audiencelabs.com.br\/duas-aeronaves-de-guerra-do-brasil-serao-destinadas-a-pais-em-conflito-com-os-estados-unidos\/","title":{"rendered":"Duas aeronaves de guerra do Brasil ser\u00e3o destinadas a pa\u00eds em conflito com os Estados Unidos"},"content":{"rendered":"\n<p>Durante uma reuni\u00e3o do Conselho de Ministros, o presidente de um pa\u00eds sul-americano anunciou a compra de duas aeronaves de transporte t\u00e1tico-estrat\u00e9gico Embraer C-390 Millennium, fabricadas no Brasil. Trata-se da Col\u00f4mbia, na\u00e7\u00e3o que vem protagonizando embates com os <a href=\"https:\/\/correiodoestado.com.br\/mix\/onu-faz-alerta-mundial-sobre-a-guerra-entre-estados-unidos-e-ira\/\" target=\"_blank\" rel=\"noopener\">Estados Unidos<\/a>, especialmente ap\u00f3s acusa\u00e7\u00f5es de que o presidente colombiano, Gustavo Petro, teria liga\u00e7\u00f5es com traficantes de drogas.<\/p>\n\n\n\n<p>O fortalecimento da alian\u00e7a com o Brasil tem a finalidade de potencializar as aeronaves dispon\u00edveis em solo colombiano. Na pr\u00e1tica, os ve\u00edculos devem substituir o modelo C-130H Hercules, que est\u00e1 fora de opera\u00e7\u00e3o, aguardando a chegada de pe\u00e7as de reposi\u00e7\u00e3o. Dessa forma, as vers\u00f5es da Embraer ir\u00e3o garantir uma melhor din\u00e2mica em fun\u00e7\u00e3o da For\u00e7a Aeroespacial Colombiana (FAC).<\/p>\n\n\n\n<figure class=\"wp-block-image size-large\"><img loading=\"lazy\" decoding=\"async\" width=\"1024\" height=\"682\" src=\"https:\/\/correiodoestado.audiencelabs.com.br\/wp-content\/uploads\/2026\/04\/WhatsApp-Image-2026-04-01-at-12.23.02-1-1024x682.jpeg\" alt=\"\" class=\"wp-image-39222\" srcset=\"https:\/\/correiodoestado.audiencelabs.com.br\/wp-content\/uploads\/2026\/04\/WhatsApp-Image-2026-04-01-at-12.23.02-1-1024x682.jpeg 1024w, https:\/\/correiodoestado.audiencelabs.com.br\/wp-content\/uploads\/2026\/04\/WhatsApp-Image-2026-04-01-at-12.23.02-1-300x200.jpeg 300w, https:\/\/correiodoestado.audiencelabs.com.br\/wp-content\/uploads\/2026\/04\/WhatsApp-Image-2026-04-01-at-12.23.02-1-768x512.jpeg 768w, https:\/\/correiodoestado.audiencelabs.com.br\/wp-content\/uploads\/2026\/04\/WhatsApp-Image-2026-04-01-at-12.23.02-1-750x500.jpeg 750w, https:\/\/correiodoestado.audiencelabs.com.br\/wp-content\/uploads\/2026\/04\/WhatsApp-Image-2026-04-01-at-12.23.02-1-1140x760.jpeg 1140w, https:\/\/correiodoestado.audiencelabs.com.br\/wp-content\/uploads\/2026\/04\/WhatsApp-Image-2026-04-01-at-12.23.02-1.jpeg 1199w\" sizes=\"auto, (max-width: 1024px) 100vw, 1024px\" \/><figcaption class=\"wp-element-caption\">Cr\u00e9ditos: Ricardo Stuckert\/PR<\/figcaption><\/figure>\n\n\n\n<p>Por outro lado, \u00e9 v\u00e1lido ressaltar que o C-390 Millennium n\u00e3o \u00e9 o \u00fanico modelo cobi\u00e7ado pela Col\u00f4mbia, que projeta novos desembarques. Em resumo, a FAC estuda a possibilidade de tentar negociar a compra de alternativas como o Airbus A400M Atlas e o Lockheed Martin C-130J Super Hercules. Contudo, a aquisi\u00e7\u00e3o ser\u00e1 feita mediante as necessidades estrat\u00e9gicas da na\u00e7\u00e3o.<\/p>\n\n\n\n<h2 class=\"wp-block-heading\">Entrave com os Estados Unidos<\/h2>\n\n\n\n<p>Nas \u00faltimas semanas, promotores federais em Nova York, nos\u00a0Estados Unidos, passaram a investigar o\u00a0presidente da Col\u00f4mbia, Gustavo Petro, por quest\u00f5es envolvendo tr\u00e1fico de drogas\u00a0e narcoterrorismo. A a\u00e7\u00e3o n\u00e3o tem o Chefe de Estado como principal alvo, mas seu nome foi inclu\u00eddo em decorr\u00eancia de outros inqu\u00e9ritos mais abrangentes.<\/p>\n\n\n\n<p>Por outro lado, em fevereiro deste ano, Petro se reuniu com o presidente dos Estados Unidos, Donald Trump, na Casa Branca. A reuni\u00e3o ocorreu ap\u00f3s um ano de trocas de acusa\u00e7\u00f5es p\u00fablicas entre os dois l\u00edderes. Embora as investiga\u00e7\u00f5es estejam em andamento, os pol\u00edticos discutiram estrat\u00e9gias em fun\u00e7\u00e3o do combate ao narcotr\u00e1fico.<\/p>\n\n\n\n<p>O detalhe intrigante \u00e9 que o estadunidense havia feito cr\u00edticas ao colombiano, sugerindo, inclusive, uma a\u00e7\u00e3o militar contra o pa\u00eds da Am\u00e9rica do Sul. Em contrapartida, Gustavo Petro respondeu \u00e0s acusa\u00e7\u00f5es chamando Trump de \u201csenil\u201d e argumentou que as cr\u00edticas eram retalia\u00e7\u00f5es por sua postura em rela\u00e7\u00e3o aos interesses econ\u00f4micos dos Estados Unidos.\u00a0<\/p>\n","protected":false},"excerpt":{"rendered":"<p>A na\u00e7\u00e3o vem protagonizando embates com os Estados Unidos, especialmente ap\u00f3s acusa\u00e7\u00f5es relacionadas \u00e0 liga\u00e7\u00e3o com traficantes de drogas.<\/p>\n","protected":false},"author":8,"featured_media":39223,"comment_status":"open","ping_status":"open","sticky":false,"template":"","format":"standard","meta":{"jnews-multi-image_gallery":[],"jnews_single_post":{"format":"standard"},"jnews_primary_category":[],"jnews_social_meta":[],"footnotes":""},"categories":[1],"tags":[],"class_list":["post-39221","post","type-post","status-publish","format-standard","has-post-thumbnail","hentry","category-mix"],"_links":{"self":[{"href":"https:\/\/correiodoestado.audiencelabs.com.br\/wp-json\/wp\/v2\/posts\/39221","targetHints":{"allow":["GET"]}}],"collection":[{"href":"https:\/\/correiodoestado.audiencelabs.com.br\/wp-json\/wp\/v2\/posts"}],"about":[{"href":"https:\/\/correiodoestado.audiencelabs.com.br\/wp-json\/wp\/v2\/types\/post"}],"author":[{"embeddable":true,"href":"https:\/\/correiodoestado.audiencelabs.com.br\/wp-json\/wp\/v2\/users\/8"}],"replies":[{"embeddable":true,"href":"https:\/\/correiodoestado.audiencelabs.com.br\/wp-json\/wp\/v2\/comments?post=39221"}],"version-history":[{"count":2,"href":"https:\/\/correiodoestado.audiencelabs.com.br\/wp-json\/wp\/v2\/posts\/39221\/revisions"}],"predecessor-version":[{"id":39463,"href":"https:\/\/correiodoestado.audiencelabs.com.br\/wp-json\/wp\/v2\/posts\/39221\/revisions\/39463"}],"wp:featuredmedia":[{"embeddable":true,"href":"https:\/\/correiodoestado.audiencelabs.com.br\/wp-json\/wp\/v2\/media\/39223"}],"wp:attachment":[{"href":"https:\/\/correiodoestado.audiencelabs.com.br\/wp-json\/wp\/v2\/media?parent=39221"}],"wp:term":[{"taxonomy":"category","embeddable":true,"href":"https:\/\/correiodoestado.audiencelabs.com.br\/wp-json\/wp\/v2\/categories?post=39221"},{"taxonomy":"post_tag","embeddable":true,"href":"https:\/\/correiodoestado.audiencelabs.com.br\/wp-json\/wp\/v2\/tags?post=39221"}],"curies":[{"name":"wp","href":"https:\/\/api.w.org\/{rel}","templated":true}]}}