{"id":39264,"date":"2026-04-04T16:15:00","date_gmt":"2026-04-04T19:15:00","guid":{"rendered":"https:\/\/correiodoestado.audiencelabs.com.br\/?p=39264"},"modified":"2026-04-01T16:24:30","modified_gmt":"2026-04-01T19:24:30","slug":"idosos-terao-que-esperar-um-pouquinho-a-mais-para-se-aposentar-em-2026","status":"publish","type":"post","link":"https:\/\/correiodoestado.audiencelabs.com.br\/idosos-terao-que-esperar-um-pouquinho-a-mais-para-se-aposentar-em-2026\/","title":{"rendered":"Idosos ter\u00e3o que esperar um pouquinho a mais para se aposentar em 2026"},"content":{"rendered":"\n<p>Conforme a Reforma da Previd\u00eancia, aprovada em 2019, todos os anos a idade m\u00ednima para que um brasileiro consiga se <a href=\"https:\/\/correiodoestado.com.br\/mix\/lei-que-acabou-de-ser-sancionada-vai-ajudar-profissionais-da-educacao-a-se-aposentarem-mais-cedo\/\" target=\"_blank\" rel=\"noreferrer noopener\">aposentar <\/a>pelo Instituto Nacional do Seguro Social (INSS) sofre reajuste. Na pr\u00e1tica, a cada temporada, a base aumenta seis meses, fa\u00e7anha que liga o sinal de alerta dos trabalhadores que planejam dar entrada no benef\u00edcio previdenci\u00e1rio.<\/p>\n\n\n\n<p>Para oficializar a aposentadoria no ano de 2026, os homens precisam ter, no m\u00ednimo, 64 anos e seis meses, enquanto as mulheres necessitam de 59 anos e seis meses. Por outro lado, \u00e9 v\u00e1lido destacar que o tempo m\u00ednimo de contribui\u00e7\u00e3o permanece inalterado, ou seja, 30 anos para o sexo feminino e 35 anos para o sexo masculino.<\/p>\n\n\n\n<figure class=\"wp-block-image size-large\"><img loading=\"lazy\" decoding=\"async\" width=\"1024\" height=\"613\" src=\"https:\/\/correiodoestado.audiencelabs.com.br\/wp-content\/uploads\/2025\/12\/1066131-1-18022017_pzzb9613-1024x613.webp\" alt=\"\" class=\"wp-image-24460\" srcset=\"https:\/\/correiodoestado.audiencelabs.com.br\/wp-content\/uploads\/2025\/12\/1066131-1-18022017_pzzb9613-1024x613.webp 1024w, https:\/\/correiodoestado.audiencelabs.com.br\/wp-content\/uploads\/2025\/12\/1066131-1-18022017_pzzb9613-300x179.webp 300w, https:\/\/correiodoestado.audiencelabs.com.br\/wp-content\/uploads\/2025\/12\/1066131-1-18022017_pzzb9613-768x459.webp 768w, https:\/\/correiodoestado.audiencelabs.com.br\/wp-content\/uploads\/2025\/12\/1066131-1-18022017_pzzb9613-750x449.webp 750w, https:\/\/correiodoestado.audiencelabs.com.br\/wp-content\/uploads\/2025\/12\/1066131-1-18022017_pzzb9613-1140x682.webp 1140w, https:\/\/correiodoestado.audiencelabs.com.br\/wp-content\/uploads\/2025\/12\/1066131-1-18022017_pzzb9613.webp 1170w\" sizes=\"auto, (max-width: 1024px) 100vw, 1024px\" \/><figcaption class=\"wp-element-caption\">Cr\u00e9ditos: Fabio Rodrigues Pozzebom\/Ag\u00eancia Brasil<\/figcaption><\/figure>\n\n\n\n<p>Na pr\u00e1tica, esses reajustes anuais ser\u00e3o evidenciados at\u00e9 2031 para mulheres e at\u00e9 2027 para homens. Em continuidade, \u00e9 necess\u00e1rio destacar que o crit\u00e9rio dos pontos, que soma a idade ao tempo de contribui\u00e7\u00e3o para a Previd\u00eancia Social, tamb\u00e9m sofreu altera\u00e7\u00e3o. Esse c\u00e1lculo escala um ponto a cada ano, o que estabelece os seguintes crit\u00e9rios em 2026:<\/p>\n\n\n\n<ul class=\"wp-block-list\">\n<li>Mulheres: precisam ter 93 pontos e tempo de contribui\u00e7\u00e3o de 30 anos;<\/li>\n\n\n\n<li>Homens: precisam ter 103 pontos e tempo de contribui\u00e7\u00e3o de 35 anos.<\/li>\n<\/ul>\n\n\n\n<h2 class=\"wp-block-heading\">Mas o que n\u00e3o foi alterado no atual cen\u00e1rio?<\/h2>\n\n\n\n<p>Ainda que muitas mudan\u00e7as tenham sido evidenciadas, alguns cen\u00e1rios s\u00e3o mantidos intactos, fatores comemorados por grande parcela da popula\u00e7\u00e3o brasileira. Uma delas diz respeito ao ped\u00e1gio de 50% para pessoas que, em novembro de 2019, quando a Reforma foi aprovada, estavam a at\u00e9 dois anos de se aposentarem por tempo de contribui\u00e7\u00e3o. <\/p>\n\n\n\n<p>No caso citado acima, \u00e9 necess\u00e1rio apenas que a pessoa contribua com o per\u00edodo que faltava, mais 50% desse per\u00edodo. Por sua vez, n\u00e3o h\u00e1 regra de idade m\u00ednima. Em contrapartida, tem ainda a regra do ped\u00e1gio de 100%, em que \u00e9 necess\u00e1rio trabalhar o dobro do tempo que faltava para se aposentar em 2019. Dessa forma, a idade m\u00ednima \u00e9 de 57 anos para mulheres e 60 anos para homens.<\/p>\n","protected":false},"excerpt":{"rendered":"<p>Conforme a Reforma da Previd\u00eancia, aprovada em 2019, todos os anos a idade m\u00ednima para que um brasileiro consiga se aposentar pelo Instituto Nacional do Seguro Social (INSS) sofre reajuste<\/p>\n","protected":false},"author":8,"featured_media":39266,"comment_status":"open","ping_status":"open","sticky":false,"template":"","format":"standard","meta":{"jnews-multi-image_gallery":[],"jnews_single_post":{"format":"standard"},"jnews_primary_category":[],"jnews_social_meta":[],"footnotes":""},"categories":[1],"tags":[],"class_list":["post-39264","post","type-post","status-publish","format-standard","has-post-thumbnail","hentry","category-mix"],"_links":{"self":[{"href":"https:\/\/correiodoestado.audiencelabs.com.br\/wp-json\/wp\/v2\/posts\/39264","targetHints":{"allow":["GET"]}}],"collection":[{"href":"https:\/\/correiodoestado.audiencelabs.com.br\/wp-json\/wp\/v2\/posts"}],"about":[{"href":"https:\/\/correiodoestado.audiencelabs.com.br\/wp-json\/wp\/v2\/types\/post"}],"author":[{"embeddable":true,"href":"https:\/\/correiodoestado.audiencelabs.com.br\/wp-json\/wp\/v2\/users\/8"}],"replies":[{"embeddable":true,"href":"https:\/\/correiodoestado.audiencelabs.com.br\/wp-json\/wp\/v2\/comments?post=39264"}],"version-history":[{"count":2,"href":"https:\/\/correiodoestado.audiencelabs.com.br\/wp-json\/wp\/v2\/posts\/39264\/revisions"}],"predecessor-version":[{"id":39487,"href":"https:\/\/correiodoestado.audiencelabs.com.br\/wp-json\/wp\/v2\/posts\/39264\/revisions\/39487"}],"wp:featuredmedia":[{"embeddable":true,"href":"https:\/\/correiodoestado.audiencelabs.com.br\/wp-json\/wp\/v2\/media\/39266"}],"wp:attachment":[{"href":"https:\/\/correiodoestado.audiencelabs.com.br\/wp-json\/wp\/v2\/media?parent=39264"}],"wp:term":[{"taxonomy":"category","embeddable":true,"href":"https:\/\/correiodoestado.audiencelabs.com.br\/wp-json\/wp\/v2\/categories?post=39264"},{"taxonomy":"post_tag","embeddable":true,"href":"https:\/\/correiodoestado.audiencelabs.com.br\/wp-json\/wp\/v2\/tags?post=39264"}],"curies":[{"name":"wp","href":"https:\/\/api.w.org\/{rel}","templated":true}]}}