{"id":39287,"date":"2026-04-02T09:24:00","date_gmt":"2026-04-02T12:24:00","guid":{"rendered":"https:\/\/correiodoestado.audiencelabs.com.br\/?p=39287"},"modified":"2026-04-02T09:35:58","modified_gmt":"2026-04-02T12:35:58","slug":"nova-lei-passa-a-exigir-cnh-para-categoria-de-veiculos-que-virou-febre-no-brasil","status":"publish","type":"post","link":"https:\/\/correiodoestado.audiencelabs.com.br\/nova-lei-passa-a-exigir-cnh-para-categoria-de-veiculos-que-virou-febre-no-brasil\/","title":{"rendered":"Nova lei passa a exigir CNH para categoria de ve\u00edculos que virou febre no Brasil"},"content":{"rendered":"\n<p>Por determina\u00e7\u00e3o do Conselho Nacional de Tr\u00e2nsito (Contran), novas diretrizes foram definidas em fun\u00e7\u00e3o do uso de ciclomotores no Brasil. Desde o dia 1\u00ba de janeiro de 2026, os condutores desses ve\u00edculos passaram a ser obrigados a apresentar a <a href=\"https:\/\/correiodoestado.com.br\/mix\/quem-tirou-cnh-com-categoria-b-podera-dirigir-veiculos-que-antes-eram-proibidos\/\" target=\"_blank\" rel=\"noreferrer noopener\">Carteira Nacional de Habilita\u00e7\u00e3o (CNH)<\/a> na categoria A ou uma Autoriza\u00e7\u00e3o para Conduzir Ciclomotor (ACC).<\/p>\n\n\n\n<p>Com o objetivo de regulamentar o uso dos ciclomotores no Brasil, a entidade ainda exige que sejam registrados e licenciados no Renavam. Entendendo a necessidade de colocar a seguran\u00e7a dos condutores em primeiro lugar, o Contran destacou a obrigatoriedade do uso de capacete. Conforme a determina\u00e7\u00e3o, aqueles que desrespeitarem as regras previstas, ser\u00e3o multados.<\/p>\n\n\n\n<figure class=\"wp-block-image size-large\"><img loading=\"lazy\" decoding=\"async\" width=\"1024\" height=\"682\" src=\"https:\/\/correiodoestado.audiencelabs.com.br\/wp-content\/uploads\/2026\/04\/WhatsApp-Image-2026-04-02-at-08.44.51-1-1024x682.jpeg\" alt=\"\" class=\"wp-image-39288\" srcset=\"https:\/\/correiodoestado.audiencelabs.com.br\/wp-content\/uploads\/2026\/04\/WhatsApp-Image-2026-04-02-at-08.44.51-1-1024x682.jpeg 1024w, https:\/\/correiodoestado.audiencelabs.com.br\/wp-content\/uploads\/2026\/04\/WhatsApp-Image-2026-04-02-at-08.44.51-1-300x200.jpeg 300w, https:\/\/correiodoestado.audiencelabs.com.br\/wp-content\/uploads\/2026\/04\/WhatsApp-Image-2026-04-02-at-08.44.51-1-768x512.jpeg 768w, https:\/\/correiodoestado.audiencelabs.com.br\/wp-content\/uploads\/2026\/04\/WhatsApp-Image-2026-04-02-at-08.44.51-1-750x500.jpeg 750w, https:\/\/correiodoestado.audiencelabs.com.br\/wp-content\/uploads\/2026\/04\/WhatsApp-Image-2026-04-02-at-08.44.51-1-1140x760.jpeg 1140w, https:\/\/correiodoestado.audiencelabs.com.br\/wp-content\/uploads\/2026\/04\/WhatsApp-Image-2026-04-02-at-08.44.51-1.jpeg 1199w\" sizes=\"auto, (max-width: 1024px) 100vw, 1024px\" \/><figcaption class=\"wp-element-caption\">Cr\u00e9ditos: Tomaz Silva\/Ag\u00eancia Brasil<\/figcaption><\/figure>\n\n\n\n<p>Para se enquadrar na resolu\u00e7\u00e3o, os ciclomotores devem ter duas ou tr\u00eas rodas com motor de combust\u00e3o interna de at\u00e9 50 cilindradas ou motor el\u00e9trico com pot\u00eancia m\u00e1xima de 4 kW e velocidade de fabrica\u00e7\u00e3o limitada a 50 km\/h. Portanto, caso ultrapassem o teto, s\u00e3o classificados como motocicletas, motonetas ou triciclos, cujas regras est\u00e3o no C\u00f3digo de Tr\u00e2nsito Brasileiro (CTB).<\/p>\n\n\n\n<p>Na pr\u00e1tica, o objetivo das novas diretrizes \u00e9 ofertar seguran\u00e7a a quem est\u00e1 no comando desses ve\u00edculos. Sendo assim, al\u00e9m do capacete, CNH ou ACC, tamb\u00e9m \u00e9 essencial que os ciclomotores possuam outros itens, como far\u00f3is, lanternas de freio, retrovisores e veloc\u00edmetros. Por sua vez, a circula\u00e7\u00e3o torna-se restrita a \u00e1reas com estruturas apropriadas.<\/p>\n\n\n\n<h2 class=\"wp-block-heading\">Implica\u00e7\u00f5es aos condutores<\/h2>\n\n\n\n<p>De acordo com a Resolu\u00e7\u00e3o n\u00ba 996\/2023, conduzir um ciclomotor sem CNH ou sem registro e licenciamento do ve\u00edculo constitui infra\u00e7\u00e3o grav\u00edssima. Nesses casos, o motorista tende a ser multado em R$ 293,47, al\u00e9m de ter o transporte retido ou recolhido ao dep\u00f3sito do Detran. Para evitar dores de cabe\u00e7a maiores, \u00e9 necess\u00e1rio regularizar a situa\u00e7\u00e3o previamente.<\/p>\n","protected":false},"excerpt":{"rendered":"<p>Os condutores desses ve\u00edculos passaram a ser obrigados a apresentarem a Carteira Nacional de Habilita\u00e7\u00e3o (CNH) na categoria A ou uma Autoriza\u00e7\u00e3o para Conduzir Ciclomotor (ACC).<\/p>\n","protected":false},"author":8,"featured_media":38082,"comment_status":"open","ping_status":"open","sticky":false,"template":"","format":"standard","meta":{"jnews-multi-image_gallery":[],"jnews_single_post":{"format":"standard"},"jnews_primary_category":[],"jnews_social_meta":[],"footnotes":""},"categories":[1],"tags":[],"class_list":["post-39287","post","type-post","status-publish","format-standard","has-post-thumbnail","hentry","category-mix"],"_links":{"self":[{"href":"https:\/\/correiodoestado.audiencelabs.com.br\/wp-json\/wp\/v2\/posts\/39287","targetHints":{"allow":["GET"]}}],"collection":[{"href":"https:\/\/correiodoestado.audiencelabs.com.br\/wp-json\/wp\/v2\/posts"}],"about":[{"href":"https:\/\/correiodoestado.audiencelabs.com.br\/wp-json\/wp\/v2\/types\/post"}],"author":[{"embeddable":true,"href":"https:\/\/correiodoestado.audiencelabs.com.br\/wp-json\/wp\/v2\/users\/8"}],"replies":[{"embeddable":true,"href":"https:\/\/correiodoestado.audiencelabs.com.br\/wp-json\/wp\/v2\/comments?post=39287"}],"version-history":[{"count":2,"href":"https:\/\/correiodoestado.audiencelabs.com.br\/wp-json\/wp\/v2\/posts\/39287\/revisions"}],"predecessor-version":[{"id":39306,"href":"https:\/\/correiodoestado.audiencelabs.com.br\/wp-json\/wp\/v2\/posts\/39287\/revisions\/39306"}],"wp:featuredmedia":[{"embeddable":true,"href":"https:\/\/correiodoestado.audiencelabs.com.br\/wp-json\/wp\/v2\/media\/38082"}],"wp:attachment":[{"href":"https:\/\/correiodoestado.audiencelabs.com.br\/wp-json\/wp\/v2\/media?parent=39287"}],"wp:term":[{"taxonomy":"category","embeddable":true,"href":"https:\/\/correiodoestado.audiencelabs.com.br\/wp-json\/wp\/v2\/categories?post=39287"},{"taxonomy":"post_tag","embeddable":true,"href":"https:\/\/correiodoestado.audiencelabs.com.br\/wp-json\/wp\/v2\/tags?post=39287"}],"curies":[{"name":"wp","href":"https:\/\/api.w.org\/{rel}","templated":true}]}}