{"id":39386,"date":"2026-04-03T06:11:00","date_gmt":"2026-04-03T09:11:00","guid":{"rendered":"https:\/\/correiodoestado.audiencelabs.com.br\/?p=39386"},"modified":"2026-04-02T19:11:16","modified_gmt":"2026-04-02T22:11:16","slug":"famoso-supermercado-fecha-as-portas-depois-de-7-meses-em-atividade-e-r-5-milhoes-investidos-para-abrir","status":"publish","type":"post","link":"https:\/\/correiodoestado.audiencelabs.com.br\/famoso-supermercado-fecha-as-portas-depois-de-7-meses-em-atividade-e-r-5-milhoes-investidos-para-abrir\/","title":{"rendered":"Famoso supermercado fecha as portas depois de 7 meses em atividade e R$ 5 milh\u00f5es investidos para abrir"},"content":{"rendered":"\n<p>Projetado para moldar o cen\u00e1rio dos <a href=\"https:\/\/correiodoestado.com.br\/mix\/nova-lei-aprovada-por-lula-permite-que-supermercados-vendam-remedios-igual-farmacias\/\" target=\"_blank\" rel=\"noopener\">supermercados <\/a>em solo catarinense, o Fresco abriu as suas portas para o in\u00edcio das opera\u00e7\u00f5es em agosto de 2025, em Cap\u00e3o da Canoa. No entanto, apesar dos esfor\u00e7os em se manter de p\u00e9, o empreendimento n\u00e3o conseguiu se sustentar, anunciando o fim de suas atividades. Por consequ\u00eancia, viu seu imp\u00e9rio de R$ 5 milh\u00f5es ruir em apenas sete meses de atua\u00e7\u00e3o no segmento.<\/p>\n\n\n\n<p>A decis\u00e3o de finalizar as opera\u00e7\u00f5es pegou os clientes de surpresa, especialmente por n\u00e3o ter sido entregue uma justificativa para o protocolo. O que se sabe \u00e9 que o ambiente costumava ser um supermercado Althoff, rede de Santa Catarina que entrou em recupera\u00e7\u00e3o judicial. Por sua vez, para assumir a \u00e1rea, o propriet\u00e1rio, Marcos Beck, realizou diversas reformas, ganhando pra\u00e7a de alimenta\u00e7\u00e3o e espa\u00e7o para crian\u00e7as.<\/p>\n\n\n\n<figure class=\"wp-block-image size-large\"><img loading=\"lazy\" decoding=\"async\" width=\"1024\" height=\"630\" src=\"https:\/\/correiodoestado.audiencelabs.com.br\/wp-content\/uploads\/2026\/04\/WhatsApp-Image-2026-04-02-at-14.57.39-1-1024x630.jpeg\" alt=\"\" class=\"wp-image-39390\" srcset=\"https:\/\/correiodoestado.audiencelabs.com.br\/wp-content\/uploads\/2026\/04\/WhatsApp-Image-2026-04-02-at-14.57.39-1-1024x630.jpeg 1024w, https:\/\/correiodoestado.audiencelabs.com.br\/wp-content\/uploads\/2026\/04\/WhatsApp-Image-2026-04-02-at-14.57.39-1-300x185.jpeg 300w, https:\/\/correiodoestado.audiencelabs.com.br\/wp-content\/uploads\/2026\/04\/WhatsApp-Image-2026-04-02-at-14.57.39-1-768x472.jpeg 768w, https:\/\/correiodoestado.audiencelabs.com.br\/wp-content\/uploads\/2026\/04\/WhatsApp-Image-2026-04-02-at-14.57.39-1-750x461.jpeg 750w, https:\/\/correiodoestado.audiencelabs.com.br\/wp-content\/uploads\/2026\/04\/WhatsApp-Image-2026-04-02-at-14.57.39-1-1140x701.jpeg 1140w, https:\/\/correiodoestado.audiencelabs.com.br\/wp-content\/uploads\/2026\/04\/WhatsApp-Image-2026-04-02-at-14.57.39-1.jpeg 1200w\" sizes=\"auto, (max-width: 1024px) 100vw, 1024px\" \/><figcaption class=\"wp-element-caption\">Cr\u00e9ditos: Divulga\u00e7\u00e3o\/Fresc\u00f3<\/figcaption><\/figure>\n\n\n\n<p>&#8220;Informamos que a unidade do Fresco Supermercados em Cap\u00e3o da Canoa encerrou suas atividades. Agradecemos de cora\u00e7\u00e3o a todos os clientes, colaboradores e parceiros que fizeram parte da nossa hist\u00f3ria aqui. Seguimos atendendo normalmente em nossas demais unidades! Agradecemos pela compreens\u00e3o&#8221;, diz a nota emitida pela empresa.<\/p>\n\n\n\n<h2 class=\"wp-block-heading\">Supermercado permanece em opera\u00e7\u00e3o<\/h2>\n\n\n\n<p>A unidade em Cap\u00e3o da Canoa configurava como a quinta loja da marca, marcando a estreia do empreendimento no litoral catarinense. Apesar da interrup\u00e7\u00e3o dos servi\u00e7os na cidade, \u00e9 v\u00e1lido destacar que as atividades seguem em evid\u00eancia em Porto Alegre e Viam\u00e3o. No mais, a Fresco anunciou que pretendia abrir mais quatro estabelecimentos e dois atacados at\u00e9 2028, mas n\u00e3o se sabe se os planos ser\u00e3o mantidos.<\/p>\n\n\n\n<p><strong>Onde encontrar uma rede?<\/strong><\/p>\n\n\n\n<ul class=\"wp-block-list\">\n<li>R. Guadalajara, 154, Esmeralda &#8211; Viam\u00e3o\/RS;<\/li>\n\n\n\n<li>R. Berico Jos\u00e9 Bernardes, 1330, S\u00e3o Tom\u00e9 &#8211; Viam\u00e3o\/RS;<\/li>\n\n\n\n<li>Av. Senador Salgado Filho, 3741, Viam\u00f3polis &#8211; Viam\u00e3o\/RS;<\/li>\n\n\n\n<li>Av. Prot\u00e1sio Alves, 8828, Morro Santana &#8211; Porto Alegre\/RS.<\/li>\n<\/ul>\n","protected":false},"excerpt":{"rendered":"<p>Outrora inaugurado em agosto de 2025, supermercado surpreende ao anunciar fim das opera\u00e7\u00f5es. Entenda o que pode ter acontecido <\/p>\n","protected":false},"author":8,"featured_media":37225,"comment_status":"open","ping_status":"open","sticky":false,"template":"","format":"standard","meta":{"jnews-multi-image_gallery":[],"jnews_single_post":{"format":"standard"},"jnews_primary_category":[],"jnews_social_meta":[],"footnotes":""},"categories":[1],"tags":[],"class_list":["post-39386","post","type-post","status-publish","format-standard","has-post-thumbnail","hentry","category-mix"],"_links":{"self":[{"href":"https:\/\/correiodoestado.audiencelabs.com.br\/wp-json\/wp\/v2\/posts\/39386","targetHints":{"allow":["GET"]}}],"collection":[{"href":"https:\/\/correiodoestado.audiencelabs.com.br\/wp-json\/wp\/v2\/posts"}],"about":[{"href":"https:\/\/correiodoestado.audiencelabs.com.br\/wp-json\/wp\/v2\/types\/post"}],"author":[{"embeddable":true,"href":"https:\/\/correiodoestado.audiencelabs.com.br\/wp-json\/wp\/v2\/users\/8"}],"replies":[{"embeddable":true,"href":"https:\/\/correiodoestado.audiencelabs.com.br\/wp-json\/wp\/v2\/comments?post=39386"}],"version-history":[{"count":2,"href":"https:\/\/correiodoestado.audiencelabs.com.br\/wp-json\/wp\/v2\/posts\/39386\/revisions"}],"predecessor-version":[{"id":39434,"href":"https:\/\/correiodoestado.audiencelabs.com.br\/wp-json\/wp\/v2\/posts\/39386\/revisions\/39434"}],"wp:featuredmedia":[{"embeddable":true,"href":"https:\/\/correiodoestado.audiencelabs.com.br\/wp-json\/wp\/v2\/media\/37225"}],"wp:attachment":[{"href":"https:\/\/correiodoestado.audiencelabs.com.br\/wp-json\/wp\/v2\/media?parent=39386"}],"wp:term":[{"taxonomy":"category","embeddable":true,"href":"https:\/\/correiodoestado.audiencelabs.com.br\/wp-json\/wp\/v2\/categories?post=39386"},{"taxonomy":"post_tag","embeddable":true,"href":"https:\/\/correiodoestado.audiencelabs.com.br\/wp-json\/wp\/v2\/tags?post=39386"}],"curies":[{"name":"wp","href":"https:\/\/api.w.org\/{rel}","templated":true}]}}