{"id":39734,"date":"2026-04-08T05:06:00","date_gmt":"2026-04-08T08:06:00","guid":{"rendered":"https:\/\/correiodoestado.audiencelabs.com.br\/?p=39734"},"modified":"2026-04-07T13:27:43","modified_gmt":"2026-04-07T16:27:43","slug":"mudanca-no-fgts-vai-fazer-trabalhadores-pularem-de-alegria-com-dinheiro-a-mais","status":"publish","type":"post","link":"https:\/\/correiodoestado.audiencelabs.com.br\/mudanca-no-fgts-vai-fazer-trabalhadores-pularem-de-alegria-com-dinheiro-a-mais\/","title":{"rendered":"Mudan\u00e7a no FGTS vai fazer trabalhadores pularem de alegria com dinheiro a mais"},"content":{"rendered":"\n<p>Um novo projeto de lei est\u00e1 em tramita\u00e7\u00e3o na\u00a0C\u00e2mara dos Deputados\u00a0e promete alterar o modo como a corre\u00e7\u00e3o do <a href=\"https:\/\/correiodoestado.com.br\/mix\/trabalhador-clt-tem-direito-a-outro-beneficio-alem-do-fgts-e-13o-salario-em-2026\/\" target=\"_blank\" rel=\"noopener\">Fundo de Garantia do Tempo de Servi\u00e7o (FGTS)<\/a> \u00e9 realizada. Diante do cen\u00e1rio montado, que requer ainda aprova\u00e7\u00f5es de outros segmentos, a medida vai impactar diretamente o saldo de milh\u00f5es de trabalhadores brasileiros.<\/p>\n\n\n\n<p>De autoria do deputado\u00a0Albuquerque\u00a0(Republicanos-RR), a proposta em an\u00e1lise modifica a Lei n\u00ba 8.036\/1990 a fim de estabelecer que os dep\u00f3sitos nas contas do FGTS passem a ser corrigidos integralmente pela infla\u00e7\u00e3o oficial do Brasil, medida pelo\u00a0\u00cdndice Nacional de Pre\u00e7os ao Consumidor Amplo (IPCA).<\/p>\n\n\n\n<figure class=\"wp-block-image size-large\"><img loading=\"lazy\" decoding=\"async\" width=\"1024\" height=\"631\" src=\"https:\/\/correiodoestado.audiencelabs.com.br\/wp-content\/uploads\/2026\/04\/img20260303163826049-768x473-1-1024x631.jpg\" alt=\"\" class=\"wp-image-39735\" srcset=\"https:\/\/correiodoestado.audiencelabs.com.br\/wp-content\/uploads\/2026\/04\/img20260303163826049-768x473-1-1024x631.jpg 1024w, https:\/\/correiodoestado.audiencelabs.com.br\/wp-content\/uploads\/2026\/04\/img20260303163826049-768x473-1-300x185.jpg 300w, https:\/\/correiodoestado.audiencelabs.com.br\/wp-content\/uploads\/2026\/04\/img20260303163826049-768x473-1-768x473.jpg 768w, https:\/\/correiodoestado.audiencelabs.com.br\/wp-content\/uploads\/2026\/04\/img20260303163826049-768x473-1-750x462.jpg 750w, https:\/\/correiodoestado.audiencelabs.com.br\/wp-content\/uploads\/2026\/04\/img20260303163826049-768x473-1-1140x702.jpg 1140w, https:\/\/correiodoestado.audiencelabs.com.br\/wp-content\/uploads\/2026\/04\/img20260303163826049-768x473-1.jpg 1200w\" sizes=\"auto, (max-width: 1024px) 100vw, 1024px\" \/><figcaption class=\"wp-element-caption\">Cr\u00e9ditos: Bruno Spada\/C\u00e2mara dos Deputados<\/figcaption><\/figure>\n\n\n\n<p>Para uma melhor compreens\u00e3o do que est\u00e1 em jogo, atualmente, a corre\u00e7\u00e3o usa como base a\u00a0Taxa Referencial, que historicamente fica abaixo da infla\u00e7\u00e3o. Como resultado, existem perdas reais para os trabalhadores ao longo do tempo. Conforme o PL, al\u00e9m da atualiza\u00e7\u00e3o pelo IPCA, os valores continuar\u00e3o sendo acrescidos de juros de 3% ao ano.<\/p>\n\n\n\n<p>\u201cEsta proposta estabelece as bases para um Fundo de Garantia do Tempo de Servi\u00e7o moderno, sustent\u00e1vel e, acima de tudo, respeitoso com os direitos dos trabalhadores\u201d, defendeu o deputado. Por outro lado, o representante dos Republicanos enfatiza que o projeto visa eliminar essa depend\u00eancia ao fixar o IPCA como indexador direto, garantindo previsibilidade e prote\u00e7\u00e3o imediata ao trabalhador.<\/p>\n\n\n\n<h2 class=\"wp-block-heading\">O FGTS ser\u00e1 comprometido?<\/h2>\n\n\n\n<p>Embora o Projeto de Lei tenha ganhado repercuss\u00e3o na imprensa brasileira, os brasileiros n\u00e3o devem ligar o sinal de alerta de forma imediata. Isso porque a proposta ser\u00e1 analisada em car\u00e1ter conclusivo pelas comiss\u00f5es de Trabalho; de Finan\u00e7as e Tributa\u00e7\u00e3o; e de Constitui\u00e7\u00e3o, Justi\u00e7a e de Cidadania. No mais, para tornar-se lei, ter\u00e1 de ser aprovado pela C\u00e2mara e pelo Senado.<\/p>\n","protected":false},"excerpt":{"rendered":"<p>Um novo projeto de lei est\u00e1 em tramita\u00e7\u00e3o na\u00a0C\u00e2mara dos Deputados\u00a0e promete alterar o modo como a corre\u00e7\u00e3o do Fundo de Garantia do Tempo de Servi\u00e7o (FGTS) \u00e9 realizada<\/p>\n","protected":false},"author":8,"featured_media":39737,"comment_status":"open","ping_status":"open","sticky":false,"template":"","format":"standard","meta":{"jnews-multi-image_gallery":[],"jnews_single_post":{"format":"standard"},"jnews_primary_category":[],"jnews_social_meta":[],"footnotes":""},"categories":[1],"tags":[],"class_list":["post-39734","post","type-post","status-publish","format-standard","has-post-thumbnail","hentry","category-mix"],"_links":{"self":[{"href":"https:\/\/correiodoestado.audiencelabs.com.br\/wp-json\/wp\/v2\/posts\/39734","targetHints":{"allow":["GET"]}}],"collection":[{"href":"https:\/\/correiodoestado.audiencelabs.com.br\/wp-json\/wp\/v2\/posts"}],"about":[{"href":"https:\/\/correiodoestado.audiencelabs.com.br\/wp-json\/wp\/v2\/types\/post"}],"author":[{"embeddable":true,"href":"https:\/\/correiodoestado.audiencelabs.com.br\/wp-json\/wp\/v2\/users\/8"}],"replies":[{"embeddable":true,"href":"https:\/\/correiodoestado.audiencelabs.com.br\/wp-json\/wp\/v2\/comments?post=39734"}],"version-history":[{"count":1,"href":"https:\/\/correiodoestado.audiencelabs.com.br\/wp-json\/wp\/v2\/posts\/39734\/revisions"}],"predecessor-version":[{"id":39738,"href":"https:\/\/correiodoestado.audiencelabs.com.br\/wp-json\/wp\/v2\/posts\/39734\/revisions\/39738"}],"wp:featuredmedia":[{"embeddable":true,"href":"https:\/\/correiodoestado.audiencelabs.com.br\/wp-json\/wp\/v2\/media\/39737"}],"wp:attachment":[{"href":"https:\/\/correiodoestado.audiencelabs.com.br\/wp-json\/wp\/v2\/media?parent=39734"}],"wp:term":[{"taxonomy":"category","embeddable":true,"href":"https:\/\/correiodoestado.audiencelabs.com.br\/wp-json\/wp\/v2\/categories?post=39734"},{"taxonomy":"post_tag","embeddable":true,"href":"https:\/\/correiodoestado.audiencelabs.com.br\/wp-json\/wp\/v2\/tags?post=39734"}],"curies":[{"name":"wp","href":"https:\/\/api.w.org\/{rel}","templated":true}]}}