{"id":39818,"date":"2026-04-08T16:35:00","date_gmt":"2026-04-08T19:35:00","guid":{"rendered":"https:\/\/correiodoestado.audiencelabs.com.br\/?p=39818"},"modified":"2026-04-08T17:40:23","modified_gmt":"2026-04-08T20:40:23","slug":"maes-com-filhos-de-ate-6-anos-podem-receber-bonus-superior-a-r-150-do-bolsa-familia","status":"publish","type":"post","link":"https:\/\/correiodoestado.audiencelabs.com.br\/maes-com-filhos-de-ate-6-anos-podem-receber-bonus-superior-a-r-150-do-bolsa-familia\/","title":{"rendered":"M\u00e3es com filhos de at\u00e9 6 anos podem receber b\u00f4nus superior a R$ 150 do Bolsa Fam\u00edlia"},"content":{"rendered":"\n<p>M\u00e3es de crian\u00e7as de at\u00e9 6 anos inscritas no programa social Bolsa Fam\u00edlia podem receber um valor extra mensal por meio do Benef\u00edcio Primeira Inf\u00e2ncia. O adicional foi criado para refor\u00e7ar a renda familiar em uma fase decisiva do desenvolvimento infantil, per\u00edodo em que os gastos com alimenta\u00e7\u00e3o, sa\u00fade e cuidados b\u00e1sicos costumam ser mais elevados.<\/p>\n\n\n\n<p>O benef\u00edcio garante R$ 150 por m\u00eas para cada crian\u00e7a nessa faixa et\u00e1ria. Na pr\u00e1tica, isso permite um aumento significativo no valor total recebido pelas fam\u00edlias. Em lares com duas ou mais crian\u00e7as pequenas, o adicional pode elevar consideravelmente a renda mensal, ajudando a cobrir despesas essenciais e oferecendo mais seguran\u00e7a financeira no dia a dia.<\/p>\n\n\n\n<figure class=\"wp-block-gallery has-nested-images columns-default is-cropped wp-block-gallery-1 is-layout-flex wp-block-gallery-is-layout-flex\">\n<figure class=\"wp-block-image size-large\"><img loading=\"lazy\" decoding=\"async\" width=\"1024\" height=\"613\" data-id=\"33815\" src=\"https:\/\/correiodoestado.audiencelabs.com.br\/wp-content\/uploads\/2026\/02\/53628072030_5dffa3859b_o-1024x613.webp\" alt=\"\" class=\"wp-image-33815\" srcset=\"https:\/\/correiodoestado.audiencelabs.com.br\/wp-content\/uploads\/2026\/02\/53628072030_5dffa3859b_o-1024x613.webp 1024w, https:\/\/correiodoestado.audiencelabs.com.br\/wp-content\/uploads\/2026\/02\/53628072030_5dffa3859b_o-300x179.webp 300w, https:\/\/correiodoestado.audiencelabs.com.br\/wp-content\/uploads\/2026\/02\/53628072030_5dffa3859b_o-768x459.webp 768w, https:\/\/correiodoestado.audiencelabs.com.br\/wp-content\/uploads\/2026\/02\/53628072030_5dffa3859b_o-750x449.webp 750w, https:\/\/correiodoestado.audiencelabs.com.br\/wp-content\/uploads\/2026\/02\/53628072030_5dffa3859b_o-1140x682.webp 1140w, https:\/\/correiodoestado.audiencelabs.com.br\/wp-content\/uploads\/2026\/02\/53628072030_5dffa3859b_o.webp 1170w\" sizes=\"auto, (max-width: 1024px) 100vw, 1024px\" \/><figcaption class=\"wp-element-caption\">Cr\u00e9ditos: Lyon Santos\/MDS<\/figcaption><\/figure>\n<\/figure>\n\n\n\n<p>Para ter acesso ao valor, n\u00e3o \u00e9 necess\u00e1rio fazer um pedido espec\u00edfico. O pagamento ocorre automaticamente, desde que a fam\u00edlia esteja com cadastro ativo e atualizado no Cadastro \u00danico, o Cad\u00danico. A inclus\u00e3o correta das crian\u00e7as, com dados completos e atualizados, \u00e9 fundamental para que o c\u00e1lculo do benef\u00edcio seja realizado de forma correta.<\/p>\n\n\n\n<h2 class=\"wp-block-heading\">Valor extra \u00e9 pago \u00e0s m\u00e3es do Bolsa Fam\u00edlia<\/h2>\n\n\n\n<p>Tamb\u00e9m \u00e9 obrigat\u00f3rio cumprir as chamadas condicionalidades do programa. Entre elas est\u00e3o a vacina\u00e7\u00e3o em dia, o acompanhamento regular de sa\u00fade e a frequ\u00eancia escolar m\u00ednima das crian\u00e7as. O descumprimento dessas exig\u00eancias pode levar ao bloqueio, suspens\u00e3o ou at\u00e9 cancelamento do benef\u00edcio, o que refor\u00e7a a import\u00e2ncia do acompanhamento pelas fam\u00edlias.<\/p>\n\n\n\n<p>O adicional da Primeira Inf\u00e2ncia n\u00e3o substitui o valor base do Bolsa Fam\u00edlia, mas funciona como um complemento que se soma ao benef\u00edcio principal. Por isso, manter o cadastro atualizado e informar mudan\u00e7as na composi\u00e7\u00e3o familiar, como o nascimento de novos filhos, \u00e9 essencial. Em muitos casos, esse valor extra faz diferen\u00e7a direta no or\u00e7amento e contribui para oferecer um melhor desenvolvimento \u00e0s crian\u00e7as.<\/p>\n","protected":false},"excerpt":{"rendered":"<p>M\u00e3es de crian\u00e7as de at\u00e9 6 anos inscritas no programa social Bolsa Fam\u00edlia podem receber um valor extra mensal por meio do Benef\u00edcio Primeira Inf\u00e2ncia. O adicional foi criado para refor\u00e7ar a renda familiar em uma fase decisiva do desenvolvimento infantil, per\u00edodo em que os gastos com alimenta\u00e7\u00e3o, sa\u00fade e cuidados b\u00e1sicos costumam ser mais [&hellip;]<\/p>\n","protected":false},"author":18,"featured_media":29901,"comment_status":"open","ping_status":"open","sticky":false,"template":"","format":"standard","meta":{"jnews-multi-image_gallery":[],"jnews_single_post":{"format":"standard"},"jnews_primary_category":[],"jnews_social_meta":[],"footnotes":""},"categories":[1],"tags":[],"class_list":["post-39818","post","type-post","status-publish","format-standard","has-post-thumbnail","hentry","category-mix"],"_links":{"self":[{"href":"https:\/\/correiodoestado.audiencelabs.com.br\/wp-json\/wp\/v2\/posts\/39818","targetHints":{"allow":["GET"]}}],"collection":[{"href":"https:\/\/correiodoestado.audiencelabs.com.br\/wp-json\/wp\/v2\/posts"}],"about":[{"href":"https:\/\/correiodoestado.audiencelabs.com.br\/wp-json\/wp\/v2\/types\/post"}],"author":[{"embeddable":true,"href":"https:\/\/correiodoestado.audiencelabs.com.br\/wp-json\/wp\/v2\/users\/18"}],"replies":[{"embeddable":true,"href":"https:\/\/correiodoestado.audiencelabs.com.br\/wp-json\/wp\/v2\/comments?post=39818"}],"version-history":[{"count":1,"href":"https:\/\/correiodoestado.audiencelabs.com.br\/wp-json\/wp\/v2\/posts\/39818\/revisions"}],"predecessor-version":[{"id":39833,"href":"https:\/\/correiodoestado.audiencelabs.com.br\/wp-json\/wp\/v2\/posts\/39818\/revisions\/39833"}],"wp:featuredmedia":[{"embeddable":true,"href":"https:\/\/correiodoestado.audiencelabs.com.br\/wp-json\/wp\/v2\/media\/29901"}],"wp:attachment":[{"href":"https:\/\/correiodoestado.audiencelabs.com.br\/wp-json\/wp\/v2\/media?parent=39818"}],"wp:term":[{"taxonomy":"category","embeddable":true,"href":"https:\/\/correiodoestado.audiencelabs.com.br\/wp-json\/wp\/v2\/categories?post=39818"},{"taxonomy":"post_tag","embeddable":true,"href":"https:\/\/correiodoestado.audiencelabs.com.br\/wp-json\/wp\/v2\/tags?post=39818"}],"curies":[{"name":"wp","href":"https:\/\/api.w.org\/{rel}","templated":true}]}}