{"id":39945,"date":"2026-04-09T10:02:00","date_gmt":"2026-04-09T13:02:00","guid":{"rendered":"https:\/\/correiodoestado.audiencelabs.com.br\/?p=39945"},"modified":"2026-04-09T09:05:00","modified_gmt":"2026-04-09T12:05:00","slug":"corinthians-atende-1o-pedido-de-diniz-e-contrata-reforco-que-estava-no-vasco","status":"publish","type":"post","link":"https:\/\/correiodoestado.audiencelabs.com.br\/corinthians-atende-1o-pedido-de-diniz-e-contrata-reforco-que-estava-no-vasco\/","title":{"rendered":"Corinthians atende 1\u00ba pedido de Diniz e contrata refor\u00e7o que estava no Vasco"},"content":{"rendered":"\n<p>O Corinthians avan\u00e7ou na reformula\u00e7\u00e3o de sua comiss\u00e3o t\u00e9cnica e acertou a contrata\u00e7\u00e3o do analista de desempenho Lucas Vergne, que estava a servi\u00e7o de um rival da S\u00e9rie A do Campeonato Brasileiro: o Vasco da Gama. A chegada do profissional ao clube paulista ocorre por indica\u00e7\u00e3o direta do t\u00e9cnico Fernando Diniz, anunciado pelo time alvinegro nesta semana ap\u00f3s a demiss\u00e3o de Dorival J\u00fanior.<\/p>\n\n\n\n<p>Vergne ser\u00e1 o terceiro nome da nova comiss\u00e3o t\u00e9cnica corintiana, que j\u00e1 conta com o auxiliar L\u00e9o Porto e o preparador f\u00edsico Wagner Bertelli. A montagem do grupo segue a linha de trabalho de Diniz, que prioriza profissionais de confian\u00e7a e com experi\u00eancia pr\u00e9via ao seu lado.<\/p>\n\n\n\n<figure class=\"wp-block-gallery has-nested-images columns-default is-cropped wp-block-gallery-1 is-layout-flex wp-block-gallery-is-layout-flex\">\n<figure class=\"wp-block-image size-large\"><img loading=\"lazy\" decoding=\"async\" width=\"1024\" height=\"576\" data-id=\"39950\" src=\"https:\/\/correiodoestado.audiencelabs.com.br\/wp-content\/uploads\/2026\/04\/fernando-diniz-foto-rodrigo-coca-agencia-corinthians-1_20260407062137-1-1024x576.jpg\" alt=\"\" class=\"wp-image-39950\" srcset=\"https:\/\/correiodoestado.audiencelabs.com.br\/wp-content\/uploads\/2026\/04\/fernando-diniz-foto-rodrigo-coca-agencia-corinthians-1_20260407062137-1-1024x576.jpg 1024w, https:\/\/correiodoestado.audiencelabs.com.br\/wp-content\/uploads\/2026\/04\/fernando-diniz-foto-rodrigo-coca-agencia-corinthians-1_20260407062137-1-300x169.jpg 300w, https:\/\/correiodoestado.audiencelabs.com.br\/wp-content\/uploads\/2026\/04\/fernando-diniz-foto-rodrigo-coca-agencia-corinthians-1_20260407062137-1-768x432.jpg 768w, https:\/\/correiodoestado.audiencelabs.com.br\/wp-content\/uploads\/2026\/04\/fernando-diniz-foto-rodrigo-coca-agencia-corinthians-1_20260407062137-1-750x422.jpg 750w, https:\/\/correiodoestado.audiencelabs.com.br\/wp-content\/uploads\/2026\/04\/fernando-diniz-foto-rodrigo-coca-agencia-corinthians-1_20260407062137-1-1140x641.jpg 1140w, https:\/\/correiodoestado.audiencelabs.com.br\/wp-content\/uploads\/2026\/04\/fernando-diniz-foto-rodrigo-coca-agencia-corinthians-1_20260407062137-1.jpg 1244w\" sizes=\"auto, (max-width: 1024px) 100vw, 1024px\" \/><figcaption class=\"wp-element-caption\">Cr\u00e9ditos: Rodrigo Coca\/Ag\u00eancia Corinthians <\/figcaption><\/figure>\n<\/figure>\n\n\n\n<p>Ap\u00f3s quase nove anos no clube carioca, Vergne encerra um ciclo relevante no Vasco. Ele integrou o departamento de an\u00e1lise de desempenho desde 2017 e assumiu a chefia do setor em 2021. Seu \u00faltimo trabalho foi na prepara\u00e7\u00e3o da equipe para o empate sem gols contra o Barracas Central, pela 1\u00aa rodada da fase de grupos da Copa Sul-Americana, em partida disputada na Argentina.<\/p>\n\n\n\n<h2 class=\"wp-block-heading\">Corinthians acerta a contrata\u00e7\u00e3o de profissional que estava no Vasco<\/h2>\n\n\n\n<p>Al\u00e9m da trajet\u00f3ria no Vasco, o profissional acumulou experi\u00eancia na Sele\u00e7\u00e3o Brasileira Zub-20, onde participou das campanhas vitoriosas no Sul-Americano da categoria em 2023 e 2025. Ele tamb\u00e9m j\u00e1 havia trabalhado com Fernando Diniz em duas passagens pelo clube cruz-maltino, incluindo o per\u00edodo recente que terminou com o vice-campeonato da Copa do Brasil, justamente diante do Corinthians.<\/p>\n\n\n\n<p>A transfer\u00eancia para o time de Itaquera foi motivada por novos desafios profissionais e por uma proposta financeira mais atrativa. Diferentemente de Vergne, Bruno Lazaroni optou por recusar o convite para integrar a comiss\u00e3o t\u00e9cnica de Diniz, decis\u00e3o influenciada por quest\u00f5es familiares e pela boa rela\u00e7\u00e3o constru\u00edda com a diretoria vasca\u00edna, especialmente com o presidente Pedrinho.<\/p>\n","protected":false},"excerpt":{"rendered":"<p>O Corinthians avan\u00e7ou na reformula\u00e7\u00e3o de sua comiss\u00e3o t\u00e9cnica e acertou a contrata\u00e7\u00e3o do analista de desempenho Lucas Vergne, que estava a servi\u00e7o de um rival da S\u00e9rie A do Campeonato Brasileiro: o Vasco da Gama. A chegada do profissional ao clube paulista ocorre por indica\u00e7\u00e3o direta do t\u00e9cnico Fernando Diniz, anunciado pelo time alvinegro [&hellip;]<\/p>\n","protected":false},"author":18,"featured_media":39947,"comment_status":"open","ping_status":"open","sticky":false,"template":"","format":"standard","meta":{"jnews-multi-image_gallery":[],"jnews_single_post":{"format":"standard"},"jnews_primary_category":[],"jnews_social_meta":[],"footnotes":""},"categories":[1],"tags":[],"class_list":["post-39945","post","type-post","status-publish","format-standard","has-post-thumbnail","hentry","category-mix"],"_links":{"self":[{"href":"https:\/\/correiodoestado.audiencelabs.com.br\/wp-json\/wp\/v2\/posts\/39945","targetHints":{"allow":["GET"]}}],"collection":[{"href":"https:\/\/correiodoestado.audiencelabs.com.br\/wp-json\/wp\/v2\/posts"}],"about":[{"href":"https:\/\/correiodoestado.audiencelabs.com.br\/wp-json\/wp\/v2\/types\/post"}],"author":[{"embeddable":true,"href":"https:\/\/correiodoestado.audiencelabs.com.br\/wp-json\/wp\/v2\/users\/18"}],"replies":[{"embeddable":true,"href":"https:\/\/correiodoestado.audiencelabs.com.br\/wp-json\/wp\/v2\/comments?post=39945"}],"version-history":[{"count":1,"href":"https:\/\/correiodoestado.audiencelabs.com.br\/wp-json\/wp\/v2\/posts\/39945\/revisions"}],"predecessor-version":[{"id":39952,"href":"https:\/\/correiodoestado.audiencelabs.com.br\/wp-json\/wp\/v2\/posts\/39945\/revisions\/39952"}],"wp:featuredmedia":[{"embeddable":true,"href":"https:\/\/correiodoestado.audiencelabs.com.br\/wp-json\/wp\/v2\/media\/39947"}],"wp:attachment":[{"href":"https:\/\/correiodoestado.audiencelabs.com.br\/wp-json\/wp\/v2\/media?parent=39945"}],"wp:term":[{"taxonomy":"category","embeddable":true,"href":"https:\/\/correiodoestado.audiencelabs.com.br\/wp-json\/wp\/v2\/categories?post=39945"},{"taxonomy":"post_tag","embeddable":true,"href":"https:\/\/correiodoestado.audiencelabs.com.br\/wp-json\/wp\/v2\/tags?post=39945"}],"curies":[{"name":"wp","href":"https:\/\/api.w.org\/{rel}","templated":true}]}}