{"id":40623,"date":"2026-05-01T19:10:06","date_gmt":"2026-05-01T22:10:06","guid":{"rendered":"https:\/\/correiodoestado.audiencelabs.com.br\/?p=40623"},"modified":"2026-04-27T08:40:06","modified_gmt":"2026-04-27T11:40:06","slug":"cientistas-estao-desenvolvendo-pilula-capaz-de-devolver-a-cor-original-dos-cabelos-depois-que-ficam-brancos","status":"publish","type":"post","link":"https:\/\/correiodoestado.audiencelabs.com.br\/cientistas-estao-desenvolvendo-pilula-capaz-de-devolver-a-cor-original-dos-cabelos-depois-que-ficam-brancos\/","title":{"rendered":"Cientistas est\u00e3o desenvolvendo p\u00edlula capaz de devolver a cor original dos cabelos depois que ficam brancos"},"content":{"rendered":"\n<p>Pesquisas cient\u00edficas que est\u00e3o sendo realizadas em diferentes pa\u00edses avan\u00e7am na tentativa de reverter o embranquecimento dos cabelos, um processo associado ao envelhecimento do ser humano. O que antes parecia imposs\u00edvel j\u00e1 come\u00e7a a ganhar espa\u00e7o em laborat\u00f3rios, com estudos focados em recuperar a cor natural dos fios a partir de interven\u00e7\u00f5es biol\u00f3gicas.<\/p>\n\n\n\n<p>O surgimento dos cabelos brancos est\u00e1 ligado \u00e0 redu\u00e7\u00e3o da produ\u00e7\u00e3o de melanina, pigmento respons\u00e1vel pela cor dos fios. Esse fen\u00f4meno ocorre quando os melan\u00f3citos, c\u00e9lulas respons\u00e1veis pela produ\u00e7\u00e3o da melanina, perdem sua fun\u00e7\u00e3o ao longo do tempo. No entanto, pesquisas recentes indicam que, em alguns casos, essas c\u00e9lulas n\u00e3o desaparecem completamente, pois apenas entram em estado de inatividade.<\/p>\n\n\n\n<figure class=\"wp-block-gallery has-nested-images columns-default is-cropped wp-block-gallery-1 is-layout-flex wp-block-gallery-is-layout-flex\">\n<figure class=\"wp-block-image size-large\"><img loading=\"lazy\" decoding=\"async\" width=\"1024\" height=\"576\" data-id=\"40633\" src=\"https:\/\/correiodoestado.audiencelabs.com.br\/wp-content\/uploads\/2026\/04\/nutriente-secreto-cor-cabelos-brancos-1024x576.jpg\" alt=\"\" class=\"wp-image-40633\" srcset=\"https:\/\/correiodoestado.audiencelabs.com.br\/wp-content\/uploads\/2026\/04\/nutriente-secreto-cor-cabelos-brancos-1024x576.jpg 1024w, https:\/\/correiodoestado.audiencelabs.com.br\/wp-content\/uploads\/2026\/04\/nutriente-secreto-cor-cabelos-brancos-300x169.jpg 300w, https:\/\/correiodoestado.audiencelabs.com.br\/wp-content\/uploads\/2026\/04\/nutriente-secreto-cor-cabelos-brancos-768x432.jpg 768w, https:\/\/correiodoestado.audiencelabs.com.br\/wp-content\/uploads\/2026\/04\/nutriente-secreto-cor-cabelos-brancos-1536x864.jpg 1536w, https:\/\/correiodoestado.audiencelabs.com.br\/wp-content\/uploads\/2026\/04\/nutriente-secreto-cor-cabelos-brancos-750x422.jpg 750w, https:\/\/correiodoestado.audiencelabs.com.br\/wp-content\/uploads\/2026\/04\/nutriente-secreto-cor-cabelos-brancos-1140x641.jpg 1140w, https:\/\/correiodoestado.audiencelabs.com.br\/wp-content\/uploads\/2026\/04\/nutriente-secreto-cor-cabelos-brancos.jpg 1600w\" sizes=\"auto, (max-width: 1024px) 100vw, 1024px\" \/><figcaption class=\"wp-element-caption\">Cr\u00e9ditos: Anthony Wade\/Unsplash<\/figcaption><\/figure>\n<\/figure>\n\n\n\n<p>Com base nessa descoberta, cientistas passaram a investigar quais subst\u00e2ncias seriamcapazes de reativar esses mecanismos. Entre as principais linhas de estudo est\u00e3o o uso de pept\u00eddeos, vitaminas espec\u00edficas e compostos que atuam diretamente nas c\u00e9lulas-tronco dos fol\u00edculos capilares, que ajudam a estimular novamente a produ\u00e7\u00e3o do pigmento.<\/p>\n\n\n\n<h2 class=\"wp-block-heading\">Ci\u00eancia busca solu\u00e7\u00e3o para os cabelos brancos<\/h2>\n\n\n\n<p>Apesar dos avan\u00e7os feitos at\u00e9 o momento, especialistas ressaltam que ainda n\u00e3o h\u00e1 comprova\u00e7\u00e3o cient\u00edfica de um tratamento definitivo e seguro para reverter a condi\u00e7\u00e3o dos cabelos brancos. A maioria dos estudos segue em fase inicial ou restrita a testes controlados, sem valida\u00e7\u00e3o ampla na popula\u00e7\u00e3o. Al\u00e9m disso, fatores gen\u00e9ticos e o envelhecimento natural do organismo continuam sendo obst\u00e1culos importantes para os cientistas.<\/p>\n\n\n\n<p>A expectativa da comunidade cient\u00edfica \u00e9 de que novas descobertas surjam nos pr\u00f3ximos anos, ampliando o entendimento sobre o processo. At\u00e9 l\u00e1, a ideia de recuperar a cor original dos cabelos por meio de subst\u00e2ncias ou comprimidos permanece como uma promessa em desenvolvimento, ainda distante de aplica\u00e7\u00e3o comercial em larga escala.<\/p>\n","protected":false},"excerpt":{"rendered":"<p>Pesquisas cient\u00edficas que est\u00e3o sendo realizadas em diferentes pa\u00edses avan\u00e7am na tentativa de reverter o embranquecimento dos cabelos, um processo associado ao envelhecimento do ser humano. O que antes parecia imposs\u00edvel j\u00e1 come\u00e7a a ganhar espa\u00e7o em laborat\u00f3rios, com estudos focados em recuperar a cor natural dos fios a partir de interven\u00e7\u00f5es biol\u00f3gicas. O surgimento [&hellip;]<\/p>\n","protected":false},"author":18,"featured_media":40632,"comment_status":"open","ping_status":"open","sticky":false,"template":"","format":"standard","meta":{"jnews-multi-image_gallery":[],"jnews_single_post":{"format":"standard"},"jnews_primary_category":[],"jnews_social_meta":[],"footnotes":""},"categories":[1],"tags":[],"class_list":["post-40623","post","type-post","status-publish","format-standard","has-post-thumbnail","hentry","category-mix"],"_links":{"self":[{"href":"https:\/\/correiodoestado.audiencelabs.com.br\/wp-json\/wp\/v2\/posts\/40623","targetHints":{"allow":["GET"]}}],"collection":[{"href":"https:\/\/correiodoestado.audiencelabs.com.br\/wp-json\/wp\/v2\/posts"}],"about":[{"href":"https:\/\/correiodoestado.audiencelabs.com.br\/wp-json\/wp\/v2\/types\/post"}],"author":[{"embeddable":true,"href":"https:\/\/correiodoestado.audiencelabs.com.br\/wp-json\/wp\/v2\/users\/18"}],"replies":[{"embeddable":true,"href":"https:\/\/correiodoestado.audiencelabs.com.br\/wp-json\/wp\/v2\/comments?post=40623"}],"version-history":[{"count":1,"href":"https:\/\/correiodoestado.audiencelabs.com.br\/wp-json\/wp\/v2\/posts\/40623\/revisions"}],"predecessor-version":[{"id":40634,"href":"https:\/\/correiodoestado.audiencelabs.com.br\/wp-json\/wp\/v2\/posts\/40623\/revisions\/40634"}],"wp:featuredmedia":[{"embeddable":true,"href":"https:\/\/correiodoestado.audiencelabs.com.br\/wp-json\/wp\/v2\/media\/40632"}],"wp:attachment":[{"href":"https:\/\/correiodoestado.audiencelabs.com.br\/wp-json\/wp\/v2\/media?parent=40623"}],"wp:term":[{"taxonomy":"category","embeddable":true,"href":"https:\/\/correiodoestado.audiencelabs.com.br\/wp-json\/wp\/v2\/categories?post=40623"},{"taxonomy":"post_tag","embeddable":true,"href":"https:\/\/correiodoestado.audiencelabs.com.br\/wp-json\/wp\/v2\/tags?post=40623"}],"curies":[{"name":"wp","href":"https:\/\/api.w.org\/{rel}","templated":true}]}}