{"id":41185,"date":"2026-04-26T10:05:00","date_gmt":"2026-04-26T13:05:00","guid":{"rendered":"https:\/\/correiodoestado.audiencelabs.com.br\/?p=41185"},"modified":"2026-04-20T16:40:23","modified_gmt":"2026-04-20T19:40:23","slug":"o-alerta-de-cientistas-para-idosos-acima-de-60-anos-que-tomam-vacina","status":"publish","type":"post","link":"https:\/\/correiodoestado.audiencelabs.com.br\/o-alerta-de-cientistas-para-idosos-acima-de-60-anos-que-tomam-vacina\/","title":{"rendered":"O alerta de cientistas para idosos acima de 60 anos que tomam vacina"},"content":{"rendered":"\n<p>Embora existam pessoas que contestem a efici\u00eancia das vacinas, especialistas reafirmam a necessidade de respeitar o cronograma vacinal, especialmente <a href=\"https:\/\/correiodoestado.com.br\/mix\/a-regra-que-idosos-devem-seguir-para-garantir-desconto-na-conta-de-luz-em-2026\/\" target=\"_blank\" rel=\"noreferrer noopener\">idosos <\/a>acima de 60 anos. Naturalmente, esse grupo tende a sofrer com consequ\u00eancias em fun\u00e7\u00e3o do envelhecimento natural, fator que colabora para a diminui\u00e7\u00e3o da imunidade.<\/p>\n\n\n\n<p>Devido \u00e0s frequentes muta\u00e7\u00f5es, a gripe n\u00e3o apresenta uma cura instant\u00e2nea, tendo em vista se tratar de uma infec\u00e7\u00e3o viral autolimitada. Ainda que n\u00e3o tenha uma faixa et\u00e1ria preferencial para atacar, a doen\u00e7a tem sido mais comum em idosos. Ao n\u00e3o se vacinarem, esses indiv\u00edduos aumentam os riscos do problema, que podem escalar, causando interna\u00e7\u00f5es e at\u00e9 mesmo \u00f3bitos relacionados.<\/p>\n\n\n\n<figure class=\"wp-block-image size-large\"><img loading=\"lazy\" decoding=\"async\" width=\"1024\" height=\"677\" src=\"https:\/\/correiodoestado.audiencelabs.com.br\/wp-content\/uploads\/2026\/04\/cdc-d3fe9qJDqaI-unsplash-1024x677.jpg\" alt=\"\" class=\"wp-image-41186\" srcset=\"https:\/\/correiodoestado.audiencelabs.com.br\/wp-content\/uploads\/2026\/04\/cdc-d3fe9qJDqaI-unsplash-1024x677.jpg 1024w, https:\/\/correiodoestado.audiencelabs.com.br\/wp-content\/uploads\/2026\/04\/cdc-d3fe9qJDqaI-unsplash-300x198.jpg 300w, https:\/\/correiodoestado.audiencelabs.com.br\/wp-content\/uploads\/2026\/04\/cdc-d3fe9qJDqaI-unsplash-768x508.jpg 768w, https:\/\/correiodoestado.audiencelabs.com.br\/wp-content\/uploads\/2026\/04\/cdc-d3fe9qJDqaI-unsplash-1536x1015.jpg 1536w, https:\/\/correiodoestado.audiencelabs.com.br\/wp-content\/uploads\/2026\/04\/cdc-d3fe9qJDqaI-unsplash-750x496.jpg 750w, https:\/\/correiodoestado.audiencelabs.com.br\/wp-content\/uploads\/2026\/04\/cdc-d3fe9qJDqaI-unsplash-1140x753.jpg 1140w, https:\/\/correiodoestado.audiencelabs.com.br\/wp-content\/uploads\/2026\/04\/cdc-d3fe9qJDqaI-unsplash.jpg 1920w\" sizes=\"auto, (max-width: 1024px) 100vw, 1024px\" \/><figcaption class=\"wp-element-caption\">Cr\u00e9ditos: Unsplash<\/figcaption><\/figure>\n\n\n\n<p>Em outras palavras, o organismo perde efici\u00eancia com o passar dos anos, o que prejudica a capacidade de rea\u00e7\u00e3o a v\u00edrus e infec\u00e7\u00f5es. Esse processo, conhecido como imunossenesc\u00eancia, torna os idosos mais vulner\u00e1veis. Por consequ\u00eancia, especialistas recomendam que pessoas com 60 anos ou mais priorizem a manuten\u00e7\u00e3o da vacina anual.<\/p>\n\n\n\n<p>Al\u00e9m disso, a imuniza\u00e7\u00e3o se torna ainda mais importante devido ao desenvolvimento de doen\u00e7as cr\u00f4nicas ao longo do envelhecimento natural. Com esses fatores comportamentais, gen\u00e9ticos e ambientais unificados, o v\u00edrus da gripe tende a encontrar uma v\u00edtima ideal, j\u00e1 que o sistema imunol\u00f3gico apresenta complica\u00e7\u00f5es.<\/p>\n\n\n\n<h2 class=\"wp-block-heading\">Import\u00e2ncia da vacina\u00e7\u00e3o<\/h2>\n\n\n\n<p>Em geral, as vacinas se tornaram uma ferramenta crucial na preven\u00e7\u00e3o de diversas doen\u00e7as, reduzindo significativamente o risco de complica\u00e7\u00f5es graves e at\u00e9 mesmo de morte. De acordo com a ONU (Organiza\u00e7\u00e3o das Na\u00e7\u00f5es Unidas), at\u00e9 2050 a popula\u00e7\u00e3o com mais de 65 anos ser\u00e1 de 1,6 bilh\u00e3o, o que est\u00e1 diretamente ligado ao cuidado com a sa\u00fade, \u00e0 preocupa\u00e7\u00e3o com a imuniza\u00e7\u00e3o apropriada e \u00e0 preven\u00e7\u00e3o.<\/p>\n\n\n\n<p>Uma das principais raz\u00f5es para os idosos manterem as vacinas atualizadas diz respeito \u00e0 preven\u00e7\u00e3o de doen\u00e7as como gripe, pneumonia, meningite e herpes zoster, que podem ser particularmente perigosas nessa faixa et\u00e1ria. Por sua vez, a vacina\u00e7\u00e3o tamb\u00e9m desempenha um papel crucial na dilig\u00eancia de doen\u00e7as como difteria, t\u00e9tano, coqueluche e hepatite, que podem ter complica\u00e7\u00f5es graves em pessoas mais velhas.<\/p>\n\n\n\n<p>Com a vacina\u00e7\u00e3o em dia, pessoas que integram a terceira idade tamb\u00e9m contribuem para a prote\u00e7\u00e3o de suas fam\u00edlias, comunidades e sociedade em geral. Esse mecanismo de cuidado pessoal ajuda a minimizar a dissemina\u00e7\u00e3o de doen\u00e7as infecciosas.\u00a0Portanto, manter o calend\u00e1rio vacinal em dia n\u00e3o \u00e9 opcional para idosos, mas uma medida essencial de prote\u00e7\u00e3o.<\/p>\n","protected":false},"excerpt":{"rendered":"<p>Embora existam pessoas que contestem a efici\u00eancia das vacinas, especialistas reafirmam a necessidade de respeitar o cronograma vacinal, especialmente idosos acima de 60 anos<\/p>\n","protected":false},"author":8,"featured_media":41187,"comment_status":"open","ping_status":"open","sticky":false,"template":"","format":"standard","meta":{"jnews-multi-image_gallery":[],"jnews_single_post":{"format":"standard"},"jnews_primary_category":[],"jnews_social_meta":[],"footnotes":""},"categories":[1],"tags":[],"class_list":["post-41185","post","type-post","status-publish","format-standard","has-post-thumbnail","hentry","category-mix"],"_links":{"self":[{"href":"https:\/\/correiodoestado.audiencelabs.com.br\/wp-json\/wp\/v2\/posts\/41185","targetHints":{"allow":["GET"]}}],"collection":[{"href":"https:\/\/correiodoestado.audiencelabs.com.br\/wp-json\/wp\/v2\/posts"}],"about":[{"href":"https:\/\/correiodoestado.audiencelabs.com.br\/wp-json\/wp\/v2\/types\/post"}],"author":[{"embeddable":true,"href":"https:\/\/correiodoestado.audiencelabs.com.br\/wp-json\/wp\/v2\/users\/8"}],"replies":[{"embeddable":true,"href":"https:\/\/correiodoestado.audiencelabs.com.br\/wp-json\/wp\/v2\/comments?post=41185"}],"version-history":[{"count":1,"href":"https:\/\/correiodoestado.audiencelabs.com.br\/wp-json\/wp\/v2\/posts\/41185\/revisions"}],"predecessor-version":[{"id":41188,"href":"https:\/\/correiodoestado.audiencelabs.com.br\/wp-json\/wp\/v2\/posts\/41185\/revisions\/41188"}],"wp:featuredmedia":[{"embeddable":true,"href":"https:\/\/correiodoestado.audiencelabs.com.br\/wp-json\/wp\/v2\/media\/41187"}],"wp:attachment":[{"href":"https:\/\/correiodoestado.audiencelabs.com.br\/wp-json\/wp\/v2\/media?parent=41185"}],"wp:term":[{"taxonomy":"category","embeddable":true,"href":"https:\/\/correiodoestado.audiencelabs.com.br\/wp-json\/wp\/v2\/categories?post=41185"},{"taxonomy":"post_tag","embeddable":true,"href":"https:\/\/correiodoestado.audiencelabs.com.br\/wp-json\/wp\/v2\/tags?post=41185"}],"curies":[{"name":"wp","href":"https:\/\/api.w.org\/{rel}","templated":true}]}}