{"id":41252,"date":"2026-04-26T11:23:00","date_gmt":"2026-04-26T14:23:00","guid":{"rendered":"https:\/\/correiodoestado.audiencelabs.com.br\/?p=41252"},"modified":"2026-04-24T17:31:58","modified_gmt":"2026-04-24T20:31:58","slug":"brasileiros-com-conta-vinculada-ao-fgts-podem-sacar-ate-r-6-220-em-abril","status":"publish","type":"post","link":"https:\/\/correiodoestado.audiencelabs.com.br\/brasileiros-com-conta-vinculada-ao-fgts-podem-sacar-ate-r-6-220-em-abril\/","title":{"rendered":"Brasileiros com conta vinculada ao FGTS podem sacar at\u00e9 R$ 6.220 em abril"},"content":{"rendered":"\n<p>Por meio de seus canais oficiais, a Caixa Econ\u00f4mica Federal anunciou a disponibiliza\u00e7\u00e3o do saque do <a href=\"https:\/\/correiodoestado.com.br\/mix\/trabalhadores-que-ganham-ate-r-8-105-deverao-seguir-nova-regra-para-sacar-o-fgts\/\" target=\"_blank\" rel=\"noreferrer noopener\">Fundo de Garantia do Tempo de Servi\u00e7o (FGTS)<\/a> para um grupo seleto de trabalhadores. Trata-se dos colaboradores de Luiz Alves e Herval d&#8217;Oeste, em Santa Catarina. A libera\u00e7\u00e3o foi motivada pelas tempestades que atingiram as cidades.<\/p>\n\n\n\n<p>Com a finalidade de tornar o acesso aos valores de forma pr\u00e1tica em meio ao alerta de calamidade p\u00fablica, a institui\u00e7\u00e3o financeira tornou a libera\u00e7\u00e3o dos valores totalmente digital, por meio do aplicativo FGTS da CAIXA. Segundo o banco, os trabalhadores das regi\u00f5es afetadas podem realizar o saque at\u00e9 o dia 16 de julho de 2026.<\/p>\n\n\n\n<figure class=\"wp-block-image size-large\"><img loading=\"lazy\" decoding=\"async\" width=\"1024\" height=\"613\" src=\"https:\/\/correiodoestado.audiencelabs.com.br\/wp-content\/uploads\/2026\/04\/WhatsApp-Image-2026-04-07-at-13.23.52-1-1024x613.jpeg\" alt=\"\" class=\"wp-image-39737\" srcset=\"https:\/\/correiodoestado.audiencelabs.com.br\/wp-content\/uploads\/2026\/04\/WhatsApp-Image-2026-04-07-at-13.23.52-1-1024x613.jpeg 1024w, https:\/\/correiodoestado.audiencelabs.com.br\/wp-content\/uploads\/2026\/04\/WhatsApp-Image-2026-04-07-at-13.23.52-1-300x180.jpeg 300w, https:\/\/correiodoestado.audiencelabs.com.br\/wp-content\/uploads\/2026\/04\/WhatsApp-Image-2026-04-07-at-13.23.52-1-768x460.jpeg 768w, https:\/\/correiodoestado.audiencelabs.com.br\/wp-content\/uploads\/2026\/04\/WhatsApp-Image-2026-04-07-at-13.23.52-1-750x449.jpeg 750w, https:\/\/correiodoestado.audiencelabs.com.br\/wp-content\/uploads\/2026\/04\/WhatsApp-Image-2026-04-07-at-13.23.52-1-1140x682.jpeg 1140w, https:\/\/correiodoestado.audiencelabs.com.br\/wp-content\/uploads\/2026\/04\/WhatsApp-Image-2026-04-07-at-13.23.52-1.jpeg 1200w\" sizes=\"auto, (max-width: 1024px) 100vw, 1024px\" \/><figcaption class=\"wp-element-caption\">Cr\u00e9ditos: Jo\u00e9dson Alves\/Ag\u00eancia Brasil<\/figcaption><\/figure>\n\n\n\n<p>No entanto, \u00e9 importante destacar que o colaborador precisa possuir saldo na conta do Fundo de Garantia do Tempo de Servi\u00e7o e n\u00e3o ter realizado saque pelo mesmo motivo em per\u00edodo inferior a 12 meses. Em continuidade, a institui\u00e7\u00e3o refor\u00e7a que o valor m\u00e1ximo para retirada \u00e9 de R$\u202f6.220 por conta vinculada, limitado ao saldo dispon\u00edvel.<\/p>\n\n\n<style>@media (min-width: 992px) {\n    .recomendadorV2Area1 {\n        width: 280px;\n    }\n    .recomendadorV2Area2 {\n        padding: 0px 20px;\n        width: calc(100% - 280px);\n    }\n}\n\n@media (max-width: 992px) {\n    .recomendadorV2Button {\n        margin: 0 auto;\n    }\n    .recomendadorV2Area {\n        flex-direction: column;\n        text-align: center;\n    }\n    .recomendadorV2Area2 {\n        padding: 0px 20px;\n    }\n}\n\n.recomendadorV2Area {\n    background: #eeeeee3d;\n    border-radius: 10px;\n    padding: 15px;\n    display: flex;\n    margin: 15px auto;\n    border: 1px solid #00000014;\n    max-width: 800px;\n}\n\n.recomendadorV2Area1 img {\n    width: 280px;\n    height: auto;\n    border-radius: 8px;\n}\n\n.linkrecomendadorv2 {\n    text-decoration: none !important;\n}\n\n.recomendadorV2Area2 .recomendadorV2Type {\n    text-transform: uppercase;\n    font-weight: 500;\n    font-size: 11px;\n    letter-spacing: 2px;\n    color: #666;\n    margin: 12px 0;\n    display: block;\n}\n\n.recomendadorV2Title h2 {\n    padding-top: 0px !important;\n    margin: 0px !important;\n    border-left: none !important;\n    padding-left: 0px !important;\n    line-height: 1.3;\n    color: #000 !important;\n    font-size: 24px;\n    margin-bottom: 12px !important;\n}\n\n.recomendadorV2Desc {\n    color: #333;\n    margin: 12px 0px !important;\n    font-size: 15px;\n    line-height: 1.5;\n}\n\n.recomendadorV2Button {\n    width: auto;\n    max-width: 200px;\n    margin: 0;\n    display: inline-flex;\n    align-items: center;\n    background: #1D3557;\n    border-radius: 8px;\n    color: #fff;\n    height: 36px;\n    justify-content: center;\n    text-align: center;\n    font-size: 14px;\n    padding: 0 20px;\n    transition: background-color 0.2s ease;\n}\n\n.recomendadorV2Button:hover {\n    background: #2a4d7a;\n}\n\n.recomendadorV2Button:after {\n    margin-top: -2px;\n    content: \"\u2192\";\n    padding: 0px 0px 0px 8px;\n}\n\n.recomendadorV2Alert {\n    text-align: left;\n    font-size: 11px;\n    margin-top: 8px;\n    color: #666;\n}\n\n.recomendadorFixedArea {\n    width: 100%;\n    display: flex;\n    justify-content: center;\n    align-items: center;\n}\n\n@media (min-width: 992px) {\n    #recomendadorFixed {\n        width: 32% !important;\n        left: 5%;\n    }\n    .recomendadorCloseFixed{\n        right: inherit !important;\n        left: 378px !important;\n    }\n}\n\n#recomendadorFixed {\n    width: 90%;\n    box-shadow: 0 10px 20px 0px #00000057;\n    display: none;\n    height: 90px;\n    background: #F6F6F6;\n    position: fixed;\n    flex-direction: row;\n    bottom: 10px;\n    z-index: 9999;\n    border-radius: 16px;\n    padding: 7px 10px;\n}\n\n.recomendadorLeftArea {\n    width: 160px;\n}\n\n.recomendadorRightArea h2 {\n    padding-top: 0px;\n    margin: 2px 0px 4px 0px !important;\n    font-weight: 400;\n    text-align: center;\n    padding-left: 0px !important;\n    color: #000 !important;\n    border-left: none !important;\n    line-height: 20px;\n    font-size: 12px !important;\n}\n\n.recomendadorImgFixed {\n    overflow: hidden;\n    padding: 8px 6px;\n    height: 100%;\n}\n\n.recomendadorImgFixed img {\n    height: 100% !important;\n    border-radius: 16px;\n}\n\n.recomendadorRightArea {\n    padding-top: 6px;\n    display: flex;\n    width: calc(100% - 130px);\n    justify-content: space-between;\n    align-items: center;\n    flex-direction: column;\n}\n\n.recomendadorButtonFixed {\n    margin: 0 auto;\n    background: #1D3557;\n    width: 80%;\n    text-align: center;\n    font-size: 10px;\n    color: #FFF;\n    padding: 2px 10px;\n    border-radius: 3px;\n}\n\n.recomendadorButtonFixed:after {\n    margin-top: -3px;\n    content: \"\u2192\";\n    padding: 0px 0px 0px 10px;\n}\n\n.recomendadorAlertFixed {\n    font-weight: 400;\n    text-align: center;\n    color: #484848;\n    font-size: 8px;\n}\n\n.recomendadorCloseFixed {\n    z-index: 99999;\n    display: none;\n    right: 0px;\n    left: inherit;\n    bottom: 99px;\n    position: fixed;\n    justify-content: center;\n    background: #F6F6F6;\n    width: 25px;\n    align-items: center;\n    height: 25px;\n    font-weight: 800;\n    border-radius: 50%;\n    border: 1px solid #EBEBEB;\n}\n\n.recomendadorV2Desc{\n    color: #000000;\n    margin: 20px 0px;\n}\n\n@media (max-width: 576px) {\n    .recomendadorV2Area {\n      padding: 10px;\n      max-width: 100%;\n    }\n  \n    .recomendadorV2Area1 img {\n      width: 100%;\n      border-radius: 6px;\n    }\n  \n    .recomendadorV2Area2 .recomendadorV2Type {\n      font-size: 9px;\n      letter-spacing: 1px;\n      margin: 8px 0;\n    }\n  \n    .recomendadorV2Title h2 {\n      font-size: 18px !important;\n      margin-bottom: 8px !important;\n      line-height: 1.2;\n    }\n  \n    .recomendadorV2Desc {\n      font-size: 14px;\n      margin: 8px 0 !important;\n      line-height: 1.4;\n    }\n  \n    .recomendadorV2Button {\n      font-size: 12px;\n      height: 30px;\n      padding: 0 12px;\n      max-width: 160px;\n    }\n  \n    .recomendadorV2Button:after {\n      padding-left: 6px;\n    }\n  }\n  <\/style>\n        <div class=\"lazyblock-recomendador-v2-2jDGz wp-block-lazyblock-recomendador-v2\">\n        <a class=\"linkrecomendadorv2\" href=\"https:\/\/correiodoestado.com.br\/mix\/brasileiros-que-vivem-sozinhos-tem-direito-a-2-beneficios-do-governo\/?utm_source=lazy\" target=\"_blank\" rel=\"noopener\">\n            <div class=\"recomendadorV2Area\">\n            <div class=\"recomendadorV2Area1\">\n                <div class=\"recomendadorV2Img\">\n                <img class=\"lazyloaded\" decoding=\"async\" src=\"https:\/\/correiodoestado.com.br\/mix\/wp-content\/uploads\/2026\/04\/premium_photo-1664193968799-eabfc4b07a9d-1-1140x570.jpg\" data-src=\"https:\/\/correiodoestado.com.br\/mix\/wp-content\/uploads\/2026\/04\/premium_photo-1664193968799-eabfc4b07a9d-1-1140x570.jpg\" alt=\"\">\n                <\/div>\n            <\/div>\n            <div class=\"recomendadorV2Area2\">\n                <div class=\"recomendadorV2Type\">\n                    <span>Direitos sociais<\/span>\n                <\/div>\n                <div class=\"recomendadorV2Title\">\n                <h2><span>Benef\u00edcios garantidos \ud83d\udce2<\/span><\/h2>\n                <\/div>\n                <div class=\"recomendadorV2Desc\">\n                <span>Quem mora sozinho pode receber 2 aux\u00edlios<\/span>\n                <\/div>\n                <div class=\"recomendadorV2Button\">LER AGORA<\/div>\n                <div class=\"recomendadorV2Alert\"><\/div>\n            <\/div>\n            <\/div>\n        <\/a>\n        <div>\n            <div style=\"z-index:99999;\" id=\"buttonClose\" onclick=\"closeRecomendadorFixed()\">\n            <div class=\"recomendadorCloseFixed\">X<\/div>\n            <\/div>\n            <a href=\"https:\/\/correiodoestado.com.br\/mix\/brasileiros-que-vivem-sozinhos-tem-direito-a-2-beneficios-do-governo\/?utm_source=lazy\" target=\"_blank\" rel=\"noopener\">\n            <div class=\"recomendadorFixedArea\">\n                <div id=\"recomendadorFixed\">\n                <div class=\"recomendadorLeftArea\">\n                    <div class=\"recomendadorImgFixed\">\n                    <img class=\"lazyload\" decoding=\"async\" src=\"https:\/\/correiodoestado.com.br\/mix\/wp-content\/uploads\/2026\/04\/premium_photo-1664193968799-eabfc4b07a9d-1-1140x570.jpg\" alt=\"\">\n                    <\/div>\n                <\/div>\n                <div class=\"recomendadorRightArea\">\n                    <div class=\"recomendadorTitleFixed\">\n                    <h2><span>Benef\u00edcios garantidos \ud83d\udce2<\/span><\/h2>\n                    <\/div>\n                    <div class=\"recomendadorButtonFixed\">LER AGORA<\/div>\n                    <div class=\"recomendadorAlertFixed\"><\/div>\n                <\/div>\n                <\/div>\n            <\/div>\n            <\/a>\n        <\/div>\n        <\/div>\n\n\n\n<h2 class=\"wp-block-heading\">Como realizar a solicita\u00e7\u00e3o por meio do aplicativo?<\/h2>\n\n\n\n<p>O primeiro passo diz respeito a baixar o aplicativo FGTS e inserir as informa\u00e7\u00f5es de cadastro. Em continuidade, o trabalhador precisa acessar a op\u00e7\u00e3o \u201cSolicitar seu saque 100% digital&#8221; ou, no menu inferior, ir em \u201cSaques&#8221; e selecionar \u201cSolicitar saque&#8221;. Nesse momento, basta clicar em \u201cCalamidade p\u00fablica&#8221;, informar o nome do munic\u00edpio e selecion\u00e1-lo na lista.<\/p>\n\n\n\n<p>\u00c9 preciso ainda escolher o tipo de comprovante de endere\u00e7o, digitar o CEP e o n\u00famero da resid\u00eancia. Para manter a lisura do processo, o solicitante deve encaminhar fotos do documento de identidade e comprovante de resid\u00eancia em nome do trabalhador, emitido at\u00e9 120 dias antes da decreta\u00e7\u00e3o da calamidade. Por fim, escolha a conta para cr\u00e9dito do valor (CAIXA ou outro banco) e envie a solicita\u00e7\u00e3o.<\/p>\n\n\n\n<h2 class=\"wp-block-heading\">Informa\u00e7\u00f5es sobre a documenta\u00e7\u00e3o:<\/h2>\n\n\n\n<ul class=\"wp-block-list\">\n<li>Documento de identidade: tamb\u00e9m s\u00e3o aceitos RG, CNH ou passaporte (frente e verso);<\/li>\n\n\n\n<li>Selfie: (foto de rosto) com o documento de identidade vis\u00edvel;<\/li>\n\n\n\n<li>Comprovante de resid\u00eancia&nbsp;em nome do trabalhador: conta de luz, \u00e1gua, telefone, g\u00e1s, fatura de internet\/TV, cart\u00e3o de cr\u00e9dito, entre outros, emitido at\u00e9 120 dias antes da decreta\u00e7\u00e3o da calamidade;<\/li>\n\n\n\n<li>Caso n\u00e3o possua comprovante de resid\u00eancia, o trabalhador poder\u00e1 apresentar:\n<ul class=\"wp-block-list\">\n<li>Declara\u00e7\u00e3o do munic\u00edpio atestando resid\u00eancia na \u00e1rea afetada;<\/li>\n\n\n\n<li>Declara\u00e7\u00e3o pr\u00f3pria com nome completo, CPF, data de nascimento e endere\u00e7o completo com CEP (as informa\u00e7\u00f5es ser\u00e3o verificadas pela CAIXA nos cadastros oficiais do Governo Federal);<\/li>\n<\/ul>\n<\/li>\n\n\n\n<li>Certid\u00e3o de casamento ou escritura p\u00fablica de uni\u00e3o est\u00e1vel, caso o comprovante de resid\u00eancia esteja em nome do c\u00f4njuge ou companheiro(a).<\/li>\n<\/ul>\n","protected":false},"excerpt":{"rendered":"<p>Por meio de seus canais oficiais, a Caixa Econ\u00f4mica Federal anunciou a disponibiliza\u00e7\u00e3o do saque do Fundo de Garantia do Tempo de Servi\u00e7o (FGTS) para um grupo seleto de trabalhadores<\/p>\n","protected":false},"author":8,"featured_media":41254,"comment_status":"open","ping_status":"open","sticky":false,"template":"","format":"standard","meta":{"jnews-multi-image_gallery":[],"jnews_single_post":{"format":"standard"},"jnews_primary_category":[],"jnews_social_meta":[],"footnotes":""},"categories":[1],"tags":[],"class_list":["post-41252","post","type-post","status-publish","format-standard","has-post-thumbnail","hentry","category-mix"],"_links":{"self":[{"href":"https:\/\/correiodoestado.audiencelabs.com.br\/wp-json\/wp\/v2\/posts\/41252","targetHints":{"allow":["GET"]}}],"collection":[{"href":"https:\/\/correiodoestado.audiencelabs.com.br\/wp-json\/wp\/v2\/posts"}],"about":[{"href":"https:\/\/correiodoestado.audiencelabs.com.br\/wp-json\/wp\/v2\/types\/post"}],"author":[{"embeddable":true,"href":"https:\/\/correiodoestado.audiencelabs.com.br\/wp-json\/wp\/v2\/users\/8"}],"replies":[{"embeddable":true,"href":"https:\/\/correiodoestado.audiencelabs.com.br\/wp-json\/wp\/v2\/comments?post=41252"}],"version-history":[{"count":3,"href":"https:\/\/correiodoestado.audiencelabs.com.br\/wp-json\/wp\/v2\/posts\/41252\/revisions"}],"predecessor-version":[{"id":41678,"href":"https:\/\/correiodoestado.audiencelabs.com.br\/wp-json\/wp\/v2\/posts\/41252\/revisions\/41678"}],"wp:featuredmedia":[{"embeddable":true,"href":"https:\/\/correiodoestado.audiencelabs.com.br\/wp-json\/wp\/v2\/media\/41254"}],"wp:attachment":[{"href":"https:\/\/correiodoestado.audiencelabs.com.br\/wp-json\/wp\/v2\/media?parent=41252"}],"wp:term":[{"taxonomy":"category","embeddable":true,"href":"https:\/\/correiodoestado.audiencelabs.com.br\/wp-json\/wp\/v2\/categories?post=41252"},{"taxonomy":"post_tag","embeddable":true,"href":"https:\/\/correiodoestado.audiencelabs.com.br\/wp-json\/wp\/v2\/tags?post=41252"}],"curies":[{"name":"wp","href":"https:\/\/api.w.org\/{rel}","templated":true}]}}