{"id":41271,"date":"2026-05-01T06:10:00","date_gmt":"2026-05-01T09:10:00","guid":{"rendered":"https:\/\/correiodoestado.audiencelabs.com.br\/?p=41271"},"modified":"2026-04-27T08:29:42","modified_gmt":"2026-04-27T11:29:42","slug":"depois-de-hoje-proximo-feriado-nacional-sera-daqui-4-meses","status":"publish","type":"post","link":"https:\/\/correiodoestado.audiencelabs.com.br\/depois-de-hoje-proximo-feriado-nacional-sera-daqui-4-meses\/","title":{"rendered":"Depois de hoje, pr\u00f3ximo feriado nacional ser\u00e1 daqui 4 meses"},"content":{"rendered":"\n<p>Depois de um m\u00eas de abril de feriados como a Semana Santa e Tiradentes, muitos brasileiros j\u00e1 come\u00e7am a olhar o calend\u00e1rio em busca da pr\u00f3xima pausa. O feriado prolongado recente animou trabalhadores em todo o pa\u00eds e a expectativa agora gira em torno das pr\u00f3ximas oportunidades de descanso ao longo de 2026. Ao todo, ainda restam seis feriados nacionais no ano. <\/p>\n\n\n\n<p>Nesta sexta-feira (1), o Dia do Trabalhador permite que haja mais um feriad\u00e3o, especialmente para quem j\u00e1 n\u00e3o trabalha aos fins de semana. Apesar disso, nem todos conseguem aproveitar. A legisla\u00e7\u00e3o brasileira autoriza o funcionamento de atividades consideradas essenciais, o que inclui diversos setores que n\u00e3o podem interromper seus servi\u00e7os. Nesses casos, o descanso pode n\u00e3o acontecer na data comemorativa.<\/p>\n\n\n\n<figure class=\"wp-block-gallery has-nested-images columns-default is-cropped wp-block-gallery-1 is-layout-flex wp-block-gallery-is-layout-flex\">\n<figure class=\"wp-block-image size-large\"><img loading=\"lazy\" decoding=\"async\" width=\"1024\" height=\"613\" data-id=\"30125\" src=\"https:\/\/correiodoestado.audiencelabs.com.br\/wp-content\/uploads\/2026\/01\/mastro_da_bandeira_3008221989-1024x613.webp\" alt=\"\" class=\"wp-image-30125\" srcset=\"https:\/\/correiodoestado.audiencelabs.com.br\/wp-content\/uploads\/2026\/01\/mastro_da_bandeira_3008221989-1024x613.webp 1024w, https:\/\/correiodoestado.audiencelabs.com.br\/wp-content\/uploads\/2026\/01\/mastro_da_bandeira_3008221989-300x179.webp 300w, https:\/\/correiodoestado.audiencelabs.com.br\/wp-content\/uploads\/2026\/01\/mastro_da_bandeira_3008221989-768x459.webp 768w, https:\/\/correiodoestado.audiencelabs.com.br\/wp-content\/uploads\/2026\/01\/mastro_da_bandeira_3008221989-750x449.webp 750w, https:\/\/correiodoestado.audiencelabs.com.br\/wp-content\/uploads\/2026\/01\/mastro_da_bandeira_3008221989-1140x682.webp 1140w, https:\/\/correiodoestado.audiencelabs.com.br\/wp-content\/uploads\/2026\/01\/mastro_da_bandeira_3008221989.webp 1170w\" sizes=\"auto, (max-width: 1024px) 100vw, 1024px\" \/><figcaption class=\"wp-element-caption\">Cr\u00e9ditos: Jos\u00e9 Cruz\/Ag\u00eancia Brasil <\/figcaption><\/figure>\n<\/figure>\n\n\n\n<p>Por outro lado, a lei garante direitos importantes aos trabalhadores convocados. Quem exerce atividade no feriado deve receber remunera\u00e7\u00e3o em dobro ou ter direito a uma folga compensat\u00f3ria, conforme previsto nas normas trabalhistas vigentes.<\/p>\n\n\n\n<h2 class=\"wp-block-heading\">2026 ainda ter\u00e1 muitos feriados pela frente<\/h2>\n\n\n\n<p>Outro destaque do calend\u00e1rio \u00e9 o Corpus Christi, celebrado em 4 de junho. Embora seja considerado ponto facultativo nacional, estados e munic\u00edpios podem decretar feriado local. Onde isso ocorre, valem as mesmas regras: dispensa do trabalho ou compensa\u00e7\u00e3o adequada, o que amplia as possibilidades de descanso ao longo do ano. Confira a seguir os pr\u00f3ximos feriados nacionais:<\/p>\n\n\n\n<ul class=\"wp-block-list\">\n<li><strong>7 de setembro<\/strong>, Independ\u00eancia do Brasil (segunda-feira)<\/li>\n\n\n\n<li><strong>12 de outubro<\/strong>, Nossa Senhora Aparecida (segunda-feira)<\/li>\n\n\n\n<li><strong>2 de novembro<\/strong>, Finados (segunda-feira)<\/li>\n\n\n\n<li><strong>15 de novembro<\/strong>, Proclama\u00e7\u00e3o da Rep\u00fablica (domingo)<\/li>\n\n\n\n<li><strong>20 de novembro<\/strong>, Dia da Consci\u00eancia Negra (sexta-feira)<\/li>\n\n\n\n<li><strong>25 de dezembro<\/strong>, Natal (sexta-feira)<\/li>\n<\/ul>\n\n\n\n<p><strong>Veja tamb\u00e9m os pr\u00f3ximos pontos facultativos:<\/strong><\/p>\n\n\n\n<ul class=\"wp-block-list\">\n<li><strong>4 de junho<\/strong>, Corpus Christi (quinta-feira)<\/li>\n\n\n\n<li><strong>5 de junho<\/strong>\u00a0(sexta-feira)<\/li>\n\n\n\n<li><strong>28 de outubro<\/strong>, Dia do Servidor P\u00fablico (quarta-feira)<\/li>\n\n\n\n<li><strong>24 de dezembro<\/strong>, v\u00e9spera de Natal (ap\u00f3s 13h) (quinta-feira)<\/li>\n\n\n\n<li><strong>31 de dezembro<\/strong>, v\u00e9spera de Ano Novo (ap\u00f3s 13h) (quinta-feira)<\/li>\n<\/ul>\n","protected":false},"excerpt":{"rendered":"<p>Depois de um m\u00eas de abril de feriados como a Semana Santa e Tiradentes, muitos brasileiros j\u00e1 come\u00e7am a olhar o calend\u00e1rio em busca da pr\u00f3xima pausa. O feriado prolongado recente animou trabalhadores em todo o pa\u00eds e a expectativa agora gira em torno das pr\u00f3ximas oportunidades de descanso ao longo de 2026. Ao todo, [&hellip;]<\/p>\n","protected":false},"author":18,"featured_media":41272,"comment_status":"open","ping_status":"open","sticky":false,"template":"","format":"standard","meta":{"jnews-multi-image_gallery":[],"jnews_single_post":{"format":"standard"},"jnews_primary_category":[],"jnews_social_meta":[],"footnotes":""},"categories":[1],"tags":[],"class_list":["post-41271","post","type-post","status-publish","format-standard","has-post-thumbnail","hentry","category-mix"],"_links":{"self":[{"href":"https:\/\/correiodoestado.audiencelabs.com.br\/wp-json\/wp\/v2\/posts\/41271","targetHints":{"allow":["GET"]}}],"collection":[{"href":"https:\/\/correiodoestado.audiencelabs.com.br\/wp-json\/wp\/v2\/posts"}],"about":[{"href":"https:\/\/correiodoestado.audiencelabs.com.br\/wp-json\/wp\/v2\/types\/post"}],"author":[{"embeddable":true,"href":"https:\/\/correiodoestado.audiencelabs.com.br\/wp-json\/wp\/v2\/users\/18"}],"replies":[{"embeddable":true,"href":"https:\/\/correiodoestado.audiencelabs.com.br\/wp-json\/wp\/v2\/comments?post=41271"}],"version-history":[{"count":1,"href":"https:\/\/correiodoestado.audiencelabs.com.br\/wp-json\/wp\/v2\/posts\/41271\/revisions"}],"predecessor-version":[{"id":41275,"href":"https:\/\/correiodoestado.audiencelabs.com.br\/wp-json\/wp\/v2\/posts\/41271\/revisions\/41275"}],"wp:featuredmedia":[{"embeddable":true,"href":"https:\/\/correiodoestado.audiencelabs.com.br\/wp-json\/wp\/v2\/media\/41272"}],"wp:attachment":[{"href":"https:\/\/correiodoestado.audiencelabs.com.br\/wp-json\/wp\/v2\/media?parent=41271"}],"wp:term":[{"taxonomy":"category","embeddable":true,"href":"https:\/\/correiodoestado.audiencelabs.com.br\/wp-json\/wp\/v2\/categories?post=41271"},{"taxonomy":"post_tag","embeddable":true,"href":"https:\/\/correiodoestado.audiencelabs.com.br\/wp-json\/wp\/v2\/tags?post=41271"}],"curies":[{"name":"wp","href":"https:\/\/api.w.org\/{rel}","templated":true}]}}