{"id":41333,"date":"2026-04-26T08:35:00","date_gmt":"2026-04-26T11:35:00","guid":{"rendered":"https:\/\/correiodoestado.audiencelabs.com.br\/?p=41333"},"modified":"2026-04-22T15:59:35","modified_gmt":"2026-04-22T18:59:35","slug":"cidade-mais-cara-do-brasil-esta-construindo-muro-na-praia-para-impedir-o-avanco-do-mar","status":"publish","type":"post","link":"https:\/\/correiodoestado.audiencelabs.com.br\/cidade-mais-cara-do-brasil-esta-construindo-muro-na-praia-para-impedir-o-avanco-do-mar\/","title":{"rendered":"Cidade mais cara do Brasil est\u00e1 construindo muro na praia para impedir o avan\u00e7o do mar"},"content":{"rendered":"\n<p>De acordo com o \u00cdndice FipeZAP, Balne\u00e1rio Cambori\u00fa, localizada no litoral de Santa Catarina, \u00e9 a cidade com o metro quadrado mais caro do <a href=\"https:\/\/correiodoestado.com.br\/mix\/novo-remedio-que-combate-o-alzheimer-vai-chegar-ao-brasil-custando-cerca-de-r-11-mil\/\" target=\"_blank\" rel=\"noreferrer noopener\">Brasil<\/a>. Apesar de ter uma infraestrutura e servi\u00e7os que chamam a aten\u00e7\u00e3o, a prefeitura surpreendeu com um projeto curioso. Na Praia Central, uma das mais prestigiadas do munic\u00edpio, vem sendo constru\u00eddo um muro.<\/p>\n\n\n\n<p>Em um primeiro momento, a ideia pode gerar questionamentos, mas tem embasamento e muito estudo por detr\u00e1s. Diante do aumento do n\u00edvel do mar, as ondas est\u00e3o invadindo locais que n\u00e3o fazem parte do planejamento tur\u00edstico. Para conter os danos, um muro de aproximadamente 6 km de extens\u00e3o tem sido erguido, priorizando proteger a orla da mar\u00e9 alta e da eros\u00e3o.<\/p>\n\n\n\n<figure class=\"wp-block-image size-large\"><img loading=\"lazy\" decoding=\"async\" width=\"1024\" height=\"576\" src=\"https:\/\/correiodoestado.audiencelabs.com.br\/wp-content\/uploads\/2026\/04\/muro-invisivel-1-1300x731-1-1024x576.jpg\" alt=\"\" class=\"wp-image-41336\" srcset=\"https:\/\/correiodoestado.audiencelabs.com.br\/wp-content\/uploads\/2026\/04\/muro-invisivel-1-1300x731-1-1024x576.jpg 1024w, https:\/\/correiodoestado.audiencelabs.com.br\/wp-content\/uploads\/2026\/04\/muro-invisivel-1-1300x731-1-300x169.jpg 300w, https:\/\/correiodoestado.audiencelabs.com.br\/wp-content\/uploads\/2026\/04\/muro-invisivel-1-1300x731-1-768x432.jpg 768w, https:\/\/correiodoestado.audiencelabs.com.br\/wp-content\/uploads\/2026\/04\/muro-invisivel-1-1300x731-1-750x422.jpg 750w, https:\/\/correiodoestado.audiencelabs.com.br\/wp-content\/uploads\/2026\/04\/muro-invisivel-1-1300x731-1-1140x641.jpg 1140w, https:\/\/correiodoestado.audiencelabs.com.br\/wp-content\/uploads\/2026\/04\/muro-invisivel-1-1300x731-1.jpg 1300w\" sizes=\"auto, (max-width: 1024px) 100vw, 1024px\" \/><figcaption class=\"wp-element-caption\">Cr\u00e9ditos: Divulga\u00e7\u00e3o\/Prefeitura de Balne\u00e1rio Cambori\u00fa<\/figcaption><\/figure>\n\n\n\n<p>O chamado &#8220;muro invis\u00edvel&#8221; faz parte de uma das principais estruturas do projeto de reurbaniza\u00e7\u00e3o da prefeitura de Balne\u00e1rio Cambori\u00fa. Para harmonizar com um dos pontos mais visitados da cidade, a estrutura vem sendo erguida de forma subterr\u00e2nea. O plano envolve escava\u00e7\u00e3o, rebaixamento do len\u00e7ol fre\u00e1tico, aplica\u00e7\u00e3o de pedra rach\u00e3o, que serve como base para o muro, al\u00e9m de outras etapas t\u00e9cnicas.<\/p>\n\n\n\n<h2 class=\"wp-block-heading\">Mais detalhes sobre o projeto<\/h2>\n\n\n\n<p>Para dar conta do avan\u00e7o mar\u00edtimo, os engenheiros aprovaram o muro, que est\u00e1 em fase de finaliza\u00e7\u00e3o. Em resumo, apresenta 2 metros de altura, base de 2 metros de largura, espessura de 40 cent\u00edmetros e paredes de travamento a cada 5 metros. Nesse cen\u00e1rio, toda a estrutura \u00e9 apoiada sobre uma base de rach\u00e3o com 90 cent\u00edmetros de profundidade. <\/p>\n\n\n\n<p>Conforme as informa\u00e7\u00f5es das autoridades locais, a reurbaniza\u00e7\u00e3o do trecho Sul contempla a orla da Praia Central entre a Rua 3920 e o molhe da Barra Sul, em uma extens\u00e3o de cerca de 1.500 metros. A obra \u00e9 executada pela FJ Construtora LTDA, vencedora da licita\u00e7\u00e3o, com investimento superior a R$ 31 milh\u00f5es, incluindo m\u00e3o de obra e fornecimento de materiais.<\/p>\n\n\n\n<h2 class=\"wp-block-heading\">Prest\u00edgio no Brasil<\/h2>\n\n\n\n<p>Outrora apelidada de &#8220;Dubai Brasileira&#8221; por seus empreendimentos extravagantes, Balne\u00e1rio Cambori\u00fa det\u00e9m o metro quadrado mais elevado de todo o territ\u00f3rio nacional. Segundo o levantamento, o metro quadrado em Balne\u00e1rio Cambori\u00fa teve pre\u00e7o m\u00e9dio de venda de\u00a0R$ 14.906\u00a0em dezembro de 2025. Com esse valor, um im\u00f3vel de\u00a050 m\u00b2, por exemplo, custaria cerca de\u00a0R$ 745,3 mil.<a href=\"https:\/\/globoplay.globo.com\/categorias\/lollapalooza\/?origemId=1779&amp;utm_source=g1&amp;utm_medium=tapume&amp;utm_campaign=aq-org_g1_conteudo_up_perf_banner_web_tier2_live_lolla-24&amp;utm_content=banner&amp;utm_term=tapume-g1-assista\" target=\"_blank\" rel=\"noopener\"><\/a><\/p>\n\n\n\n<p><strong>Confira as dez cidades com pre\u00e7o m\u00e9dio mais caro no Brasil, segundo o FipeZAP:<\/strong><\/p>\n\n\n\n<ol class=\"wp-block-list\">\n<li><strong>Balne\u00e1rio Cambori\u00fa (SC):\u00a0<\/strong>R$ 14.906;<\/li>\n\n\n\n<li><strong>Itapema (SC):\u00a0<\/strong>R$ 14.843;<\/li>\n\n\n\n<li><strong>Vit\u00f3ria (ES):\u00a0<\/strong>R$ 14.108;<\/li>\n\n\n\n<li><strong>Itaja\u00ed (SC):\u00a0<\/strong>R$ 12.848;<\/li>\n\n\n\n<li><strong>Florian\u00f3polis (SC):\u00a0<\/strong>R$ 12.773;<\/li>\n\n\n\n<li><strong>S\u00e3o Paulo (SP):\u00a0<\/strong>R$ 11.900;<\/li>\n\n\n\n<li><strong>Barueri (SP):\u00a0<\/strong>R$ 11.696;<\/li>\n\n\n\n<li><strong>Curitiba (PR):<\/strong>\u00a0R$ 11.686;<\/li>\n\n\n\n<li><strong>Rio de Janeiro (RJ):\u00a0<\/strong>R$ 10.830;<\/li>\n\n\n\n<li><strong>Belo Horizonte (MG):<\/strong>\u00a0R$ 10.642.<\/li>\n<\/ol>\n","protected":false},"excerpt":{"rendered":"<p>Para conter os danos, um muro de aproximadamente 6 km de extens\u00e3o tem sido erguido, priorizando proteger a orla da mar\u00e9 alta e da eros\u00e3o<\/p>\n","protected":false},"author":8,"featured_media":41337,"comment_status":"open","ping_status":"open","sticky":false,"template":"","format":"standard","meta":{"jnews-multi-image_gallery":[],"jnews_single_post":{"format":"standard"},"jnews_primary_category":[],"jnews_social_meta":[],"footnotes":""},"categories":[1],"tags":[],"class_list":["post-41333","post","type-post","status-publish","format-standard","has-post-thumbnail","hentry","category-mix"],"_links":{"self":[{"href":"https:\/\/correiodoestado.audiencelabs.com.br\/wp-json\/wp\/v2\/posts\/41333","targetHints":{"allow":["GET"]}}],"collection":[{"href":"https:\/\/correiodoestado.audiencelabs.com.br\/wp-json\/wp\/v2\/posts"}],"about":[{"href":"https:\/\/correiodoestado.audiencelabs.com.br\/wp-json\/wp\/v2\/types\/post"}],"author":[{"embeddable":true,"href":"https:\/\/correiodoestado.audiencelabs.com.br\/wp-json\/wp\/v2\/users\/8"}],"replies":[{"embeddable":true,"href":"https:\/\/correiodoestado.audiencelabs.com.br\/wp-json\/wp\/v2\/comments?post=41333"}],"version-history":[{"count":1,"href":"https:\/\/correiodoestado.audiencelabs.com.br\/wp-json\/wp\/v2\/posts\/41333\/revisions"}],"predecessor-version":[{"id":41346,"href":"https:\/\/correiodoestado.audiencelabs.com.br\/wp-json\/wp\/v2\/posts\/41333\/revisions\/41346"}],"wp:featuredmedia":[{"embeddable":true,"href":"https:\/\/correiodoestado.audiencelabs.com.br\/wp-json\/wp\/v2\/media\/41337"}],"wp:attachment":[{"href":"https:\/\/correiodoestado.audiencelabs.com.br\/wp-json\/wp\/v2\/media?parent=41333"}],"wp:term":[{"taxonomy":"category","embeddable":true,"href":"https:\/\/correiodoestado.audiencelabs.com.br\/wp-json\/wp\/v2\/categories?post=41333"},{"taxonomy":"post_tag","embeddable":true,"href":"https:\/\/correiodoestado.audiencelabs.com.br\/wp-json\/wp\/v2\/tags?post=41333"}],"curies":[{"name":"wp","href":"https:\/\/api.w.org\/{rel}","templated":true}]}}