{"id":41511,"date":"2026-04-26T12:45:00","date_gmt":"2026-04-26T15:45:00","guid":{"rendered":"https:\/\/correiodoestado.audiencelabs.com.br\/?p=41511"},"modified":"2026-04-23T19:56:32","modified_gmt":"2026-04-23T22:56:32","slug":"palmeiras-determina-duas-posicoes-que-abel-ferreira-tera-reforcos-no-meio-do-ano","status":"publish","type":"post","link":"https:\/\/correiodoestado.audiencelabs.com.br\/palmeiras-determina-duas-posicoes-que-abel-ferreira-tera-reforcos-no-meio-do-ano\/","title":{"rendered":"Palmeiras determina duas posi\u00e7\u00f5es que Abel Ferreira ter\u00e1 refor\u00e7os no meio do ano"},"content":{"rendered":"\n<p>Embora apresente um dos elencos mais competitivos da Am\u00e9rica do Sul, o <a href=\"https:\/\/correiodoestado.com.br\/mix\/palmeiras-pode-fechar-pacote-de-contratacoes-com-barboza-e-mais-2-jogadores-do-botafogo\/\" target=\"_blank\" rel=\"noopener\">Palmeiras<\/a> est\u00e1 disposto a potencializar seus refor\u00e7os na janela de transfer\u00eancia do meio do ano. L\u00edder isolado do Campeonato Brasileiro, o alviverde colocou como prioridade o desembarque de um zagueiro e de um primeiro volante. As posi\u00e7\u00f5es foram pedidas pelo t\u00e9cnico Abel Ferreira.<\/p>\n\n\n\n<p>Reconhecendo a import\u00e2ncia de manter o plantel din\u00e2mico, o clube paulista iniciou o mapeamento visando a contrata\u00e7\u00e3o de novas pe\u00e7as. Para ocupar a zaga, o plano A consiste em Nino, ex-jogador do Fluminense e que atualmente pertence ao Zenit, da R\u00fassia. Com contrato v\u00e1lido at\u00e9 meados de 2028, est\u00e1 avaliado em 10 milh\u00f5es de euros, quantia que na cota\u00e7\u00e3o atual corresponde a R$ 58,8 milh\u00f5es.<\/p>\n\n\n\n<figure class=\"wp-block-image size-large\"><img loading=\"lazy\" decoding=\"async\" width=\"1024\" height=\"567\" src=\"https:\/\/correiodoestado.audiencelabs.com.br\/wp-content\/uploads\/2026\/04\/WhatsApp-Image-2026-04-16-at-08.46.44-1-1024x567.jpeg\" alt=\"\" class=\"wp-image-40710\" srcset=\"https:\/\/correiodoestado.audiencelabs.com.br\/wp-content\/uploads\/2026\/04\/WhatsApp-Image-2026-04-16-at-08.46.44-1-1024x567.jpeg 1024w, https:\/\/correiodoestado.audiencelabs.com.br\/wp-content\/uploads\/2026\/04\/WhatsApp-Image-2026-04-16-at-08.46.44-1-300x166.jpeg 300w, https:\/\/correiodoestado.audiencelabs.com.br\/wp-content\/uploads\/2026\/04\/WhatsApp-Image-2026-04-16-at-08.46.44-1-768x425.jpeg 768w, https:\/\/correiodoestado.audiencelabs.com.br\/wp-content\/uploads\/2026\/04\/WhatsApp-Image-2026-04-16-at-08.46.44-1-750x415.jpeg 750w, https:\/\/correiodoestado.audiencelabs.com.br\/wp-content\/uploads\/2026\/04\/WhatsApp-Image-2026-04-16-at-08.46.44-1-1140x631.jpeg 1140w, https:\/\/correiodoestado.audiencelabs.com.br\/wp-content\/uploads\/2026\/04\/WhatsApp-Image-2026-04-16-at-08.46.44-1.jpeg 1200w\" sizes=\"auto, (max-width: 1024px) 100vw, 1024px\" \/><figcaption class=\"wp-element-caption\">Cr\u00e9ditos: Cesar Greco\/Palmeiras<\/figcaption><\/figure>\n\n\n\n<p>J\u00e1 para preencher o meio de campo, o Verd\u00e3o deseja fechar acordo com os empres\u00e1rios de Danilo, cria da academia e que hoje figura no elenco do Botafogo. Por\u00e9m, para abrir neg\u00f3cio com o advers\u00e1rio, o alvinegro carioca colocou como meta receber algo pr\u00f3ximo de R$ 205 milh\u00f5es. Os valores assustam, mas o Palmeiras n\u00e3o pretende desistir.<\/p>\n\n\n\n<p>Marcando presen\u00e7a na \u00faltima convoca\u00e7\u00e3o da Sele\u00e7\u00e3o Brasileira, a expectativa \u00e9 de que o volante esteja presente na Copa do Mundo de 2026. Caso o convite seja oficializado, a tend\u00eancia \u00e9 que o Botafogo aumente os valores de Danilo, o que pode realoc\u00e1-lo para o futebol europeu. No mais, \u00e9 v\u00e1lido destacar que o contrato do atleta com o Fog\u00e3o vai at\u00e9 meados de 2029.<\/p>\n\n\n\n<h2 class=\"wp-block-heading\">Palmeiras mira novas pe\u00e7as do Botafogo<\/h2>\n\n\n\n<p>Imerso em d\u00edvidas devido a conflitos internos entre os acionistas da Eagle Football Holdings, o Glorioso entrou em transfer ban por n\u00e3o arcar com as d\u00edvidas de contrata\u00e7\u00f5es antigas. Para ter a oportunidade de contar com a chegada de novas pe\u00e7as, o Fog\u00e3o precisa sanar as pend\u00eancias, o que pode fazer com que venda alguns de seus ativos.<\/p>\n\n\n\n<p>Nesse cen\u00e1rio, o departamento de futebol do Palmeiras sinalizou o interesse por outros tr\u00eas atletas do clube do Rio de Janeiro. Conforme apura\u00e7\u00f5es do comunicador Diego Firmino, o Verd\u00e3o depositou foco nas contrata\u00e7\u00f5es do lateral Vitinho e do atacante \u00c1lvaro Montoro. O detalhe curioso \u00e9 que Abel Ferreira e companhia tamb\u00e9m encurtaram negocia\u00e7\u00f5es com o zagueiro Alexander Barbosa.<\/p>\n","protected":false},"excerpt":{"rendered":"<p>Embora apresente um dos elencos mais competitivos da Am\u00e9rica do Sul, o Palmeiras est\u00e1 disposto a potencializar seus refor\u00e7os na janela de transfer\u00eancia do meio do ano<\/p>\n","protected":false},"author":8,"featured_media":40020,"comment_status":"open","ping_status":"open","sticky":false,"template":"","format":"standard","meta":{"jnews-multi-image_gallery":[],"jnews_single_post":{"format":"standard"},"jnews_primary_category":[],"jnews_social_meta":[],"footnotes":""},"categories":[1],"tags":[],"class_list":["post-41511","post","type-post","status-publish","format-standard","has-post-thumbnail","hentry","category-mix"],"_links":{"self":[{"href":"https:\/\/correiodoestado.audiencelabs.com.br\/wp-json\/wp\/v2\/posts\/41511","targetHints":{"allow":["GET"]}}],"collection":[{"href":"https:\/\/correiodoestado.audiencelabs.com.br\/wp-json\/wp\/v2\/posts"}],"about":[{"href":"https:\/\/correiodoestado.audiencelabs.com.br\/wp-json\/wp\/v2\/types\/post"}],"author":[{"embeddable":true,"href":"https:\/\/correiodoestado.audiencelabs.com.br\/wp-json\/wp\/v2\/users\/8"}],"replies":[{"embeddable":true,"href":"https:\/\/correiodoestado.audiencelabs.com.br\/wp-json\/wp\/v2\/comments?post=41511"}],"version-history":[{"count":1,"href":"https:\/\/correiodoestado.audiencelabs.com.br\/wp-json\/wp\/v2\/posts\/41511\/revisions"}],"predecessor-version":[{"id":41512,"href":"https:\/\/correiodoestado.audiencelabs.com.br\/wp-json\/wp\/v2\/posts\/41511\/revisions\/41512"}],"wp:featuredmedia":[{"embeddable":true,"href":"https:\/\/correiodoestado.audiencelabs.com.br\/wp-json\/wp\/v2\/media\/40020"}],"wp:attachment":[{"href":"https:\/\/correiodoestado.audiencelabs.com.br\/wp-json\/wp\/v2\/media?parent=41511"}],"wp:term":[{"taxonomy":"category","embeddable":true,"href":"https:\/\/correiodoestado.audiencelabs.com.br\/wp-json\/wp\/v2\/categories?post=41511"},{"taxonomy":"post_tag","embeddable":true,"href":"https:\/\/correiodoestado.audiencelabs.com.br\/wp-json\/wp\/v2\/tags?post=41511"}],"curies":[{"name":"wp","href":"https:\/\/api.w.org\/{rel}","templated":true}]}}