{"id":41646,"date":"2026-04-27T05:10:00","date_gmt":"2026-04-27T08:10:00","guid":{"rendered":"https:\/\/correiodoestado.audiencelabs.com.br\/?p=41646"},"modified":"2026-04-24T16:04:27","modified_gmt":"2026-04-24T19:04:27","slug":"mudanca-no-tempo-minimo-para-aposentadoria-vai-afetar-policiais-e-bombeiros-apos-nova-lei-ser-aprovada","status":"publish","type":"post","link":"https:\/\/correiodoestado.audiencelabs.com.br\/mudanca-no-tempo-minimo-para-aposentadoria-vai-afetar-policiais-e-bombeiros-apos-nova-lei-ser-aprovada\/","title":{"rendered":"Mudan\u00e7a no tempo m\u00ednimo para aposentadoria vai afetar policiais e bombeiros ap\u00f3s nova lei ser aprovada"},"content":{"rendered":"\n<p>No cen\u00e1rio atual, a regra nacional exige no m\u00ednimo 30 anos de servi\u00e7o para que a <a href=\"https:\/\/correiodoestado.com.br\/mix\/todo-idoso-tem-direito-a-aposentadoria-do-conjuge-falecido\/\" target=\"_blank\" rel=\"noreferrer noopener\">aposentadoria<\/a> integral seja concedida a policiais e bombeiros militares. Por\u00e9m, um novo acordo pode entrar em vigor, j\u00e1 que est\u00e1 em fase de tramita\u00e7\u00e3o no Congresso o Projeto de Lei 317\/2022. O objetivo \u00e9 reduzir o tempo de contribui\u00e7\u00e3o, gerando uma maior flexibiliza\u00e7\u00e3o aos moldes nacionais.<\/p>\n\n\n\n<p>O autor da proposta, o deputado Junio Amaral (PL-MG), que \u00e9 policial militar reformado, estabelece no texto a redu\u00e7\u00e3o para 20 anos de tempo de atividade militar m\u00ednimo para assegurar a remunera\u00e7\u00e3o integral na inatividade ao policial ou bombeiro militar. Para dar sustenta\u00e7\u00e3o a seu projeto, o parlamentar reafirma que esses profissionais s\u00e3o colocados em risco todos os dias, passando de seus hor\u00e1rios de atua\u00e7\u00e3o.<\/p>\n\n\n\n<figure class=\"wp-block-image size-large\"><img loading=\"lazy\" decoding=\"async\" width=\"1024\" height=\"576\" src=\"https:\/\/correiodoestado.audiencelabs.com.br\/wp-content\/uploads\/2026\/04\/publikasi-smkn-1-cibadak-sAlGmEma45s-unsplash-1-1024x576.jpg\" alt=\"\" class=\"wp-image-41656\" srcset=\"https:\/\/correiodoestado.audiencelabs.com.br\/wp-content\/uploads\/2026\/04\/publikasi-smkn-1-cibadak-sAlGmEma45s-unsplash-1-1024x576.jpg 1024w, https:\/\/correiodoestado.audiencelabs.com.br\/wp-content\/uploads\/2026\/04\/publikasi-smkn-1-cibadak-sAlGmEma45s-unsplash-1-300x169.jpg 300w, https:\/\/correiodoestado.audiencelabs.com.br\/wp-content\/uploads\/2026\/04\/publikasi-smkn-1-cibadak-sAlGmEma45s-unsplash-1-768x432.jpg 768w, https:\/\/correiodoestado.audiencelabs.com.br\/wp-content\/uploads\/2026\/04\/publikasi-smkn-1-cibadak-sAlGmEma45s-unsplash-1-1536x864.jpg 1536w, https:\/\/correiodoestado.audiencelabs.com.br\/wp-content\/uploads\/2026\/04\/publikasi-smkn-1-cibadak-sAlGmEma45s-unsplash-1-750x422.jpg 750w, https:\/\/correiodoestado.audiencelabs.com.br\/wp-content\/uploads\/2026\/04\/publikasi-smkn-1-cibadak-sAlGmEma45s-unsplash-1-1140x641.jpg 1140w, https:\/\/correiodoestado.audiencelabs.com.br\/wp-content\/uploads\/2026\/04\/publikasi-smkn-1-cibadak-sAlGmEma45s-unsplash-1.jpg 1920w\" sizes=\"auto, (max-width: 1024px) 100vw, 1024px\" \/><figcaption class=\"wp-element-caption\">Cr\u00e9ditos: Unsplash<\/figcaption><\/figure>\n\n\n\n<p>&#8220;N\u00e3o raras vezes, o policial militar se v\u00ea obrigado a ultrapassar, e muito, seu hor\u00e1rio pr\u00e9-definido na escala, para acompanhar a confec\u00e7\u00e3o dos flagrantes decorrentes das pris\u00f5es em que atuou&#8221;, destaca o autor do PL. A proposta tramita em car\u00e1ter conclusivo e ser\u00e1 analisada pelas comiss\u00f5es de Seguran\u00e7a P\u00fablica e Combate ao Crime Organizado; de Seguridade Social e Fam\u00edlia; de Finan\u00e7as e Tributa\u00e7\u00e3o; e de Constitui\u00e7\u00e3o e Justi\u00e7a e de Cidadania.<\/p>\n\n\n\n<h2 class=\"wp-block-heading\">Acesso \u00e0 aposentadoria est\u00e1 caminhando<\/h2>\n\n\n\n<p>A princ\u00edpio, o texto foi aprovado pela Comiss\u00e3o de Constitui\u00e7\u00e3o e Justi\u00e7a e de Cidadania da C\u00e2mara, mas precisar\u00e1 passar pelo Senado. Em resumo, o PL autoriza os Estados e o Distrito Federal a reduzirem, por lei pr\u00f3pria, o tempo m\u00ednimo de atividade militar em at\u00e9 cinco anos. Hoje, a regra nacional exige 35 anos de servi\u00e7o para a aposentadoria integral, em que ao menos 30 devem ocorrer em atividade militar.<\/p>\n\n\n\n<p>O projeto altera ainda a regra de transi\u00e7\u00e3o para quem ingressou antes de 2020 e ainda n\u00e3o cumpriu os requisitos. Pela regra atual, esse grupo precisa completar 25 anos de servi\u00e7o militar e ainda pagar um ped\u00e1gio de quatro meses para cada ano que falta. Com a altera\u00e7\u00e3o, os Estados poder\u00e3o reduzir esse m\u00ednimo para 20 anos.<\/p>\n","protected":false},"excerpt":{"rendered":"<p>No cen\u00e1rio atual, a regra nacional exige no m\u00ednimo 30 anos de servi\u00e7o para que a aposentadoria integral seja concebida a policiais e bombeiros militares<\/p>\n","protected":false},"author":8,"featured_media":41655,"comment_status":"open","ping_status":"open","sticky":false,"template":"","format":"standard","meta":{"jnews-multi-image_gallery":[],"jnews_single_post":{"format":"standard"},"jnews_primary_category":[],"jnews_social_meta":[],"footnotes":""},"categories":[1],"tags":[],"class_list":["post-41646","post","type-post","status-publish","format-standard","has-post-thumbnail","hentry","category-mix"],"_links":{"self":[{"href":"https:\/\/correiodoestado.audiencelabs.com.br\/wp-json\/wp\/v2\/posts\/41646","targetHints":{"allow":["GET"]}}],"collection":[{"href":"https:\/\/correiodoestado.audiencelabs.com.br\/wp-json\/wp\/v2\/posts"}],"about":[{"href":"https:\/\/correiodoestado.audiencelabs.com.br\/wp-json\/wp\/v2\/types\/post"}],"author":[{"embeddable":true,"href":"https:\/\/correiodoestado.audiencelabs.com.br\/wp-json\/wp\/v2\/users\/8"}],"replies":[{"embeddable":true,"href":"https:\/\/correiodoestado.audiencelabs.com.br\/wp-json\/wp\/v2\/comments?post=41646"}],"version-history":[{"count":1,"href":"https:\/\/correiodoestado.audiencelabs.com.br\/wp-json\/wp\/v2\/posts\/41646\/revisions"}],"predecessor-version":[{"id":41657,"href":"https:\/\/correiodoestado.audiencelabs.com.br\/wp-json\/wp\/v2\/posts\/41646\/revisions\/41657"}],"wp:featuredmedia":[{"embeddable":true,"href":"https:\/\/correiodoestado.audiencelabs.com.br\/wp-json\/wp\/v2\/media\/41655"}],"wp:attachment":[{"href":"https:\/\/correiodoestado.audiencelabs.com.br\/wp-json\/wp\/v2\/media?parent=41646"}],"wp:term":[{"taxonomy":"category","embeddable":true,"href":"https:\/\/correiodoestado.audiencelabs.com.br\/wp-json\/wp\/v2\/categories?post=41646"},{"taxonomy":"post_tag","embeddable":true,"href":"https:\/\/correiodoestado.audiencelabs.com.br\/wp-json\/wp\/v2\/tags?post=41646"}],"curies":[{"name":"wp","href":"https:\/\/api.w.org\/{rel}","templated":true}]}}