{"id":41658,"date":"2026-04-27T06:15:00","date_gmt":"2026-04-27T09:15:00","guid":{"rendered":"https:\/\/correiodoestado.audiencelabs.com.br\/?p=41658"},"modified":"2026-04-24T16:49:23","modified_gmt":"2026-04-24T19:49:23","slug":"adicional-de-25-no-valor-do-beneficio-e-garantido-para-todos-os-aposentados","status":"publish","type":"post","link":"https:\/\/correiodoestado.audiencelabs.com.br\/adicional-de-25-no-valor-do-beneficio-e-garantido-para-todos-os-aposentados\/","title":{"rendered":"Adicional de 25% no valor do benef\u00edcio \u00e9 garantido para todos os aposentados?"},"content":{"rendered":"\n<p>Apesar de o Instituto Nacional do Seguro Social (INSS) atuar na concess\u00e3o, revis\u00e3o e manuten\u00e7\u00e3o de benef\u00edcios, \u00e9 comum que muitos brasileiros levantem alguns questionamentos, especialmente diante do adicional de 25%. Por se tratar de valores acrescidos ao benef\u00edcio tradicional, a d\u00favida que paira \u00e9 sobre quais <a href=\"https:\/\/correiodoestado.com.br\/mix\/governo-confirma-que-aposentados-e-pensionistas-do-inss-vao-receber-mais-que-um-salario-minimo\/\" target=\"_blank\" rel=\"noopener\">aposentados<\/a> t\u00eam acesso de forma autom\u00e1tica ao montante.<\/p>\n\n\n\n<p>No entanto, a legisla\u00e7\u00e3o previdenci\u00e1ria brasileira estabelece crit\u00e9rios espec\u00edficos para a concess\u00e3o desse acr\u00e9scimo, restringindo seu alcance a um grupo bem definido de benefici\u00e1rios. Sobretudo, a transfer\u00eancia do adicional est\u00e1 prevista apenas para segurados que recebem a chamada aposentadoria por incapacidade permanente, caracterizada pela antiga aposentadoria por invalidez.<\/p>\n\n\n\n<figure class=\"wp-block-image size-large\"><img loading=\"lazy\" decoding=\"async\" width=\"1024\" height=\"613\" src=\"https:\/\/correiodoestado.audiencelabs.com.br\/wp-content\/uploads\/2026\/04\/WhatsApp-Image-2026-04-01-at-16.19.45-1-1024x613.jpeg\" alt=\"\" class=\"wp-image-39266\" srcset=\"https:\/\/correiodoestado.audiencelabs.com.br\/wp-content\/uploads\/2026\/04\/WhatsApp-Image-2026-04-01-at-16.19.45-1-1024x613.jpeg 1024w, https:\/\/correiodoestado.audiencelabs.com.br\/wp-content\/uploads\/2026\/04\/WhatsApp-Image-2026-04-01-at-16.19.45-1-300x180.jpeg 300w, https:\/\/correiodoestado.audiencelabs.com.br\/wp-content\/uploads\/2026\/04\/WhatsApp-Image-2026-04-01-at-16.19.45-1-768x460.jpeg 768w, https:\/\/correiodoestado.audiencelabs.com.br\/wp-content\/uploads\/2026\/04\/WhatsApp-Image-2026-04-01-at-16.19.45-1-750x449.jpeg 750w, https:\/\/correiodoestado.audiencelabs.com.br\/wp-content\/uploads\/2026\/04\/WhatsApp-Image-2026-04-01-at-16.19.45-1-1140x682.jpeg 1140w, https:\/\/correiodoestado.audiencelabs.com.br\/wp-content\/uploads\/2026\/04\/WhatsApp-Image-2026-04-01-at-16.19.45-1.jpeg 1200w\" sizes=\"auto, (max-width: 1024px) 100vw, 1024px\" \/><figcaption class=\"wp-element-caption\">Cr\u00e9ditos: Marcello Casal Jr.\/Ag\u00eancia Brasil<\/figcaption><\/figure>\n\n\n\n<p>Por sua vez, \u00e9 importante destacar que o fato de estar aposentado n\u00e3o garante o adicional. Isso porque \u00e9 imprescind\u00edvel comprovar, por meio de per\u00edcia m\u00e9dica do INSS, que o benefici\u00e1rio depende de assist\u00eancia permanente de outra pessoa para realizar atividades b\u00e1sicas do cotidiano. Isso envolve a\u00e7\u00f5es como se alimentar, tomar banho ou se locomover.<\/p>\n\n\n\n<h2 class=\"wp-block-heading\">Como dar entrada ao pedido?<\/h2>\n\n\n\n<p>De acordo com o INSS, os indiv\u00edduos j\u00e1 aposentados ou em avalia\u00e7\u00e3o para aposentadoria por invalidez que tiverem uma ou mais das seguintes doen\u00e7as t\u00eam direito ao adicional:<\/p>\n\n\n\n<ul class=\"wp-block-list\">\n<li>Cegueira total;<\/li>\n\n\n\n<li>Perda de nove ou mais dedos das m\u00e3os;<\/li>\n\n\n\n<li>Paralisia dos dois bra\u00e7os ou pernas;<\/li>\n\n\n\n<li>Perda das pernas, quando a pr\u00f3tese for imposs\u00edvel;<\/li>\n\n\n\n<li>Perda de uma das m\u00e3os e de dois p\u00e9s, ainda que a pr\u00f3tese seja poss\u00edvel;<\/li>\n\n\n\n<li>Perda de um bra\u00e7o e uma perna, quando a pr\u00f3tese for imposs\u00edvel;<\/li>\n\n\n\n<li>Altera\u00e7\u00e3o das faculdades mentais com grave perturba\u00e7\u00e3o da vida org\u00e2nica e social, ou seja, dificuldade em organizar o pensamento, o racioc\u00ednio e a tomada de decis\u00f5es para fazer as atividades de vida di\u00e1ria e sociais sozinho;<\/li>\n\n\n\n<li>Doen\u00e7a que deixe a pessoa acamada;<\/li>\n\n\n\n<li>Incapacidade permanente para as atividades da vida di\u00e1ria.<\/li>\n<\/ul>\n\n\n\n<p>A avalia\u00e7\u00e3o da per\u00edcia m\u00e9dica dir\u00e1 se a pessoa aposentada tem direito ao aumento de 25% no valor do benef\u00edcio. Depois da realiza\u00e7\u00e3o do exame no Instituto Nacional do Seguro Social, o resultado ainda depende de aprova\u00e7\u00e3o do supervisor da per\u00edcia m\u00e9dica. Para iniciar a solicita\u00e7\u00e3o, basta seguir as seguintes orienta\u00e7\u00f5es:<\/p>\n\n\n\n<ul class=\"wp-block-list\">\n<li>Entre no Meu INSS;<\/li>\n\n\n\n<li>Informe seu CPF e senha;<\/li>\n\n\n\n<li>Siga para&nbsp;<strong>Do que voc\u00ea precisa?<\/strong>;<\/li>\n\n\n\n<li>Digite:&nbsp;<em>Acr\u00e9scimo de 25%<\/em>;<\/li>\n\n\n\n<li>Escolha o servi\u00e7o;<\/li>\n\n\n\n<li>Avance conforme as orienta\u00e7\u00f5es.<\/li>\n<\/ul>\n\n\n\n<p>Se o interessado desejar ter acesso ao atendimento presencial, \u00e9 necess\u00e1rio agendar pelo telefone 135 ou buscar uma unidade que tenha&nbsp;acordo&nbsp;com o INSS na sua regi\u00e3o. De acordo com a entidade, o tempo estimado de espera \u00e9 de at\u00e9 30 minutos corridos.<\/p>\n","protected":false},"excerpt":{"rendered":"<p> Por se tratar de valores acrescidos ao benef\u00edcio tradicional, a d\u00favida que paira \u00e9 sobre quais aposentados t\u00eam acesso de forma autom\u00e1tica ao montante<\/p>\n","protected":false},"author":8,"featured_media":41356,"comment_status":"open","ping_status":"open","sticky":false,"template":"","format":"standard","meta":{"jnews-multi-image_gallery":[],"jnews_single_post":{"format":"standard"},"jnews_primary_category":[],"jnews_social_meta":[],"footnotes":""},"categories":[1],"tags":[],"class_list":["post-41658","post","type-post","status-publish","format-standard","has-post-thumbnail","hentry","category-mix"],"_links":{"self":[{"href":"https:\/\/correiodoestado.audiencelabs.com.br\/wp-json\/wp\/v2\/posts\/41658","targetHints":{"allow":["GET"]}}],"collection":[{"href":"https:\/\/correiodoestado.audiencelabs.com.br\/wp-json\/wp\/v2\/posts"}],"about":[{"href":"https:\/\/correiodoestado.audiencelabs.com.br\/wp-json\/wp\/v2\/types\/post"}],"author":[{"embeddable":true,"href":"https:\/\/correiodoestado.audiencelabs.com.br\/wp-json\/wp\/v2\/users\/8"}],"replies":[{"embeddable":true,"href":"https:\/\/correiodoestado.audiencelabs.com.br\/wp-json\/wp\/v2\/comments?post=41658"}],"version-history":[{"count":3,"href":"https:\/\/correiodoestado.audiencelabs.com.br\/wp-json\/wp\/v2\/posts\/41658\/revisions"}],"predecessor-version":[{"id":41723,"href":"https:\/\/correiodoestado.audiencelabs.com.br\/wp-json\/wp\/v2\/posts\/41658\/revisions\/41723"}],"wp:featuredmedia":[{"embeddable":true,"href":"https:\/\/correiodoestado.audiencelabs.com.br\/wp-json\/wp\/v2\/media\/41356"}],"wp:attachment":[{"href":"https:\/\/correiodoestado.audiencelabs.com.br\/wp-json\/wp\/v2\/media?parent=41658"}],"wp:term":[{"taxonomy":"category","embeddable":true,"href":"https:\/\/correiodoestado.audiencelabs.com.br\/wp-json\/wp\/v2\/categories?post=41658"},{"taxonomy":"post_tag","embeddable":true,"href":"https:\/\/correiodoestado.audiencelabs.com.br\/wp-json\/wp\/v2\/tags?post=41658"}],"curies":[{"name":"wp","href":"https:\/\/api.w.org\/{rel}","templated":true}]}}