{"id":41696,"date":"2026-04-27T08:15:00","date_gmt":"2026-04-27T11:15:00","guid":{"rendered":"https:\/\/correiodoestado.audiencelabs.com.br\/?p=41696"},"modified":"2026-04-24T20:13:31","modified_gmt":"2026-04-24T23:13:31","slug":"santos-coloca-5-jogadores-na-barca-de-saidas-para-a-proxima-janela","status":"publish","type":"post","link":"https:\/\/correiodoestado.audiencelabs.com.br\/santos-coloca-5-jogadores-na-barca-de-saidas-para-a-proxima-janela\/","title":{"rendered":"Santos coloca 5 jogadores na barca de sa\u00eddas para a pr\u00f3xima janela"},"content":{"rendered":"\n<p>Diante de uma temporada tomada por oscila\u00e7\u00f5es, o <a href=\"https:\/\/correiodoestado.com.br\/mix\/neymar-vai-enfrentar-seu-maior-desafio-no-santos-para-conquistar-vaga-na-copa-do-mundo\/\" target=\"_blank\" rel=\"noopener\">Santos<\/a> pretende colocar em opera\u00e7\u00e3o uma nova estrat\u00e9gia de reconstru\u00e7\u00e3o. Reconhecendo a m\u00e1 fase, a diretoria alvinegra entende que ajustes s\u00e3o inevit\u00e1veis, o que tende a colocar cinco atletas na barca de dispensas. A ideia \u00e9 desafogar a folha salarial e investir em pe\u00e7as assertivas.<\/p>\n\n\n\n<p>Ocupando a 15\u00aa posi\u00e7\u00e3o do Campeonato Brasileiro, o Peixe tenta se reerguer ainda na Copa Sul-Americana. O objetivo central dos dirigentes \u00e9 mexer na estrutura atual, tendo em vista a necessidade de movimentar a receita da institui\u00e7\u00e3o. Por sua vez, o quinteto n\u00e3o faz parte dos planos da comiss\u00e3o t\u00e9cnica, que atualmente conta com Cuca.<\/p>\n\n\n\n<figure class=\"wp-block-image size-large\"><img loading=\"lazy\" decoding=\"async\" width=\"1024\" height=\"683\" src=\"https:\/\/correiodoestado.audiencelabs.com.br\/wp-content\/uploads\/2026\/04\/55224833723_d829d6679b_k-1-1024x683.jpg\" alt=\"\" class=\"wp-image-41697\" srcset=\"https:\/\/correiodoestado.audiencelabs.com.br\/wp-content\/uploads\/2026\/04\/55224833723_d829d6679b_k-1-1024x683.jpg 1024w, https:\/\/correiodoestado.audiencelabs.com.br\/wp-content\/uploads\/2026\/04\/55224833723_d829d6679b_k-1-300x200.jpg 300w, https:\/\/correiodoestado.audiencelabs.com.br\/wp-content\/uploads\/2026\/04\/55224833723_d829d6679b_k-1-768x512.jpg 768w, https:\/\/correiodoestado.audiencelabs.com.br\/wp-content\/uploads\/2026\/04\/55224833723_d829d6679b_k-1-1536x1025.jpg 1536w, https:\/\/correiodoestado.audiencelabs.com.br\/wp-content\/uploads\/2026\/04\/55224833723_d829d6679b_k-1-750x500.jpg 750w, https:\/\/correiodoestado.audiencelabs.com.br\/wp-content\/uploads\/2026\/04\/55224833723_d829d6679b_k-1-1140x760.jpg 1140w, https:\/\/correiodoestado.audiencelabs.com.br\/wp-content\/uploads\/2026\/04\/55224833723_d829d6679b_k-1.jpg 2048w\" sizes=\"auto, (max-width: 1024px) 100vw, 1024px\" \/><figcaption class=\"wp-element-caption\">Cr\u00e9ditos: Raul Baretta\/Santos FC<\/figcaption><\/figure>\n\n\n\n<p>De acordo com as informa\u00e7\u00f5es preliminares, os nomes citados s\u00e3o os de\u00a0Z\u00e9 Ivaldo, Mayke, Z\u00e9 Rafael, Jo\u00e3o Schmidt e Rollheiser, cada um vivendo um cen\u00e1rio diferente internamente. Ainda que alguns nomes possuam contrato em vig\u00eancia, podem render valores elevados. Isso porque a janela de transfer\u00eancia do meio do ano promete movimentar todo o mercado nacional.<\/p>\n\n\n\n<h2 class=\"wp-block-heading\">Proje\u00e7\u00f5es para a segunda janela<\/h2>\n\n\n\n<p>Embora possua limita\u00e7\u00f5es or\u00e7ament\u00e1rias, o Alvinegro Praiano deseja refor\u00e7ar algumas posi\u00e7\u00f5es dentro das quatro linhas. A pedido do t\u00e9cnico Cuca, o departamento de futebol ir\u00e1 encurtar di\u00e1logos em fun\u00e7\u00e3o da contrata\u00e7\u00e3o de um zagueiro, um lateral e um meia. Esses pilares ser\u00e3o essenciais, tendo em vista que s\u00e3o car\u00eancias atuais no elenco.<\/p>\n\n\n\n<p>A fim de n\u00e3o asfixiar as finan\u00e7as, o Santos n\u00e3o pretende investir em atletas muito badalados ou com sal\u00e1rios elevados. O ponto central diz respeito a intensificar a procura por pe\u00e7as que se encaixem na realidade atual. Assim como Neymar, o plano \u00e9 fechar com nomes que aumentem o n\u00edvel da equipe sem inflar ainda mais a folha salarial.<\/p>\n\n\n\n<h2 class=\"wp-block-heading\">Pr\u00f3ximos compromissos do Peixe:<\/h2>\n\n\n\n<ul class=\"wp-block-list\">\n<li>28 de abril: <strong>San Lorenzo x Peixe<\/strong> &#8211; Copa Sul-Americana;<\/li>\n\n\n\n<li>2 de maio: <strong>Palmeiras x Peixe <\/strong>&#8211; Campeonato Brasileiro;<\/li>\n\n\n\n<li>5 de maio: <strong>Deportivo Recoleta x Peixe<\/strong> &#8211; Copa Sul-Americana;<\/li>\n\n\n\n<li>10 de maio: <strong>Peixe x Bragantino<\/strong> &#8211; Campeonato Brasileiro;<\/li>\n\n\n\n<li>13 de maio: <strong>Coritiba x Peixe<\/strong> &#8211; Copa do Brasil.<\/li>\n<\/ul>\n\n\n\n<p><\/p>\n","protected":false},"excerpt":{"rendered":"<p>Diante de uma temporada tomada por oscila\u00e7\u00f5es, o Santos pretende colocar em opera\u00e7\u00e3o uma nova estrat\u00e9gia de reconstru\u00e7\u00e3o<\/p>\n","protected":false},"author":8,"featured_media":41698,"comment_status":"open","ping_status":"open","sticky":false,"template":"","format":"standard","meta":{"jnews-multi-image_gallery":[],"jnews_single_post":{"format":"standard"},"jnews_primary_category":[],"jnews_social_meta":[],"footnotes":""},"categories":[1],"tags":[],"class_list":["post-41696","post","type-post","status-publish","format-standard","has-post-thumbnail","hentry","category-mix"],"_links":{"self":[{"href":"https:\/\/correiodoestado.audiencelabs.com.br\/wp-json\/wp\/v2\/posts\/41696","targetHints":{"allow":["GET"]}}],"collection":[{"href":"https:\/\/correiodoestado.audiencelabs.com.br\/wp-json\/wp\/v2\/posts"}],"about":[{"href":"https:\/\/correiodoestado.audiencelabs.com.br\/wp-json\/wp\/v2\/types\/post"}],"author":[{"embeddable":true,"href":"https:\/\/correiodoestado.audiencelabs.com.br\/wp-json\/wp\/v2\/users\/8"}],"replies":[{"embeddable":true,"href":"https:\/\/correiodoestado.audiencelabs.com.br\/wp-json\/wp\/v2\/comments?post=41696"}],"version-history":[{"count":1,"href":"https:\/\/correiodoestado.audiencelabs.com.br\/wp-json\/wp\/v2\/posts\/41696\/revisions"}],"predecessor-version":[{"id":41699,"href":"https:\/\/correiodoestado.audiencelabs.com.br\/wp-json\/wp\/v2\/posts\/41696\/revisions\/41699"}],"wp:featuredmedia":[{"embeddable":true,"href":"https:\/\/correiodoestado.audiencelabs.com.br\/wp-json\/wp\/v2\/media\/41698"}],"wp:attachment":[{"href":"https:\/\/correiodoestado.audiencelabs.com.br\/wp-json\/wp\/v2\/media?parent=41696"}],"wp:term":[{"taxonomy":"category","embeddable":true,"href":"https:\/\/correiodoestado.audiencelabs.com.br\/wp-json\/wp\/v2\/categories?post=41696"},{"taxonomy":"post_tag","embeddable":true,"href":"https:\/\/correiodoestado.audiencelabs.com.br\/wp-json\/wp\/v2\/tags?post=41696"}],"curies":[{"name":"wp","href":"https:\/\/api.w.org\/{rel}","templated":true}]}}