{"id":41716,"date":"2026-04-27T09:15:00","date_gmt":"2026-04-27T12:15:00","guid":{"rendered":"https:\/\/correiodoestado.audiencelabs.com.br\/?p=41716"},"modified":"2026-04-26T14:45:57","modified_gmt":"2026-04-26T17:45:57","slug":"neymar-e-colocado-no-mesmo-patamar-de-messi-antes-da-copa-do-mundo","status":"publish","type":"post","link":"https:\/\/correiodoestado.audiencelabs.com.br\/neymar-e-colocado-no-mesmo-patamar-de-messi-antes-da-copa-do-mundo\/","title":{"rendered":"Neymar \u00e9 colocado no mesmo patamar de Messi antes da Copa do Mundo"},"content":{"rendered":"\n<p>Restando menos de um m\u00eas para a convoca\u00e7\u00e3o final de Carlo Ancelotti em fun\u00e7\u00e3o da Copa do Mundo, o nome de <a href=\"https:\/\/correiodoestado.com.br\/mix\/marcia-sensitiva-revela-qual-pessoa-e-um-anjo-da-guarda-na-vida-de-neymar\/\" target=\"_blank\" rel=\"noopener\">Neymar <\/a>\u00e9 visto como distante. Embora esteja muito abaixo das expectativas dentro das quatro linhas, o meia-atacante foi colocado no mesmo patamar que Lionel Messi. Segundo Xavi, \u00eddolo do Barcelona, o craque do Santos foi o que mais se aproximou do argentino em termos de habilidade.<\/p>\n\n\n\n<p>Em entrevista cedida \u00e0 Rom\u00e1rio TV, o ex-meio-campista relembrou seus momentos \u00e1ureos dentro de campo, por onde ergueu todas as ta\u00e7as com a camisa do Barcelona. Surpreendendo muitos amantes de futebol, Xavi disse que Neymar <a href=\"https:\/\/globoplay.globo.com\/categorias\/lollapalooza\/\" target=\"_blank\" rel=\"noopener\"><\/a>foi o atleta mais parecido com o craque argentino. Al\u00e9m disso, revelou tamb\u00e9m que pediu a volta do brasileiro quando treinou o time espanhol, entre 2022 e 2024.<\/p>\n\n\n\n<figure class=\"wp-block-image size-large\"><img loading=\"lazy\" decoding=\"async\" width=\"1024\" height=\"576\" src=\"https:\/\/correiodoestado.audiencelabs.com.br\/wp-content\/uploads\/2026\/04\/C8AKhORWsAAVcae-1-1-1024x576.jpg\" alt=\"\" class=\"wp-image-41718\" srcset=\"https:\/\/correiodoestado.audiencelabs.com.br\/wp-content\/uploads\/2026\/04\/C8AKhORWsAAVcae-1-1-1024x576.jpg 1024w, https:\/\/correiodoestado.audiencelabs.com.br\/wp-content\/uploads\/2026\/04\/C8AKhORWsAAVcae-1-1-300x169.jpg 300w, https:\/\/correiodoestado.audiencelabs.com.br\/wp-content\/uploads\/2026\/04\/C8AKhORWsAAVcae-1-1-768x432.jpg 768w, https:\/\/correiodoestado.audiencelabs.com.br\/wp-content\/uploads\/2026\/04\/C8AKhORWsAAVcae-1-1-750x422.jpg 750w, https:\/\/correiodoestado.audiencelabs.com.br\/wp-content\/uploads\/2026\/04\/C8AKhORWsAAVcae-1-1-1140x641.jpg 1140w, https:\/\/correiodoestado.audiencelabs.com.br\/wp-content\/uploads\/2026\/04\/C8AKhORWsAAVcae-1-1.jpg 1200w\" sizes=\"auto, (max-width: 1024px) 100vw, 1024px\" \/><figcaption class=\"wp-element-caption\">Cr\u00e9ditos: Divulga\u00e7\u00e3o\/Barcelona<\/figcaption><\/figure>\n\n\n\n<p>&#8220;O que vi do Neymar durante sua primeira semana conosco foi o mais pr\u00f3ximo que ele chegou do Messi. N\u00e3o vi nenhum jogador t\u00e3o parecido com o Messi quanto o Neymar era quando chegou ao Bar\u00e7a aos 21 anos. Ele n\u00e3o p\u00f4de voltar quando eu era treinador, mas isso se deveu \u00e0 situa\u00e7\u00e3o financeira do clube&#8221;, disse o campe\u00e3o do mundo com a Sele\u00e7\u00e3o da Argentina.<\/p>\n\n\n\n<p>O meia-atacante desembarcou em solo europeu na temporada 2013\/14, permanecendo at\u00e9 2017, quando assinou com o Paris Saint-Germain. Ao longo das quatro temporadas, entrou em campo em 176 partidas, sendo recompensado com 105 gols e 62 assist\u00eancias. Para muitos especialistas, foi a melhor fase do brasileiro no mundo do futebol, especialmente por faturar os seguintes t\u00edtulos:<\/p>\n\n\n\n<ul class=\"wp-block-list\">\n<li>Champions League (2014\/15);<\/li>\n\n\n\n<li>Mundial de Clubes (2015); <\/li>\n\n\n\n<li>Campeonato Espanhol (2014\/15 e 2015\/16); <\/li>\n\n\n\n<li>Supercopa da Espanha (2013); <\/li>\n\n\n\n<li>Ta\u00e7a da Espanha (2014\/15, 2015\/16 e 2016\/17).<a href=\"https:\/\/globoplay.globo.com\/categorias\/lollapalooza\/\" target=\"_blank\" rel=\"noopener\"><\/a><\/li>\n<\/ul>\n\n\n\n<h2 class=\"wp-block-heading\">Contagem regressiva para a Copa do Mundo<\/h2>\n\n\n\n<p>Na atual temporada, Neymar entrou em campo em 10 partidas, pode onde anotou quatro gols e tr\u00eas assist\u00eancias. Apesar de os n\u00fameros chamarem aten\u00e7\u00e3o, n\u00e3o s\u00e3o empolgantes para a comiss\u00e3o t\u00e9cnica de Carlo Ancelotti. Isso porque o craque vem enfrentando problemas constantes com les\u00f5es. Por sua vez, seu nome n\u00e3o foi cortado em definitivo do Mundial.<\/p>\n\n\n\n<p>De acordo com a Confedera\u00e7\u00e3o Brasileira de Futebol (CBF), o italiano ir\u00e1 revelar os nomes para o torneio organizado pela FIFA no dia 18 de maio. A ideia \u00e9 contar com os destaques, embora muitos dos pilares tenham sido descartados. A t\u00edtulo de curiosidade, \u00c9der Milit\u00e3o e Rodrygo est\u00e3o fora da Copa do Mundo por les\u00e3o, enquanto Est\u00eav\u00e3o vem sendo monitorado.<\/p>\n","protected":false},"excerpt":{"rendered":"<p>\u00cddolo do Barcelona surpreende torcedores ao colocar Neymar no mesmo patamar que Lionel Messi. Declara\u00e7\u00e3o ocorreu antes da lista final de disputa da Copa do Mundo<\/p>\n","protected":false},"author":8,"featured_media":41719,"comment_status":"open","ping_status":"open","sticky":false,"template":"","format":"standard","meta":{"jnews-multi-image_gallery":[],"jnews_single_post":{"format":"standard"},"jnews_primary_category":[],"jnews_social_meta":[],"footnotes":""},"categories":[1],"tags":[],"class_list":["post-41716","post","type-post","status-publish","format-standard","has-post-thumbnail","hentry","category-mix"],"_links":{"self":[{"href":"https:\/\/correiodoestado.audiencelabs.com.br\/wp-json\/wp\/v2\/posts\/41716","targetHints":{"allow":["GET"]}}],"collection":[{"href":"https:\/\/correiodoestado.audiencelabs.com.br\/wp-json\/wp\/v2\/posts"}],"about":[{"href":"https:\/\/correiodoestado.audiencelabs.com.br\/wp-json\/wp\/v2\/types\/post"}],"author":[{"embeddable":true,"href":"https:\/\/correiodoestado.audiencelabs.com.br\/wp-json\/wp\/v2\/users\/8"}],"replies":[{"embeddable":true,"href":"https:\/\/correiodoestado.audiencelabs.com.br\/wp-json\/wp\/v2\/comments?post=41716"}],"version-history":[{"count":1,"href":"https:\/\/correiodoestado.audiencelabs.com.br\/wp-json\/wp\/v2\/posts\/41716\/revisions"}],"predecessor-version":[{"id":41720,"href":"https:\/\/correiodoestado.audiencelabs.com.br\/wp-json\/wp\/v2\/posts\/41716\/revisions\/41720"}],"wp:featuredmedia":[{"embeddable":true,"href":"https:\/\/correiodoestado.audiencelabs.com.br\/wp-json\/wp\/v2\/media\/41719"}],"wp:attachment":[{"href":"https:\/\/correiodoestado.audiencelabs.com.br\/wp-json\/wp\/v2\/media?parent=41716"}],"wp:term":[{"taxonomy":"category","embeddable":true,"href":"https:\/\/correiodoestado.audiencelabs.com.br\/wp-json\/wp\/v2\/categories?post=41716"},{"taxonomy":"post_tag","embeddable":true,"href":"https:\/\/correiodoestado.audiencelabs.com.br\/wp-json\/wp\/v2\/tags?post=41716"}],"curies":[{"name":"wp","href":"https:\/\/api.w.org\/{rel}","templated":true}]}}