{"id":41741,"date":"2026-04-27T11:58:00","date_gmt":"2026-04-27T14:58:00","guid":{"rendered":"https:\/\/correiodoestado.audiencelabs.com.br\/?p=41741"},"modified":"2026-04-27T11:57:40","modified_gmt":"2026-04-27T14:57:40","slug":"lesoes-tiram-8-jogadores-famosos-da-copa-do-mundo-de-2026","status":"publish","type":"post","link":"https:\/\/correiodoestado.audiencelabs.com.br\/lesoes-tiram-8-jogadores-famosos-da-copa-do-mundo-de-2026\/","title":{"rendered":"Les\u00f5es tiram 8 jogadores famosos da Copa do Mundo de 2026"},"content":{"rendered":"\n<p>A Copa do Mundo de 2026 est\u00e1 prestes a come\u00e7ar e alguns jogadores famosos ter\u00e3o que ficar de fora da disputa por conta de les\u00f5es. A bola come\u00e7a a rolar pelo Mundial no dia 11 de junho, quando M\u00e9xico e \u00c1frica do Sul fazem a partida de abertura no Est\u00e1dio Azteca, na Cidade do M\u00e9xico. Confira a seguir a lista de oito jogadores que n\u00e3o estar\u00e3o presentes na competi\u00e7\u00e3o:<\/p>\n\n\n\n<ul class=\"wp-block-list\">\n<li>Rodrygo (Brasil) \u2013 Ruptura do ligamento cruzado anterior da perna direita<\/li>\n\n\n\n<li>Ekitike (Fran\u00e7a) \u2013 Les\u00e3o no tend\u00e3o de Aquiles<\/li>\n\n\n\n<li>Gnabry (Alemanha) \u2013 Les\u00e3o no adutor da coxa direita<\/li>\n\n\n\n<li>Gvardiol (Cro\u00e1cia) \u2013 Fratura na perna direita<\/li>\n\n\n\n<li>Jack Grealish (Inglaterra) \u2013 Fratura no p\u00e9 esquerdo<\/li>\n\n\n\n<li>Cristian Romero (Argentina) \u2013 Les\u00e3o no ligamento cruzado do joelho direito<\/li>\n\n\n\n<li>Minamino (Jap\u00e3o) \u2013 Ruptura do ligamento cruzado anterior do joelho esquerdo<\/li>\n\n\n\n<li>Samu (Espanha) \u2013 Ruptura do ligamento cruzado do joelho direito<\/li>\n<\/ul>\n\n\n\n<figure class=\"wp-block-gallery has-nested-images columns-default is-cropped wp-block-gallery-1 is-layout-flex wp-block-gallery-is-layout-flex\">\n<figure class=\"wp-block-image size-large\"><img loading=\"lazy\" decoding=\"async\" width=\"1024\" height=\"691\" data-id=\"41747\" src=\"https:\/\/correiodoestado.audiencelabs.com.br\/wp-content\/uploads\/2026\/04\/07-Brasil-x-Bolivia-Vitor-Silva-Divulgacao-CBF-2-1-1024x691.webp\" alt=\"\" class=\"wp-image-41747\" srcset=\"https:\/\/correiodoestado.audiencelabs.com.br\/wp-content\/uploads\/2026\/04\/07-Brasil-x-Bolivia-Vitor-Silva-Divulgacao-CBF-2-1-1024x691.webp 1024w, https:\/\/correiodoestado.audiencelabs.com.br\/wp-content\/uploads\/2026\/04\/07-Brasil-x-Bolivia-Vitor-Silva-Divulgacao-CBF-2-1-300x203.webp 300w, https:\/\/correiodoestado.audiencelabs.com.br\/wp-content\/uploads\/2026\/04\/07-Brasil-x-Bolivia-Vitor-Silva-Divulgacao-CBF-2-1-768x518.webp 768w, https:\/\/correiodoestado.audiencelabs.com.br\/wp-content\/uploads\/2026\/04\/07-Brasil-x-Bolivia-Vitor-Silva-Divulgacao-CBF-2-1-750x506.webp 750w, https:\/\/correiodoestado.audiencelabs.com.br\/wp-content\/uploads\/2026\/04\/07-Brasil-x-Bolivia-Vitor-Silva-Divulgacao-CBF-2-1-1140x770.webp 1140w, https:\/\/correiodoestado.audiencelabs.com.br\/wp-content\/uploads\/2026\/04\/07-Brasil-x-Bolivia-Vitor-Silva-Divulgacao-CBF-2-1.webp 1280w\" sizes=\"auto, (max-width: 1024px) 100vw, 1024px\" \/><figcaption class=\"wp-element-caption\">Cr\u00e9ditos: Vitor Silva\/CBF<\/figcaption><\/figure>\n<\/figure>\n\n\n\n<p>Mas a lista \u00e9 muito maior do que os nomes mencionados acima. Pelo lado da Sele\u00e7\u00e3o Brasileira, por exemplo, a aus\u00eancia de Rodrygo, que joga pelo Real Madrid, da Espanha, j\u00e1 est\u00e1 confirmada. No entanto, outros dois jogadores titulares do time comandado pelo t\u00e9cnico italiano Carlo Ancelotti tamb\u00e9m correm o risco de n\u00e3o estarem na Copa do Mundo.<\/p>\n\n\n\n<h2 class=\"wp-block-heading\">Atletas de peso v\u00e3o ficar de fora da Copa do Mundo por les\u00e3o<\/h2>\n\n\n\n<p>S\u00e3o os casos do zagueiro \u00c9der Milit\u00e3o, tamb\u00e9m do Real Madrid, e do atacante Est\u00eav\u00e3o, que atua pelo Chelsea, da Inglaterra. Ambos tiveram les\u00f5es recentemente e \u00e9 poss\u00edvel que n\u00e3o se recuperem a tempo. Outro que fica de fora \u00e9 o lateral-direito Vanderson, que pertence ao Monaco, da Fran\u00e7a.<\/p>\n\n\n\n<p>S\u00f3 que os problemas n\u00e3o s\u00e3o exclusivos \u00e0 Sele\u00e7\u00e3o Brasileira. No \u00faltimo final de semana, por exemplo, a Holanda sofreu uma baixa importante. O meia Xavi Simons se lesionou durante a vit\u00f3ria do Tottenham sobre o Wolverhampton, na Premier League, e \u00e9 mais um que n\u00e3o vai jogar o Mundial dos Estados Unidos, M\u00e9xico e Canad\u00e1.<\/p>\n","protected":false},"excerpt":{"rendered":"<p>A Copa do Mundo de 2026 est\u00e1 prestes a come\u00e7ar e alguns jogadores famosos ter\u00e3o que ficar de fora da disputa por conta de les\u00f5es. A bola come\u00e7a a rolar pelo Mundial no dia 11 de junho, quando M\u00e9xico e \u00c1frica do Sul fazem a partida de abertura no Est\u00e1dio Azteca, na Cidade do M\u00e9xico. [&hellip;]<\/p>\n","protected":false},"author":18,"featured_media":37512,"comment_status":"open","ping_status":"open","sticky":false,"template":"","format":"standard","meta":{"jnews-multi-image_gallery":[],"jnews_single_post":{"format":"standard"},"jnews_primary_category":[],"jnews_social_meta":[],"footnotes":""},"categories":[1],"tags":[],"class_list":["post-41741","post","type-post","status-publish","format-standard","has-post-thumbnail","hentry","category-mix"],"_links":{"self":[{"href":"https:\/\/correiodoestado.audiencelabs.com.br\/wp-json\/wp\/v2\/posts\/41741","targetHints":{"allow":["GET"]}}],"collection":[{"href":"https:\/\/correiodoestado.audiencelabs.com.br\/wp-json\/wp\/v2\/posts"}],"about":[{"href":"https:\/\/correiodoestado.audiencelabs.com.br\/wp-json\/wp\/v2\/types\/post"}],"author":[{"embeddable":true,"href":"https:\/\/correiodoestado.audiencelabs.com.br\/wp-json\/wp\/v2\/users\/18"}],"replies":[{"embeddable":true,"href":"https:\/\/correiodoestado.audiencelabs.com.br\/wp-json\/wp\/v2\/comments?post=41741"}],"version-history":[{"count":1,"href":"https:\/\/correiodoestado.audiencelabs.com.br\/wp-json\/wp\/v2\/posts\/41741\/revisions"}],"predecessor-version":[{"id":41748,"href":"https:\/\/correiodoestado.audiencelabs.com.br\/wp-json\/wp\/v2\/posts\/41741\/revisions\/41748"}],"wp:featuredmedia":[{"embeddable":true,"href":"https:\/\/correiodoestado.audiencelabs.com.br\/wp-json\/wp\/v2\/media\/37512"}],"wp:attachment":[{"href":"https:\/\/correiodoestado.audiencelabs.com.br\/wp-json\/wp\/v2\/media?parent=41741"}],"wp:term":[{"taxonomy":"category","embeddable":true,"href":"https:\/\/correiodoestado.audiencelabs.com.br\/wp-json\/wp\/v2\/categories?post=41741"},{"taxonomy":"post_tag","embeddable":true,"href":"https:\/\/correiodoestado.audiencelabs.com.br\/wp-json\/wp\/v2\/tags?post=41741"}],"curies":[{"name":"wp","href":"https:\/\/api.w.org\/{rel}","templated":true}]}}