{"id":41763,"date":"2026-04-28T05:15:00","date_gmt":"2026-04-28T08:15:00","guid":{"rendered":"https:\/\/correiodoestado.audiencelabs.com.br\/?p=41763"},"modified":"2026-04-27T10:53:03","modified_gmt":"2026-04-27T13:53:03","slug":"fifa-abriu-3-vagas-a-mais-por-selecao-e-neymar-tem-maior-chance-de-ir-a-copa-do-mundo","status":"publish","type":"post","link":"https:\/\/correiodoestado.audiencelabs.com.br\/fifa-abriu-3-vagas-a-mais-por-selecao-e-neymar-tem-maior-chance-de-ir-a-copa-do-mundo\/","title":{"rendered":"FIFA abriu 3 vagas a mais por sele\u00e7\u00e3o e Neymar tem maior chance de ir \u00e0 Copa do Mundo"},"content":{"rendered":"\n<p>O atacante Neymar J\u00fanior ainda vive a expectativa de ser chamado pelo t\u00e9cnico italiano Carlo Ancelotti para defender a Sele\u00e7\u00e3o Brasileira na Copa do Mundo de 2026, que ser\u00e1 realizada entre os meses de junho e julho nos Estados Unidos, M\u00e9xico e Canad\u00e1. Embora esteja ausente das convoca\u00e7\u00f5es nos \u00faltimos meses, o camisa 10 do Santos espera ter o seu nome lembrado na lista final.<\/p>\n\n\n\n<p>E a Fifa acabou por dar uma &#8220;ajuda&#8221; ao craque brasileiro. Desde a Copa do Mundo de 2022, no Catar, a entidade m\u00e1xima do futebol internacional aumentou o n\u00famero poss\u00edvel de convocados de 23 para 26. Ou seja, Ancelotti ter\u00e1 tr\u00eas vagas a mais na Sele\u00e7\u00e3o Brasileira, o que abre uma margem maior para que Neymar seja chamado.<\/p>\n\n\n\n<figure class=\"wp-block-gallery has-nested-images columns-default is-cropped wp-block-gallery-1 is-layout-flex wp-block-gallery-is-layout-flex\">\n<figure class=\"wp-block-image size-large\"><img loading=\"lazy\" decoding=\"async\" width=\"1024\" height=\"671\" data-id=\"41768\" src=\"https:\/\/correiodoestado.audiencelabs.com.br\/wp-content\/uploads\/2026\/04\/neymar-2-610x400-61666871-1024x671.webp\" alt=\"\" class=\"wp-image-41768\" srcset=\"https:\/\/correiodoestado.audiencelabs.com.br\/wp-content\/uploads\/2026\/04\/neymar-2-610x400-61666871-1024x671.webp 1024w, https:\/\/correiodoestado.audiencelabs.com.br\/wp-content\/uploads\/2026\/04\/neymar-2-610x400-61666871-300x197.webp 300w, https:\/\/correiodoestado.audiencelabs.com.br\/wp-content\/uploads\/2026\/04\/neymar-2-610x400-61666871-768x503.webp 768w, https:\/\/correiodoestado.audiencelabs.com.br\/wp-content\/uploads\/2026\/04\/neymar-2-610x400-61666871-1536x1007.webp 1536w, https:\/\/correiodoestado.audiencelabs.com.br\/wp-content\/uploads\/2026\/04\/neymar-2-610x400-61666871-scaled.webp 2048w, https:\/\/correiodoestado.audiencelabs.com.br\/wp-content\/uploads\/2026\/04\/neymar-2-610x400-61666871-750x492.webp 750w, https:\/\/correiodoestado.audiencelabs.com.br\/wp-content\/uploads\/2026\/04\/neymar-2-610x400-61666871-1140x747.webp 1140w\" sizes=\"auto, (max-width: 1024px) 100vw, 1024px\" \/><figcaption class=\"wp-element-caption\">Cr\u00e9ditos: Raul Baretta\/Santos FC<\/figcaption><\/figure>\n<\/figure>\n\n\n\n<p>De acordo com a Confedera\u00e7\u00e3o Brasileira de Futebol (CBF), a convoca\u00e7\u00e3o oficial para a Copa do Mundo vai acontecer no dia 18 de maio, daqui a menos de um m\u00eas. At\u00e9 l\u00e1, Neymar ter\u00e1 que provar no Santos que ainda tem condi\u00e7\u00f5es de atuar no mais alto n\u00edvel, depois de conviver com muitas les\u00f5es nos \u00faltimos anos e enfrentar uma s\u00e9rie de problemas f\u00edsicos.<\/p>\n\n\n\n<h2 class=\"wp-block-heading\">Neymar sonha com vaga na Copa do Mundo<\/h2>\n\n\n\n<p>Pelo lado de Neymar, a concorr\u00eancia no setor ofensivo da Sele\u00e7\u00e3o Brasileira \u00e9 muito grande. Nomes como Vini Jr, Raphinha e Matheus Cunha, por exemplo, s\u00e3o tratados como certos na Copa do Mundo e provavelmente ser\u00e3o titulares com Ancelotti. H\u00e1 ainda jogadores que est\u00e3o bem encaminhados por uma vaga no Mundial, como s\u00e3o os casos de Jo\u00e3o Pedro, Gabriel Martinelli e Luiz Henrique.<\/p>\n\n\n\n<p>Um atleta que merece aten\u00e7\u00e3o \u00e9 o jovem atacante Est\u00eav\u00e3o. O garoto de 19 anos se lesionou atuando pelo Chelsea, da Inglaterra, e corre s\u00e9rio risco de ficar de fora da Copa do Mundo. Vale lembrar que o ponta vinha sendo titular da Sele\u00e7\u00e3o Brasileira nos \u00faltimos jogos.<\/p>\n","protected":false},"excerpt":{"rendered":"<p>O atacante Neymar J\u00fanior ainda vive a expectativa de ser chamado pelo t\u00e9cnico italiano Carlo Ancelotti para defender a Sele\u00e7\u00e3o Brasileira na Copa do Mundo de 2026, que ser\u00e1 realizada entre os meses de junho e julho nos Estados Unidos, M\u00e9xico e Canad\u00e1. Embora esteja ausente das convoca\u00e7\u00f5es nos \u00faltimos meses, o camisa 10 do [&hellip;]<\/p>\n","protected":false},"author":18,"featured_media":38434,"comment_status":"open","ping_status":"open","sticky":false,"template":"","format":"standard","meta":{"jnews-multi-image_gallery":[],"jnews_single_post":{"format":"standard"},"jnews_primary_category":[],"jnews_social_meta":[],"footnotes":""},"categories":[1],"tags":[],"class_list":["post-41763","post","type-post","status-publish","format-standard","has-post-thumbnail","hentry","category-mix"],"_links":{"self":[{"href":"https:\/\/correiodoestado.audiencelabs.com.br\/wp-json\/wp\/v2\/posts\/41763","targetHints":{"allow":["GET"]}}],"collection":[{"href":"https:\/\/correiodoestado.audiencelabs.com.br\/wp-json\/wp\/v2\/posts"}],"about":[{"href":"https:\/\/correiodoestado.audiencelabs.com.br\/wp-json\/wp\/v2\/types\/post"}],"author":[{"embeddable":true,"href":"https:\/\/correiodoestado.audiencelabs.com.br\/wp-json\/wp\/v2\/users\/18"}],"replies":[{"embeddable":true,"href":"https:\/\/correiodoestado.audiencelabs.com.br\/wp-json\/wp\/v2\/comments?post=41763"}],"version-history":[{"count":1,"href":"https:\/\/correiodoestado.audiencelabs.com.br\/wp-json\/wp\/v2\/posts\/41763\/revisions"}],"predecessor-version":[{"id":41769,"href":"https:\/\/correiodoestado.audiencelabs.com.br\/wp-json\/wp\/v2\/posts\/41763\/revisions\/41769"}],"wp:featuredmedia":[{"embeddable":true,"href":"https:\/\/correiodoestado.audiencelabs.com.br\/wp-json\/wp\/v2\/media\/38434"}],"wp:attachment":[{"href":"https:\/\/correiodoestado.audiencelabs.com.br\/wp-json\/wp\/v2\/media?parent=41763"}],"wp:term":[{"taxonomy":"category","embeddable":true,"href":"https:\/\/correiodoestado.audiencelabs.com.br\/wp-json\/wp\/v2\/categories?post=41763"},{"taxonomy":"post_tag","embeddable":true,"href":"https:\/\/correiodoestado.audiencelabs.com.br\/wp-json\/wp\/v2\/tags?post=41763"}],"curies":[{"name":"wp","href":"https:\/\/api.w.org\/{rel}","templated":true}]}}