{"id":41764,"date":"2026-04-27T13:30:00","date_gmt":"2026-04-27T16:30:00","guid":{"rendered":"https:\/\/correiodoestado.audiencelabs.com.br\/?p=41764"},"modified":"2026-04-27T10:45:41","modified_gmt":"2026-04-27T13:45:41","slug":"gigante-dos-carros-eletricos-abre-1-654-vagas-de-emprego-para-nova-fabrica-operar-24-horas-por-dia","status":"publish","type":"post","link":"https:\/\/correiodoestado.audiencelabs.com.br\/gigante-dos-carros-eletricos-abre-1-654-vagas-de-emprego-para-nova-fabrica-operar-24-horas-por-dia\/","title":{"rendered":"Gigante dos carros el\u00e9tricos abre 1.654 vagas de emprego para nova f\u00e1brica operar 24 horas por dia"},"content":{"rendered":"\n<p>A BYD anunciou a abertura de 1.654 vagas de emprego para sua unidade em Cama\u00e7ari, na Bahia. A iniciativa faz parte da expans\u00e3o da produ\u00e7\u00e3o no local. A f\u00e1brica passar\u00e1 a operar de forma cont\u00ednua, com atividades durante 24 horas por dia.<\/p>\n\n\n\n<p>O aumento no quadro de funcion\u00e1rios acompanha a implanta\u00e7\u00e3o de um terceiro turno. A mudan\u00e7a est\u00e1 prevista para come\u00e7ar em julho. A estrat\u00e9gia busca elevar a capacidade produtiva e atender \u00e0 crescente demanda por ve\u00edculos no pa\u00eds.<\/p>\n\n\n\n<h2 class=\"wp-block-heading\">Novas oportunidades e perfis profissionais buscados<\/h2>\n\n\n\n<p>As vagas est\u00e3o sendo disponibilizadas por meio de canais oficiais de intermedia\u00e7\u00e3o de emprego. Entre eles est\u00e3o o SineBahia e o Centro de Apoio ao Trabalhador local. A pr\u00f3pria plataforma digital da empresa tamb\u00e9m concentra parte das inscri\u00e7\u00f5es.<\/p>\n\n\n\n<p>O processo seletivo contempla diferentes n\u00edveis de qualifica\u00e7\u00e3o e \u00e1reas de atua\u00e7\u00e3o. H\u00e1 oportunidades para fun\u00e7\u00f5es operacionais, t\u00e9cnicas e log\u00edsticas. Cargos como operador de produ\u00e7\u00e3o, t\u00e9cnico mec\u00e2nico e inspetor de qualidade est\u00e3o entre os ofertados.<\/p>\n\n\n\n<p>A empresa informou que n\u00e3o estabelece idade m\u00ednima espec\u00edfica para participa\u00e7\u00e3o. O crit\u00e9rio principal \u00e9 o atendimento aos requisitos t\u00e9cnicos de cada fun\u00e7\u00e3o. A prioridade ser\u00e1 dada a candidatos residentes em cidades pr\u00f3ximas ao complexo industrial.<\/p>\n\n\n\n<figure class=\"wp-block-image size-large\"><img loading=\"lazy\" decoding=\"async\" width=\"1024\" height=\"576\" src=\"https:\/\/correiodoestado.audiencelabs.com.br\/wp-content\/uploads\/2026\/04\/BYD-da-Formula-1-1024x576.jpg\" alt=\"\" class=\"wp-image-41766\" srcset=\"https:\/\/correiodoestado.audiencelabs.com.br\/wp-content\/uploads\/2026\/04\/BYD-da-Formula-1-1024x576.jpg 1024w, https:\/\/correiodoestado.audiencelabs.com.br\/wp-content\/uploads\/2026\/04\/BYD-da-Formula-1-300x169.jpg 300w, https:\/\/correiodoestado.audiencelabs.com.br\/wp-content\/uploads\/2026\/04\/BYD-da-Formula-1-768x432.jpg 768w, https:\/\/correiodoestado.audiencelabs.com.br\/wp-content\/uploads\/2026\/04\/BYD-da-Formula-1-750x422.jpg 750w, https:\/\/correiodoestado.audiencelabs.com.br\/wp-content\/uploads\/2026\/04\/BYD-da-Formula-1-1140x641.jpg 1140w, https:\/\/correiodoestado.audiencelabs.com.br\/wp-content\/uploads\/2026\/04\/BYD-da-Formula-1.jpg 1200w\" sizes=\"auto, (max-width: 1024px) 100vw, 1024px\" \/><figcaption class=\"wp-element-caption\">Cr\u00e9ditos: Divulga\u00e7\u00e3o\/BYD<\/figcaption><\/figure>\n\n\n\n<h2 class=\"wp-block-heading\">Expans\u00e3o industrial e impacto regional<\/h2>\n\n\n\n<p>A amplia\u00e7\u00e3o da f\u00e1brica refor\u00e7a a presen\u00e7a da montadora no Brasil e seu plano de crescimento. O aumento da produ\u00e7\u00e3o deve acelerar a entrega de ve\u00edculos para diferentes regi\u00f5es. Isso fortalece a cadeia automotiva e a gera\u00e7\u00e3o de empregos locais.<\/p>\n\n\n\n<p>O munic\u00edpio de Cama\u00e7ari e cidades vizinhas devem concentrar a maior parte das contrata\u00e7\u00f5es. A medida tamb\u00e9m pode estimular o desenvolvimento econ\u00f4mico regional. A movimenta\u00e7\u00e3o no setor industrial tende a impactar servi\u00e7os e com\u00e9rcio.<\/p>\n\n\n\n<p>A empresa refor\u00e7a que n\u00e3o h\u00e1 cobran\u00e7a de taxas no processo seletivo. Tamb\u00e9m n\u00e3o s\u00e3o enviadas convoca\u00e7\u00f5es por meios informais. Os candidatos devem buscar apenas canais oficiais para garantir participa\u00e7\u00e3o segura.<\/p>\n","protected":false},"excerpt":{"rendered":"<p>A BYD anunciou a abertura de 1.654 vagas de emprego para sua unidade em Cama\u00e7ari, na Bahia. A iniciativa faz parte da expans\u00e3o da produ\u00e7\u00e3o no local. A f\u00e1brica passar\u00e1 a operar de forma cont\u00ednua, com atividades durante 24 horas por dia. O aumento no quadro de funcion\u00e1rios acompanha a implanta\u00e7\u00e3o de um terceiro turno. [&hellip;]<\/p>\n","protected":false},"author":4,"featured_media":41765,"comment_status":"open","ping_status":"open","sticky":false,"template":"","format":"standard","meta":{"jnews-multi-image_gallery":[],"jnews_single_post":{"format":"standard"},"jnews_primary_category":[],"jnews_social_meta":[],"footnotes":""},"categories":[1],"tags":[],"class_list":["post-41764","post","type-post","status-publish","format-standard","has-post-thumbnail","hentry","category-mix"],"_links":{"self":[{"href":"https:\/\/correiodoestado.audiencelabs.com.br\/wp-json\/wp\/v2\/posts\/41764","targetHints":{"allow":["GET"]}}],"collection":[{"href":"https:\/\/correiodoestado.audiencelabs.com.br\/wp-json\/wp\/v2\/posts"}],"about":[{"href":"https:\/\/correiodoestado.audiencelabs.com.br\/wp-json\/wp\/v2\/types\/post"}],"author":[{"embeddable":true,"href":"https:\/\/correiodoestado.audiencelabs.com.br\/wp-json\/wp\/v2\/users\/4"}],"replies":[{"embeddable":true,"href":"https:\/\/correiodoestado.audiencelabs.com.br\/wp-json\/wp\/v2\/comments?post=41764"}],"version-history":[{"count":1,"href":"https:\/\/correiodoestado.audiencelabs.com.br\/wp-json\/wp\/v2\/posts\/41764\/revisions"}],"predecessor-version":[{"id":41767,"href":"https:\/\/correiodoestado.audiencelabs.com.br\/wp-json\/wp\/v2\/posts\/41764\/revisions\/41767"}],"wp:featuredmedia":[{"embeddable":true,"href":"https:\/\/correiodoestado.audiencelabs.com.br\/wp-json\/wp\/v2\/media\/41765"}],"wp:attachment":[{"href":"https:\/\/correiodoestado.audiencelabs.com.br\/wp-json\/wp\/v2\/media?parent=41764"}],"wp:term":[{"taxonomy":"category","embeddable":true,"href":"https:\/\/correiodoestado.audiencelabs.com.br\/wp-json\/wp\/v2\/categories?post=41764"},{"taxonomy":"post_tag","embeddable":true,"href":"https:\/\/correiodoestado.audiencelabs.com.br\/wp-json\/wp\/v2\/tags?post=41764"}],"curies":[{"name":"wp","href":"https:\/\/api.w.org\/{rel}","templated":true}]}}