{"id":41840,"date":"2026-04-28T07:15:00","date_gmt":"2026-04-28T10:15:00","guid":{"rendered":"https:\/\/correiodoestado.audiencelabs.com.br\/?p=41840"},"modified":"2026-04-27T15:44:47","modified_gmt":"2026-04-27T18:44:47","slug":"idosos-com-80-anos-ou-mais-possuem-beneficio-exclusivo-que-e-pouco-divulgado","status":"publish","type":"post","link":"https:\/\/correiodoestado.audiencelabs.com.br\/idosos-com-80-anos-ou-mais-possuem-beneficio-exclusivo-que-e-pouco-divulgado\/","title":{"rendered":"Idosos com 80 anos ou mais possuem beneficio exclusivo que \u00e9 pouco divulgado"},"content":{"rendered":"\n<p>Apesar do desconhecimento de boa parte da popula\u00e7\u00e3o, pessoas com mais de 80 anos possuem prioridade m\u00e1xima de atendimento no Brasil, um direito chamado de &#8220;prioridade especial&#8221;. Essa garantia foi institu\u00edda atrav\u00e9s da Lei n\u00ba 13.466\/2017, que alterou o Estatuto do Idoso para assegurar que esse grupo tenha prefer\u00eancia absoluta em rela\u00e7\u00e3o aos demais idosos em filas e servi\u00e7os como um todo.<\/p>\n\n\n\n<p>Na pr\u00e1tica, a lei diz que cidad\u00e3os com 80 anos ou mais devem ser atendidos antes daqueles mais novos, que t\u00eam entre 60 e 79 anos. A medida leva em considera\u00e7\u00e3o o maior grau de vulnerabilidade dessa faixa et\u00e1ria, que pode exigir mais rapidez e aten\u00e7\u00e3o no acesso a servi\u00e7os essenciais do dia a dia.<\/p>\n\n\n\n<figure class=\"wp-block-gallery has-nested-images columns-default is-cropped wp-block-gallery-1 is-layout-flex wp-block-gallery-is-layout-flex\">\n<figure class=\"wp-block-image size-large\"><img loading=\"lazy\" decoding=\"async\" width=\"3000\" height=\"1688\" data-id=\"37326\" src=\"https:\/\/correiodoestado.audiencelabs.com.br\/wp-content\/uploads\/2026\/03\/photo-1758691462482-2b6ccbaefa6e.avif\" alt=\"\" class=\"wp-image-37326\" \/><figcaption class=\"wp-element-caption\">Cr\u00e9ditos: Unsplash<\/figcaption><\/figure>\n<\/figure>\n\n\n\n<p>A prioridade especial deve ser respeitada tanto por \u00f3rg\u00e3os p\u00fablicos quanto por estabelecimentos privados. Isso inclui unidades de sa\u00fade, reparti\u00e7\u00f5es p\u00fablicas, farm\u00e1cias, supermercados e, principalmente, institui\u00e7\u00f5es financeiras, onde o fluxo de atendimento costuma ser mais intenso e demorado, o que naturalmente gera reclama\u00e7\u00f5es.<\/p>\n\n\n\n<h2 class=\"wp-block-heading\">Idosos de mais de 80 anos t\u00eam direito a atendimento priorit\u00e1rio<\/h2>\n\n\n\n<p>No caso dos bancos, a regra vale para ag\u00eancias f\u00edsicas, caixas de atendimento e at\u00e9 servi\u00e7os internos. Institui\u00e7\u00f5es como Banco do Brasil, Caixa Econ\u00f4mica Federal, Bradesco, Ita\u00fa e Santander, por exemplo, devem garantir o atendimento priorit\u00e1rio a esse p\u00fablico, muitas vezes por meio de filas exclusivas ou guich\u00eas dedicados aos idosos mais velhos.<\/p>\n\n\n\n<p>De acordo com o Minist\u00e9rio dos Direitos Humanos e da Cidadania, o descumprimento dessa norma pode gerar den\u00fancias e san\u00e7\u00f5es dos mais variados tipos. Por conta disso, \u00e9 importante que idosos e familiares conhe\u00e7am esse direito e o exijam quando for necess\u00e1rio. A prioridade especial refor\u00e7a a prote\u00e7\u00e3o \u00e0 popula\u00e7\u00e3o mais idosa, garantindo mais dignidade, respeito e agilidade no atendimento cotidiano.<\/p>\n","protected":false},"excerpt":{"rendered":"<p>Apesar do desconhecimento de boa parte da popula\u00e7\u00e3o, pessoas com mais de 80 anos possuem prioridade m\u00e1xima de atendimento no Brasil, um direito chamado de &#8220;prioridade especial&#8221;. Essa garantia foi institu\u00edda atrav\u00e9s da Lei n\u00ba 13.466\/2017, que alterou o Estatuto do Idoso para assegurar que esse grupo tenha prefer\u00eancia absoluta em rela\u00e7\u00e3o aos demais idosos [&hellip;]<\/p>\n","protected":false},"author":18,"featured_media":36881,"comment_status":"open","ping_status":"open","sticky":false,"template":"","format":"standard","meta":{"jnews-multi-image_gallery":[],"jnews_single_post":{"format":"standard"},"jnews_primary_category":[],"jnews_social_meta":[],"footnotes":""},"categories":[1],"tags":[],"class_list":["post-41840","post","type-post","status-publish","format-standard","has-post-thumbnail","hentry","category-mix"],"_links":{"self":[{"href":"https:\/\/correiodoestado.audiencelabs.com.br\/wp-json\/wp\/v2\/posts\/41840","targetHints":{"allow":["GET"]}}],"collection":[{"href":"https:\/\/correiodoestado.audiencelabs.com.br\/wp-json\/wp\/v2\/posts"}],"about":[{"href":"https:\/\/correiodoestado.audiencelabs.com.br\/wp-json\/wp\/v2\/types\/post"}],"author":[{"embeddable":true,"href":"https:\/\/correiodoestado.audiencelabs.com.br\/wp-json\/wp\/v2\/users\/18"}],"replies":[{"embeddable":true,"href":"https:\/\/correiodoestado.audiencelabs.com.br\/wp-json\/wp\/v2\/comments?post=41840"}],"version-history":[{"count":1,"href":"https:\/\/correiodoestado.audiencelabs.com.br\/wp-json\/wp\/v2\/posts\/41840\/revisions"}],"predecessor-version":[{"id":41843,"href":"https:\/\/correiodoestado.audiencelabs.com.br\/wp-json\/wp\/v2\/posts\/41840\/revisions\/41843"}],"wp:featuredmedia":[{"embeddable":true,"href":"https:\/\/correiodoestado.audiencelabs.com.br\/wp-json\/wp\/v2\/media\/36881"}],"wp:attachment":[{"href":"https:\/\/correiodoestado.audiencelabs.com.br\/wp-json\/wp\/v2\/media?parent=41840"}],"wp:term":[{"taxonomy":"category","embeddable":true,"href":"https:\/\/correiodoestado.audiencelabs.com.br\/wp-json\/wp\/v2\/categories?post=41840"},{"taxonomy":"post_tag","embeddable":true,"href":"https:\/\/correiodoestado.audiencelabs.com.br\/wp-json\/wp\/v2\/tags?post=41840"}],"curies":[{"name":"wp","href":"https:\/\/api.w.org\/{rel}","templated":true}]}}