{"id":41842,"date":"2026-04-27T18:30:00","date_gmt":"2026-04-27T21:30:00","guid":{"rendered":"https:\/\/correiodoestado.audiencelabs.com.br\/?p=41842"},"modified":"2026-04-27T17:38:41","modified_gmt":"2026-04-27T20:38:41","slug":"cidade-mais-segura-do-estado-tem-o-3o-melhor-transporte-publico-do-brasil","status":"publish","type":"post","link":"https:\/\/correiodoestado.audiencelabs.com.br\/cidade-mais-segura-do-estado-tem-o-3o-melhor-transporte-publico-do-brasil\/","title":{"rendered":"Cidade mais segura do estado tem o 3\u00ba melhor transporte p\u00fablico do Brasil"},"content":{"rendered":"\n<p>Conforme o Anu\u00e1rio de Cidades Mais Seguras do <a href=\"https:\/\/correiodoestado.com.br\/mix\/medicamento-que-virou-febre-entre-adultos-no-brasil-e-liberado-para-criancas-e-adolescentes\/\" target=\"_blank\" rel=\"noreferrer noopener\">Brasil <\/a>de 2025, Santana de Parna\u00edba, localizada na Regi\u00e3o Metropolitana de S\u00e3o Paulo, \u00e9 o munic\u00edpio mais seguro do estado com mais de 100 mil habitantes. Mostrando tamanho desenvolvimento em servi\u00e7os de qualidade, o local tamb\u00e9m coroou-se como o terceiro em termos de qualidade de transporte p\u00fablico.<\/p>\n\n\n\n<p>A avalia\u00e7\u00e3o foi colocada em evid\u00eancia por meio do Ranking Connected Smart Cities, assinado pela consultoria Urban Systems. O levantamento tem a finalidade de mapear e qualificar as cidades brasileiras com maior potencial de desenvolvimento inteligente, sustent\u00e1vel e conectado. Nesse cen\u00e1rio, o munic\u00edpio paulista assumiu o protagonismo.<\/p>\n\n\n\n<figure class=\"wp-block-image size-large\"><img loading=\"lazy\" decoding=\"async\" width=\"1024\" height=\"576\" src=\"https:\/\/correiodoestado.audiencelabs.com.br\/wp-content\/uploads\/2026\/04\/novo-projeto-2026-04-21t153240118_1-1-1024x576.jpg\" alt=\"\" class=\"wp-image-41844\" srcset=\"https:\/\/correiodoestado.audiencelabs.com.br\/wp-content\/uploads\/2026\/04\/novo-projeto-2026-04-21t153240118_1-1-1024x576.jpg 1024w, https:\/\/correiodoestado.audiencelabs.com.br\/wp-content\/uploads\/2026\/04\/novo-projeto-2026-04-21t153240118_1-1-300x169.jpg 300w, https:\/\/correiodoestado.audiencelabs.com.br\/wp-content\/uploads\/2026\/04\/novo-projeto-2026-04-21t153240118_1-1-768x432.jpg 768w, https:\/\/correiodoestado.audiencelabs.com.br\/wp-content\/uploads\/2026\/04\/novo-projeto-2026-04-21t153240118_1-1-750x422.jpg 750w, https:\/\/correiodoestado.audiencelabs.com.br\/wp-content\/uploads\/2026\/04\/novo-projeto-2026-04-21t153240118_1-1-1140x641.jpg 1140w, https:\/\/correiodoestado.audiencelabs.com.br\/wp-content\/uploads\/2026\/04\/novo-projeto-2026-04-21t153240118_1-1.jpg 1200w\" sizes=\"auto, (max-width: 1024px) 100vw, 1024px\" \/><figcaption class=\"wp-element-caption\">Cr\u00e9ditos: Wikimedia <\/figcaption><\/figure>\n\n\n\n<p>Para atingir o patamar em quest\u00e3o, Santana de Parna\u00edba destacou-se em alguns crit\u00e9rios, assim como propor\u00e7\u00e3o entre carros e \u00f4nibus e a idade m\u00e9dia da frota dos meios de transporte p\u00fablico. O ranking tamb\u00e9m ressalta o n\u00famero de \u00f4nibus por habitante, as op\u00e7\u00f5es existentes para meios de transporte, a dimens\u00e3o das ciclovias e a acessibilidade.<\/p>\n\n\n<style>@media (min-width: 992px) {\n    .recomendadorV2Area1 {\n        width: 280px;\n    }\n    .recomendadorV2Area2 {\n        padding: 0px 20px;\n        width: calc(100% - 280px);\n    }\n}\n\n@media (max-width: 992px) {\n    .recomendadorV2Button {\n        margin: 0 auto;\n    }\n    .recomendadorV2Area {\n        flex-direction: column;\n        text-align: center;\n    }\n    .recomendadorV2Area2 {\n        padding: 0px 20px;\n    }\n}\n\n.recomendadorV2Area {\n    background: #eeeeee3d;\n    border-radius: 10px;\n    padding: 15px;\n    display: flex;\n    margin: 15px auto;\n    border: 1px solid #00000014;\n    max-width: 800px;\n}\n\n.recomendadorV2Area1 img {\n    width: 280px;\n    height: auto;\n    border-radius: 8px;\n}\n\n.linkrecomendadorv2 {\n    text-decoration: none !important;\n}\n\n.recomendadorV2Area2 .recomendadorV2Type {\n    text-transform: uppercase;\n    font-weight: 500;\n    font-size: 11px;\n    letter-spacing: 2px;\n    color: #666;\n    margin: 12px 0;\n    display: block;\n}\n\n.recomendadorV2Title h2 {\n    padding-top: 0px !important;\n    margin: 0px !important;\n    border-left: none !important;\n    padding-left: 0px !important;\n    line-height: 1.3;\n    color: #000 !important;\n    font-size: 24px;\n    margin-bottom: 12px !important;\n}\n\n.recomendadorV2Desc {\n    color: #333;\n    margin: 12px 0px !important;\n    font-size: 15px;\n    line-height: 1.5;\n}\n\n.recomendadorV2Button {\n    width: auto;\n    max-width: 200px;\n    margin: 0;\n    display: inline-flex;\n    align-items: center;\n    background: #1D3557;\n    border-radius: 8px;\n    color: #fff;\n    height: 36px;\n    justify-content: center;\n    text-align: center;\n    font-size: 14px;\n    padding: 0 20px;\n    transition: background-color 0.2s ease;\n}\n\n.recomendadorV2Button:hover {\n    background: #2a4d7a;\n}\n\n.recomendadorV2Button:after {\n    margin-top: -2px;\n    content: \"\u2192\";\n    padding: 0px 0px 0px 8px;\n}\n\n.recomendadorV2Alert {\n    text-align: left;\n    font-size: 11px;\n    margin-top: 8px;\n    color: #666;\n}\n\n.recomendadorFixedArea {\n    width: 100%;\n    display: flex;\n    justify-content: center;\n    align-items: center;\n}\n\n@media (min-width: 992px) {\n    #recomendadorFixed {\n        width: 32% !important;\n        left: 5%;\n    }\n    .recomendadorCloseFixed{\n        right: inherit !important;\n        left: 378px !important;\n    }\n}\n\n#recomendadorFixed {\n    width: 90%;\n    box-shadow: 0 10px 20px 0px #00000057;\n    display: none;\n    height: 90px;\n    background: #F6F6F6;\n    position: fixed;\n    flex-direction: row;\n    bottom: 10px;\n    z-index: 9999;\n    border-radius: 16px;\n    padding: 7px 10px;\n}\n\n.recomendadorLeftArea {\n    width: 160px;\n}\n\n.recomendadorRightArea h2 {\n    padding-top: 0px;\n    margin: 2px 0px 4px 0px !important;\n    font-weight: 400;\n    text-align: center;\n    padding-left: 0px !important;\n    color: #000 !important;\n    border-left: none !important;\n    line-height: 20px;\n    font-size: 12px !important;\n}\n\n.recomendadorImgFixed {\n    overflow: hidden;\n    padding: 8px 6px;\n    height: 100%;\n}\n\n.recomendadorImgFixed img {\n    height: 100% !important;\n    border-radius: 16px;\n}\n\n.recomendadorRightArea {\n    padding-top: 6px;\n    display: flex;\n    width: calc(100% - 130px);\n    justify-content: space-between;\n    align-items: center;\n    flex-direction: column;\n}\n\n.recomendadorButtonFixed {\n    margin: 0 auto;\n    background: #1D3557;\n    width: 80%;\n    text-align: center;\n    font-size: 10px;\n    color: #FFF;\n    padding: 2px 10px;\n    border-radius: 3px;\n}\n\n.recomendadorButtonFixed:after {\n    margin-top: -3px;\n    content: \"\u2192\";\n    padding: 0px 0px 0px 10px;\n}\n\n.recomendadorAlertFixed {\n    font-weight: 400;\n    text-align: center;\n    color: #484848;\n    font-size: 8px;\n}\n\n.recomendadorCloseFixed {\n    z-index: 99999;\n    display: none;\n    right: 0px;\n    left: inherit;\n    bottom: 99px;\n    position: fixed;\n    justify-content: center;\n    background: #F6F6F6;\n    width: 25px;\n    align-items: center;\n    height: 25px;\n    font-weight: 800;\n    border-radius: 50%;\n    border: 1px solid #EBEBEB;\n}\n\n.recomendadorV2Desc{\n    color: #000000;\n    margin: 20px 0px;\n}\n\n@media (max-width: 576px) {\n    .recomendadorV2Area {\n      padding: 10px;\n      max-width: 100%;\n    }\n  \n    .recomendadorV2Area1 img {\n      width: 100%;\n      border-radius: 6px;\n    }\n  \n    .recomendadorV2Area2 .recomendadorV2Type {\n      font-size: 9px;\n      letter-spacing: 1px;\n      margin: 8px 0;\n    }\n  \n    .recomendadorV2Title h2 {\n      font-size: 18px !important;\n      margin-bottom: 8px !important;\n      line-height: 1.2;\n    }\n  \n    .recomendadorV2Desc {\n      font-size: 14px;\n      margin: 8px 0 !important;\n      line-height: 1.4;\n    }\n  \n    .recomendadorV2Button {\n      font-size: 12px;\n      height: 30px;\n      padding: 0 12px;\n      max-width: 160px;\n    }\n  \n    .recomendadorV2Button:after {\n      padding-left: 6px;\n    }\n  }\n  <\/style>\n        <div class=\"lazyblock-recomendador-v2-2jDGz wp-block-lazyblock-recomendador-v2\">\n        <a class=\"linkrecomendadorv2\" href=\"https:\/\/correiodoestado.com.br\/mix\/quem-for-flagrado-usando-pipa-com-cerol-vai-ser-multado-em-r-5-mil\/?utm_source=lazy\" target=\"_blank\" rel=\"noopener\">\n            <div class=\"recomendadorV2Area\">\n            <div class=\"recomendadorV2Area1\">\n                <div class=\"recomendadorV2Img\">\n                <img class=\"lazyloaded\" decoding=\"async\" src=\"https:\/\/correiodoestado.com.br\/mix\/wp-content\/uploads\/2026\/04\/WhatsApp-Image-2024-03-21-at-4.02.10-PM-2-1140x570.jpg\" data-src=\"https:\/\/correiodoestado.com.br\/mix\/wp-content\/uploads\/2026\/04\/WhatsApp-Image-2024-03-21-at-4.02.10-PM-2-1140x570.jpg\" alt=\"\">\n                <\/div>\n            <\/div>\n            <div class=\"recomendadorV2Area2\">\n                <div class=\"recomendadorV2Type\">\n                    <span>Cerol multa<\/span>\n                <\/div>\n                <div class=\"recomendadorV2Title\">\n                <h2><span>R$5 mil \u26a0\ufe0f<\/span><\/h2>\n                <\/div>\n                <div class=\"recomendadorV2Desc\">\n                <span>Uso de cerol pode gerar multa alta<\/span>\n                <\/div>\n                <div class=\"recomendadorV2Button\">Ver regra<\/div>\n                <div class=\"recomendadorV2Alert\"><\/div>\n            <\/div>\n            <\/div>\n        <\/a>\n        <div>\n            <div style=\"z-index:99999;\" id=\"buttonClose\" onclick=\"closeRecomendadorFixed()\">\n            <div class=\"recomendadorCloseFixed\">X<\/div>\n            <\/div>\n            <a href=\"https:\/\/correiodoestado.com.br\/mix\/quem-for-flagrado-usando-pipa-com-cerol-vai-ser-multado-em-r-5-mil\/?utm_source=lazy\" target=\"_blank\" rel=\"noopener\">\n            <div class=\"recomendadorFixedArea\">\n                <div id=\"recomendadorFixed\">\n                <div class=\"recomendadorLeftArea\">\n                    <div class=\"recomendadorImgFixed\">\n                    <img class=\"lazyload\" decoding=\"async\" src=\"https:\/\/correiodoestado.com.br\/mix\/wp-content\/uploads\/2026\/04\/WhatsApp-Image-2024-03-21-at-4.02.10-PM-2-1140x570.jpg\" alt=\"\">\n                    <\/div>\n                <\/div>\n                <div class=\"recomendadorRightArea\">\n                    <div class=\"recomendadorTitleFixed\">\n                    <h2><span>R$5 mil \u26a0\ufe0f<\/span><\/h2>\n                    <\/div>\n                    <div class=\"recomendadorButtonFixed\">Ver regra<\/div>\n                    <div class=\"recomendadorAlertFixed\"><\/div>\n                <\/div>\n                <\/div>\n            <\/div>\n            <\/a>\n        <\/div>\n        <\/div>\n\n\n\n<p>Ao contr\u00e1rio do que muitas pessoas possam achar, n\u00e3o apenas os meios de transportes terrestres s\u00e3o levados em considera\u00e7\u00e3o. Nesse \u00ednterim, os aeroportos e voos para outras cidades tamb\u00e9m fizeram parte das avalia\u00e7\u00f5es dos especialistas. Analisando todo o Brasil, Santana de Parna\u00edba fica atr\u00e1s apenas de S\u00e3o Paulo e Florian\u00f3polis.<\/p>\n\n\n\n<p><strong>Confira o&nbsp;ranking:<\/strong><\/p>\n\n\n\n<ul class=\"wp-block-list\">\n<li>1\u00ba lugar: S\u00e3o Paulo \u2013 SP;<\/li>\n\n\n\n<li>2\u00ba lugar: Florian\u00f3polis \u2013 SC;<\/li>\n\n\n\n<li>3\u00ba lugar: Santana de Parna\u00edba \u2013 SP;<\/li>\n\n\n\n<li>4\u00ba lugar: Balne\u00e1rio Cambori\u00fa \u2013 SC;<\/li>\n\n\n\n<li>5\u00ba lugar: Joinville \u2013 SC;<\/li>\n\n\n\n<li>6\u00ba lugar: Itaja\u00ed \u2013 SC;<\/li>\n\n\n\n<li>7\u00ba lugar: Bras\u00edlia \u2013 DF;<\/li>\n\n\n\n<li>8\u00ba lugar: Campinas \u2013 SP;<\/li>\n\n\n\n<li>9\u00ba lugar: Santos \u2013 SP;<\/li>\n\n\n\n<li>10\u00ba lugar: Blumenau \u2013 SC.<\/li>\n<\/ul>\n\n\n\n<h2 class=\"wp-block-heading\">Prest\u00edgio no Brasil<\/h2>\n\n\n\n<p>Embora as avalia\u00e7\u00f5es dos transportes p\u00fablicos chamem aten\u00e7\u00e3o, nenhum dos indicadores \u00e9 mais prestigiado que o Anu\u00e1rio de Cidades Mais Seguras do Brasil de 2025. Quando detalhados os munic\u00edpios paulistas com mais de 100 mil habitantes, Santana de Parna\u00edba \u00e9 o mais seguro do estado. A regi\u00e3o passou por forte expans\u00e3o, especialmente ap\u00f3s a forma\u00e7\u00e3o de bairros planejados como Alphaville.<\/p>\n\n\n\n<p>Para explicar o dinamismo presente, o munic\u00edpio tamb\u00e9m \u00e9 enaltecido por sua qualidade de vida. Segundo o \u00cdndice de Progresso Social (IPS) de 2025, a cidade atingiu&nbsp;68,04 pontos. Os resultados positivos de&nbsp;Santana de Parna\u00edba se devem principalmente ao investimento em Moradia (88,22 pontos) e&nbsp;Necessidades Humanas B\u00e1sicas (82,7 pontos), Nutri\u00e7\u00e3o e Cuidados M\u00e9dicos B\u00e1sicos (84,91 pontos).<\/p>\n","protected":false},"excerpt":{"rendered":"<p>Conforme o Anu\u00e1rio de Cidades Mais Seguras do Brasil de 2025, Santana de Parna\u00edba, localizada da Regi\u00e3o Metropolitana de S\u00e3o Paulo, \u00e9 o munic\u00edpio mais seguro do estado com mais de 100 mil habitantes<\/p>\n","protected":false},"author":8,"featured_media":41845,"comment_status":"open","ping_status":"open","sticky":false,"template":"","format":"standard","meta":{"jnews-multi-image_gallery":[],"jnews_single_post":{"format":"standard"},"jnews_primary_category":[],"jnews_social_meta":[],"footnotes":""},"categories":[1],"tags":[],"class_list":["post-41842","post","type-post","status-publish","format-standard","has-post-thumbnail","hentry","category-mix"],"_links":{"self":[{"href":"https:\/\/correiodoestado.audiencelabs.com.br\/wp-json\/wp\/v2\/posts\/41842","targetHints":{"allow":["GET"]}}],"collection":[{"href":"https:\/\/correiodoestado.audiencelabs.com.br\/wp-json\/wp\/v2\/posts"}],"about":[{"href":"https:\/\/correiodoestado.audiencelabs.com.br\/wp-json\/wp\/v2\/types\/post"}],"author":[{"embeddable":true,"href":"https:\/\/correiodoestado.audiencelabs.com.br\/wp-json\/wp\/v2\/users\/8"}],"replies":[{"embeddable":true,"href":"https:\/\/correiodoestado.audiencelabs.com.br\/wp-json\/wp\/v2\/comments?post=41842"}],"version-history":[{"count":2,"href":"https:\/\/correiodoestado.audiencelabs.com.br\/wp-json\/wp\/v2\/posts\/41842\/revisions"}],"predecessor-version":[{"id":41861,"href":"https:\/\/correiodoestado.audiencelabs.com.br\/wp-json\/wp\/v2\/posts\/41842\/revisions\/41861"}],"wp:featuredmedia":[{"embeddable":true,"href":"https:\/\/correiodoestado.audiencelabs.com.br\/wp-json\/wp\/v2\/media\/41845"}],"wp:attachment":[{"href":"https:\/\/correiodoestado.audiencelabs.com.br\/wp-json\/wp\/v2\/media?parent=41842"}],"wp:term":[{"taxonomy":"category","embeddable":true,"href":"https:\/\/correiodoestado.audiencelabs.com.br\/wp-json\/wp\/v2\/categories?post=41842"},{"taxonomy":"post_tag","embeddable":true,"href":"https:\/\/correiodoestado.audiencelabs.com.br\/wp-json\/wp\/v2\/tags?post=41842"}],"curies":[{"name":"wp","href":"https:\/\/api.w.org\/{rel}","templated":true}]}}