{"id":41847,"date":"2026-04-27T19:35:00","date_gmt":"2026-04-27T22:35:00","guid":{"rendered":"https:\/\/correiodoestado.audiencelabs.com.br\/?p=41847"},"modified":"2026-04-27T17:33:04","modified_gmt":"2026-04-27T20:33:04","slug":"roberto-justus-vai-usar-nova-tecnologia-para-construir-5-mil-casas-no-estado","status":"publish","type":"post","link":"https:\/\/correiodoestado.audiencelabs.com.br\/roberto-justus-vai-usar-nova-tecnologia-para-construir-5-mil-casas-no-estado\/","title":{"rendered":"Roberto Justus vai usar nova tecnologia para construir 5 mil casas no estado"},"content":{"rendered":"\n<p>No cen\u00e1rio nacional, Roberto Justus ficou conhecido como\u00a0um dos maiores publicit\u00e1rios do pa\u00eds, consolidando sua fama ao comandar o reality show\u00a0&#8220;O Aprendiz&#8221;. Visando aumentar ainda mais o seu imp\u00e9rio, escolheu a cidade de Campo Grande (MS) para construir 5 mil casas populares. O vision\u00e1rio esteve na regi\u00e3o para apresentar o projeto habitacional na C\u00e2mara Municipal.<\/p>\n\n\n\n<p>O protocolo \u00e9 encabe\u00e7ado pela SteelCorp, empresa da qual Justus \u00e9 s\u00f3cio majorit\u00e1rio e diretor executivo. Reconhecendo a import\u00e2ncia do empreendimento para a rotatividade econ\u00f4mica do Brasil, o <a href=\"https:\/\/correiodoestado.com.br\/mix\/ex-empresario-de-michael-schumacher-faz-confissao-sobre-suposta-trapaca-em-2006\/\" target=\"_blank\" rel=\"noreferrer noopener\">empres\u00e1rio <\/a>aposta em um modelo de constru\u00e7\u00e3o industrializada. Apesar de o projeto despertar a curiosidade, as obras ainda n\u00e3o possuem uma previs\u00e3o para serem iniciadas.<\/p>\n\n\n\n<figure class=\"wp-block-image size-large\"><img loading=\"lazy\" decoding=\"async\" width=\"1024\" height=\"576\" src=\"https:\/\/correiodoestado.audiencelabs.com.br\/wp-content\/uploads\/2026\/04\/Roberto-Justus-mira-cidade-brasileira-com-projeto-de-5-mil-casas-populares-ainda-em-2026-944x531.jpg-1-1024x576.jpg\" alt=\"\" class=\"wp-image-41857\" srcset=\"https:\/\/correiodoestado.audiencelabs.com.br\/wp-content\/uploads\/2026\/04\/Roberto-Justus-mira-cidade-brasileira-com-projeto-de-5-mil-casas-populares-ainda-em-2026-944x531.jpg-1-1024x576.jpg 1024w, https:\/\/correiodoestado.audiencelabs.com.br\/wp-content\/uploads\/2026\/04\/Roberto-Justus-mira-cidade-brasileira-com-projeto-de-5-mil-casas-populares-ainda-em-2026-944x531.jpg-1-300x169.jpg 300w, https:\/\/correiodoestado.audiencelabs.com.br\/wp-content\/uploads\/2026\/04\/Roberto-Justus-mira-cidade-brasileira-com-projeto-de-5-mil-casas-populares-ainda-em-2026-944x531.jpg-1-768x432.jpg 768w, https:\/\/correiodoestado.audiencelabs.com.br\/wp-content\/uploads\/2026\/04\/Roberto-Justus-mira-cidade-brasileira-com-projeto-de-5-mil-casas-populares-ainda-em-2026-944x531.jpg-1-750x422.jpg 750w, https:\/\/correiodoestado.audiencelabs.com.br\/wp-content\/uploads\/2026\/04\/Roberto-Justus-mira-cidade-brasileira-com-projeto-de-5-mil-casas-populares-ainda-em-2026-944x531.jpg-1-1140x641.jpg 1140w, https:\/\/correiodoestado.audiencelabs.com.br\/wp-content\/uploads\/2026\/04\/Roberto-Justus-mira-cidade-brasileira-com-projeto-de-5-mil-casas-populares-ainda-em-2026-944x531.jpg-1.jpg 1200w\" sizes=\"auto, (max-width: 1024px) 100vw, 1024px\" \/><figcaption class=\"wp-element-caption\">Cr\u00e9ditos: Reprodu\u00e7\u00e3o\/Instagram\/@robertoljustus<\/figcaption><\/figure>\n\n\n\n<p>A expectativa \u00e9 de que os esbo\u00e7os saiam do papel ainda na temporada 2026, com estimativa para que cerca de 400 empregos diretos sejam colocados \u00e0 disposi\u00e7\u00e3o. Para colocar as resid\u00eancias de p\u00e9, ser\u00e1 usada uma tecnologia que permite acelerar o ritmo das constru\u00e7\u00f5es e reduzir custos. Isso tende a facilitar a amplia\u00e7\u00e3o do acesso \u00e0 moradia em uma cidade carente de demanda.<\/p>\n\n\n\n<h2 class=\"wp-block-heading\">Proje\u00e7\u00f5es de Roberto Justus<\/h2>\n\n\n\n<p>Embora a previs\u00e3o seja de que 5 mil casas populares sejam entregues, o representante do grupo investidor, Luiz Gustavo Cesari, afirmou que aproximadamente 3,5 mil unidades devem ficar em um \u00fanico espa\u00e7o, fator que pode agilizar etapas como urbaniza\u00e7\u00e3o e acesso a servi\u00e7os. Por sua vez, a ideia \u00e9 que os primeiros projetos saiam do papel ainda no segundo semestre, acompanhando a libera\u00e7\u00e3o das etapas necess\u00e1rias.<\/p>\n\n\n\n<p>\u201cExiste uma demanda importante e um interesse do poder p\u00fablico em facilitar esses investimentos. A ideia \u00e9 construir moradias populares com um sistema mais \u00e1gil. Vamos treinar trabalhadores daqui. A inten\u00e7\u00e3o n\u00e3o \u00e9 trazer equipes de fora, mas desenvolver profissionais na cidade\u201d, disse Roberto Justus, refor\u00e7ando que as opera\u00e7\u00f5es podem abrir novas frentes de trabalho e qualifica\u00e7\u00e3o para quem vive na regi\u00e3o.<\/p>\n","protected":false},"excerpt":{"rendered":"<p>Reconhecendo a import\u00e2ncia do empreendimento para a rotatividade econ\u00f4mica do Brasil, o empres\u00e1rio aposta em um modelo de constru\u00e7\u00e3o industrializada<\/p>\n","protected":false},"author":8,"featured_media":41856,"comment_status":"open","ping_status":"open","sticky":false,"template":"","format":"standard","meta":{"jnews-multi-image_gallery":[],"jnews_single_post":{"format":"standard"},"jnews_primary_category":[],"jnews_social_meta":[],"footnotes":""},"categories":[1],"tags":[],"class_list":["post-41847","post","type-post","status-publish","format-standard","has-post-thumbnail","hentry","category-mix"],"_links":{"self":[{"href":"https:\/\/correiodoestado.audiencelabs.com.br\/wp-json\/wp\/v2\/posts\/41847","targetHints":{"allow":["GET"]}}],"collection":[{"href":"https:\/\/correiodoestado.audiencelabs.com.br\/wp-json\/wp\/v2\/posts"}],"about":[{"href":"https:\/\/correiodoestado.audiencelabs.com.br\/wp-json\/wp\/v2\/types\/post"}],"author":[{"embeddable":true,"href":"https:\/\/correiodoestado.audiencelabs.com.br\/wp-json\/wp\/v2\/users\/8"}],"replies":[{"embeddable":true,"href":"https:\/\/correiodoestado.audiencelabs.com.br\/wp-json\/wp\/v2\/comments?post=41847"}],"version-history":[{"count":1,"href":"https:\/\/correiodoestado.audiencelabs.com.br\/wp-json\/wp\/v2\/posts\/41847\/revisions"}],"predecessor-version":[{"id":41858,"href":"https:\/\/correiodoestado.audiencelabs.com.br\/wp-json\/wp\/v2\/posts\/41847\/revisions\/41858"}],"wp:featuredmedia":[{"embeddable":true,"href":"https:\/\/correiodoestado.audiencelabs.com.br\/wp-json\/wp\/v2\/media\/41856"}],"wp:attachment":[{"href":"https:\/\/correiodoestado.audiencelabs.com.br\/wp-json\/wp\/v2\/media?parent=41847"}],"wp:term":[{"taxonomy":"category","embeddable":true,"href":"https:\/\/correiodoestado.audiencelabs.com.br\/wp-json\/wp\/v2\/categories?post=41847"},{"taxonomy":"post_tag","embeddable":true,"href":"https:\/\/correiodoestado.audiencelabs.com.br\/wp-json\/wp\/v2\/tags?post=41847"}],"curies":[{"name":"wp","href":"https:\/\/api.w.org\/{rel}","templated":true}]}}