{"id":41866,"date":"2026-04-28T05:45:00","date_gmt":"2026-04-28T08:45:00","guid":{"rendered":"https:\/\/correiodoestado.audiencelabs.com.br\/?p=41866"},"modified":"2026-04-27T19:21:21","modified_gmt":"2026-04-27T22:21:21","slug":"membros-do-bolsa-familia-que-possuem-direito-a-r-150-extras-em-maio","status":"publish","type":"post","link":"https:\/\/correiodoestado.audiencelabs.com.br\/membros-do-bolsa-familia-que-possuem-direito-a-r-150-extras-em-maio\/","title":{"rendered":"Membros do Bolsa Fam\u00edlia que possuem direito a R$ 150 extras em maio"},"content":{"rendered":"\n<p>Apesar de ser o principal programa de transfer\u00eancia de renda do Brasil, o <a href=\"https:\/\/correiodoestado.com.br\/mix\/caixa-vai-depositar-r-600-na-conta-de-beneficiarios-do-bolsa-familia-que-estiverem-nesta-lista\/\" target=\"_blank\" rel=\"noreferrer noopener\">Bolsa Fam\u00edlia<\/a> ainda segue levantando questionamentos sobre os adicionais. Conforme a determina\u00e7\u00e3o do Governo Federal, o piso do aux\u00edlio corresponde a R$ 600. No entanto, um adicional de R$ 150 \u00e9 entregue aos lares que atendem \u00e0s condi\u00e7\u00f5es do Benef\u00edcio Primeira Inf\u00e2ncia (BPI).<\/p>\n\n\n\n<p>A fim de contribuir no combate \u00e0 pobreza, o Bolsa Fam\u00edlia estabeleceu regras para que algumas composi\u00e7\u00f5es familiares tenham valores agregados \u00e0s transfer\u00eancias mensais. O BPI, por exemplo, garante o adicional por crian\u00e7a, destinado aos lares beneficiados que possu\u00edrem, em sua conjuntura, indiv\u00edduos com idade entre 0 (zero) e 7 (sete) anos incompletos.<\/p>\n\n\n\n<figure class=\"wp-block-image size-large\"><img loading=\"lazy\" decoding=\"async\" width=\"1024\" height=\"682\" src=\"https:\/\/correiodoestado.audiencelabs.com.br\/wp-content\/uploads\/2026\/04\/82a56c0a-f69e-48f1-abc1-8a028a4795c6-1-1024x682.jpeg\" alt=\"Bolsa Fam\u00edlia\" class=\"wp-image-41145\" srcset=\"https:\/\/correiodoestado.audiencelabs.com.br\/wp-content\/uploads\/2026\/04\/82a56c0a-f69e-48f1-abc1-8a028a4795c6-1-1024x682.jpeg 1024w, https:\/\/correiodoestado.audiencelabs.com.br\/wp-content\/uploads\/2026\/04\/82a56c0a-f69e-48f1-abc1-8a028a4795c6-1-300x200.jpeg 300w, https:\/\/correiodoestado.audiencelabs.com.br\/wp-content\/uploads\/2026\/04\/82a56c0a-f69e-48f1-abc1-8a028a4795c6-1-768x511.jpeg 768w, https:\/\/correiodoestado.audiencelabs.com.br\/wp-content\/uploads\/2026\/04\/82a56c0a-f69e-48f1-abc1-8a028a4795c6-1-750x499.jpeg 750w, https:\/\/correiodoestado.audiencelabs.com.br\/wp-content\/uploads\/2026\/04\/82a56c0a-f69e-48f1-abc1-8a028a4795c6-1-1140x759.jpeg 1140w, https:\/\/correiodoestado.audiencelabs.com.br\/wp-content\/uploads\/2026\/04\/82a56c0a-f69e-48f1-abc1-8a028a4795c6-1.jpeg 1199w\" sizes=\"auto, (max-width: 1024px) 100vw, 1024px\" \/><figcaption class=\"wp-element-caption\">Cr\u00e9ditos: Lyon Santos\/MDS<\/figcaption><\/figure>\n\n\n\n<p>Esse mecanismo, aprovado pelo Minist\u00e9rio do Desenvolvimento e Assist\u00eancia Social, Fam\u00edlia e Combate \u00e0 Fome (MDS), visa garantir uma sobrevida extra para aqueles que vivem em situa\u00e7\u00e3o de vulnerabilidade. Essas pol\u00edticas p\u00fablicas fortalecem a prote\u00e7\u00e3o das fam\u00edlias para que alcancem autonomia e superem situa\u00e7\u00f5es adversas do dia a dia.<\/p>\n\n\n\n<h2 class=\"wp-block-heading\">Quais s\u00e3o as condi\u00e7\u00f5es para receber o montante?<\/h2>\n\n\n\n<p>Na pr\u00e1tica, para ter acesso ao adicional de R$ 150, as fam\u00edlias precisam estar inscritas no Cadastro \u00danico para Programas Sociais (Cad\u00danico) e ter pelo menos uma crian\u00e7a de zero a seis anos incompletos registrada. Al\u00e9m disso, \u00e9 imprescind\u00edvel manter o calend\u00e1rio nacional de vacina\u00e7\u00e3o atualizado e realizar o acompanhamento nutricional das crian\u00e7as menores de sete anos.<\/p>\n\n\n\n<p>Por outro lado, para gestantes, o Governo Federal exige que o pr\u00e9-natal seja realizado regularmente. Outra condi\u00e7\u00e3o importante \u00e9 que crian\u00e7as e adolescentes de 4 a 17 anos cumpram a frequ\u00eancia escolar m\u00ednima estabelecida pelo programa. Portanto, o descumprimento das normas pode resultar no bloqueio do valor adicional.<\/p>\n\n\n\n<h2 class=\"wp-block-heading\">Libera\u00e7\u00e3o do Bolsa Fam\u00edlia de maio:<\/h2>\n\n\n\n<p>NIS final 1: Pagamento em 18 de maio;<br>NIS final 2: Pagamento em 19 de maio;<br>NIS final 3: Pagamento em 20 de maio;<br>NIS final 4: Pagamento em 21 de maio;<br>NIS final 5: Pagamento em 22 de maio;<br>NIS final 6: Pagamento em 25 de maio;<br>NIS final 7: Pagamento em 26 de maio;<br>NIS final 8: Pagamento em 27 de maio;<br>NIS final 9: Pagamento em 28 de maio;<br>NIS final 0: Pagamento em 29 de maio.<\/p>\n","protected":false},"excerpt":{"rendered":"<p>Apesar de ser o principal programa de transfer\u00eancia de renda do Brasil, o Bolsa Fam\u00edlia ainda segue levantando questionamentos sobre os adicionais<\/p>\n","protected":false},"author":8,"featured_media":37376,"comment_status":"open","ping_status":"open","sticky":false,"template":"","format":"standard","meta":{"jnews-multi-image_gallery":[],"jnews_single_post":{"format":"standard"},"jnews_primary_category":[],"jnews_social_meta":[],"footnotes":""},"categories":[1],"tags":[],"class_list":["post-41866","post","type-post","status-publish","format-standard","has-post-thumbnail","hentry","category-mix"],"_links":{"self":[{"href":"https:\/\/correiodoestado.audiencelabs.com.br\/wp-json\/wp\/v2\/posts\/41866","targetHints":{"allow":["GET"]}}],"collection":[{"href":"https:\/\/correiodoestado.audiencelabs.com.br\/wp-json\/wp\/v2\/posts"}],"about":[{"href":"https:\/\/correiodoestado.audiencelabs.com.br\/wp-json\/wp\/v2\/types\/post"}],"author":[{"embeddable":true,"href":"https:\/\/correiodoestado.audiencelabs.com.br\/wp-json\/wp\/v2\/users\/8"}],"replies":[{"embeddable":true,"href":"https:\/\/correiodoestado.audiencelabs.com.br\/wp-json\/wp\/v2\/comments?post=41866"}],"version-history":[{"count":1,"href":"https:\/\/correiodoestado.audiencelabs.com.br\/wp-json\/wp\/v2\/posts\/41866\/revisions"}],"predecessor-version":[{"id":41873,"href":"https:\/\/correiodoestado.audiencelabs.com.br\/wp-json\/wp\/v2\/posts\/41866\/revisions\/41873"}],"wp:featuredmedia":[{"embeddable":true,"href":"https:\/\/correiodoestado.audiencelabs.com.br\/wp-json\/wp\/v2\/media\/37376"}],"wp:attachment":[{"href":"https:\/\/correiodoestado.audiencelabs.com.br\/wp-json\/wp\/v2\/media?parent=41866"}],"wp:term":[{"taxonomy":"category","embeddable":true,"href":"https:\/\/correiodoestado.audiencelabs.com.br\/wp-json\/wp\/v2\/categories?post=41866"},{"taxonomy":"post_tag","embeddable":true,"href":"https:\/\/correiodoestado.audiencelabs.com.br\/wp-json\/wp\/v2\/tags?post=41866"}],"curies":[{"name":"wp","href":"https:\/\/api.w.org\/{rel}","templated":true}]}}