{"id":41889,"date":"2026-04-28T08:45:00","date_gmt":"2026-04-28T11:45:00","guid":{"rendered":"https:\/\/correiodoestado.audiencelabs.com.br\/?p=41889"},"modified":"2026-04-28T08:15:27","modified_gmt":"2026-04-28T11:15:27","slug":"presidente-lula-vai-apresentar-novo-programa-para-brasileiros-que-precisam-de-dinheiro-nesta-terca-feira-28","status":"publish","type":"post","link":"https:\/\/correiodoestado.audiencelabs.com.br\/presidente-lula-vai-apresentar-novo-programa-para-brasileiros-que-precisam-de-dinheiro-nesta-terca-feira-28\/","title":{"rendered":"Presidente Lula vai apresentar novo programa para brasileiros que precisam de dinheiro nesta ter\u00e7a-feira (28)"},"content":{"rendered":"\n<p>Recentemente, o ministro da Fazenda, Dario Durigan, surpreendeu ao anunciar os pr\u00f3ximos passos do Governo Federal em fun\u00e7\u00e3o de garantir uma sobrevida financeira aos milhares de endividados. Nesse cen\u00e1rio, o presidente da Rep\u00fablica, <a href=\"https:\/\/correiodoestado.com.br\/mix\/lula-fara-pix-de-r-200-para-jovens-que-fizerem-enem\/\" target=\"_blank\" rel=\"noreferrer noopener\">Luiz In\u00e1cio Lula da Silva (PT)<\/a>, deve autorizar, com restri\u00e7\u00f5es, a utiliza\u00e7\u00e3o de recursos do Fundo de Garantia por Tempo de Servi\u00e7o (FGTS) para um novo programa.<\/p>\n\n\n\n<p>Em geral, o plano montado inclui a\u00a0libera\u00e7\u00e3o do uso do\u00a0FGTS e a\u00a0renegocia\u00e7\u00e3o de d\u00edvidas\u00a0de cart\u00e3o de cr\u00e9dito, cr\u00e9dito direto ao consumidor (CDC) e cheque especial. Embora as informa\u00e7\u00f5es mais detalhadas estejam previstas para serem divulgadas a Lula em reuni\u00e3o nesta ter\u00e7a-feira (28), o g1 revelou que o programa ser\u00e1 voltado aos brasileiros com renda de at\u00e9 cinco sal\u00e1rios m\u00ednimos (R$ 8.105).<\/p>\n\n\n\n<figure class=\"wp-block-image size-large\"><img loading=\"lazy\" decoding=\"async\" width=\"1024\" height=\"613\" src=\"https:\/\/correiodoestado.audiencelabs.com.br\/wp-content\/uploads\/2026\/03\/WhatsApp-Image-2026-03-23-at-13.16.22-1-1024x613.jpeg\" alt=\"\" class=\"wp-image-37960\" srcset=\"https:\/\/correiodoestado.audiencelabs.com.br\/wp-content\/uploads\/2026\/03\/WhatsApp-Image-2026-03-23-at-13.16.22-1-1024x613.jpeg 1024w, https:\/\/correiodoestado.audiencelabs.com.br\/wp-content\/uploads\/2026\/03\/WhatsApp-Image-2026-03-23-at-13.16.22-1-300x180.jpeg 300w, https:\/\/correiodoestado.audiencelabs.com.br\/wp-content\/uploads\/2026\/03\/WhatsApp-Image-2026-03-23-at-13.16.22-1-768x460.jpeg 768w, https:\/\/correiodoestado.audiencelabs.com.br\/wp-content\/uploads\/2026\/03\/WhatsApp-Image-2026-03-23-at-13.16.22-1-750x449.jpeg 750w, https:\/\/correiodoestado.audiencelabs.com.br\/wp-content\/uploads\/2026\/03\/WhatsApp-Image-2026-03-23-at-13.16.22-1-1140x682.jpeg 1140w, https:\/\/correiodoestado.audiencelabs.com.br\/wp-content\/uploads\/2026\/03\/WhatsApp-Image-2026-03-23-at-13.16.22-1.jpeg 1200w\" sizes=\"auto, (max-width: 1024px) 100vw, 1024px\" \/><figcaption class=\"wp-element-caption\">Cr\u00e9ditos: Marcello Casal Jr.\/Ag\u00eancia Brasil<\/figcaption><\/figure>\n\n\n\n<p>A iniciativa governamental faz parte de um conjunto de medidas que visa reduzir o n\u00edvel de endividamento no pa\u00eds. Segundo levantamento assinado pela Confedera\u00e7\u00e3o Nacional do Com\u00e9rcio de Bens, Servi\u00e7os e Turismo (CNC), atualmente, o Brasil apresenta cerca de 80,4% das fam\u00edlias com pend\u00eancias financeiras acumuladas.<\/p>\n\n\n\n<h2 class=\"wp-block-heading\">Proje\u00e7\u00f5es para o programa<\/h2>\n\n\n\n<p>O mecanismo adotado tem como intuito central a redu\u00e7\u00e3o do comprometimento da renda das fam\u00edlias, al\u00e9m de aliviar o peso das d\u00edvidas no or\u00e7amento dom\u00e9stico. Para que haja o reequil\u00edbrio or\u00e7ament\u00e1rio de grande parte da popula\u00e7\u00e3o brasileira, as autoridades desejam contar com taxa de juros menores por parte das institui\u00e7\u00f5es financeiras.<\/p>\n\n\n\n<p>\u201cO que a gente est\u00e1 exigindo, com a contrapartida dos bancos, \u00e9 que haja uma taxa de juros muito menor do que a praticada nesses tr\u00eas segmentos [CDC, cart\u00e3o de cr\u00e9dito e cheque especial]. Estamos falando de taxas de juros que variam entre 6% e 10% ao m\u00eas. Ent\u00e3o, com um desconto amplo, a gente vai chegar a descontos de at\u00e9 90% nesse programa\u201d, estimou o ministro da Fazenda.<\/p>\n\n\n\n<p>Depois de enfrentar dificuldades jur\u00eddicas, o presidente Lula estuda editar uma Medida Provis\u00f3ria (MP) para permitir o uso do  Fundo de Garantia por Tempo de Servi\u00e7o no abatimento de d\u00edvidas. Com a medida, o Executivo ganharia tempo enquanto o\u00a0Congresso Nacional\u00a0analisa o texto. Na pr\u00e1tica, a MP daria seguran\u00e7a jur\u00eddica \u00e0 iniciativa e passaria a valer imediatamente ap\u00f3s a assinatura do petista.<\/p>\n","protected":false},"excerpt":{"rendered":"<p>A iniciativa governamental faz parte de um conjunto de medidas que visa reduzir o n\u00edvel de endividamento no pa\u00eds. Entenda o cen\u00e1rio atual<\/p>\n","protected":false},"author":8,"featured_media":41890,"comment_status":"open","ping_status":"open","sticky":false,"template":"","format":"standard","meta":{"jnews-multi-image_gallery":[],"jnews_single_post":{"format":"standard"},"jnews_primary_category":[],"jnews_social_meta":[],"footnotes":""},"categories":[1],"tags":[],"class_list":["post-41889","post","type-post","status-publish","format-standard","has-post-thumbnail","hentry","category-mix"],"_links":{"self":[{"href":"https:\/\/correiodoestado.audiencelabs.com.br\/wp-json\/wp\/v2\/posts\/41889","targetHints":{"allow":["GET"]}}],"collection":[{"href":"https:\/\/correiodoestado.audiencelabs.com.br\/wp-json\/wp\/v2\/posts"}],"about":[{"href":"https:\/\/correiodoestado.audiencelabs.com.br\/wp-json\/wp\/v2\/types\/post"}],"author":[{"embeddable":true,"href":"https:\/\/correiodoestado.audiencelabs.com.br\/wp-json\/wp\/v2\/users\/8"}],"replies":[{"embeddable":true,"href":"https:\/\/correiodoestado.audiencelabs.com.br\/wp-json\/wp\/v2\/comments?post=41889"}],"version-history":[{"count":1,"href":"https:\/\/correiodoestado.audiencelabs.com.br\/wp-json\/wp\/v2\/posts\/41889\/revisions"}],"predecessor-version":[{"id":41891,"href":"https:\/\/correiodoestado.audiencelabs.com.br\/wp-json\/wp\/v2\/posts\/41889\/revisions\/41891"}],"wp:featuredmedia":[{"embeddable":true,"href":"https:\/\/correiodoestado.audiencelabs.com.br\/wp-json\/wp\/v2\/media\/41890"}],"wp:attachment":[{"href":"https:\/\/correiodoestado.audiencelabs.com.br\/wp-json\/wp\/v2\/media?parent=41889"}],"wp:term":[{"taxonomy":"category","embeddable":true,"href":"https:\/\/correiodoestado.audiencelabs.com.br\/wp-json\/wp\/v2\/categories?post=41889"},{"taxonomy":"post_tag","embeddable":true,"href":"https:\/\/correiodoestado.audiencelabs.com.br\/wp-json\/wp\/v2\/tags?post=41889"}],"curies":[{"name":"wp","href":"https:\/\/api.w.org\/{rel}","templated":true}]}}