{"id":41900,"date":"2026-04-28T09:50:07","date_gmt":"2026-04-28T12:50:07","guid":{"rendered":"https:\/\/correiodoestado.audiencelabs.com.br\/?p=41900"},"modified":"2026-04-28T09:50:09","modified_gmt":"2026-04-28T12:50:09","slug":"flamengo-mira-substituto-de-quase-r-90-milhoes-para-pedro","status":"publish","type":"post","link":"https:\/\/correiodoestado.audiencelabs.com.br\/flamengo-mira-substituto-de-quase-r-90-milhoes-para-pedro\/","title":{"rendered":"Flamengo mira substituto de quase R$ 90 milh\u00f5es para Pedro"},"content":{"rendered":"\n<p>O atacante Pedro pode ganhar um concorrente \u00e0 altura no Flamengo na pr\u00f3xima janela de transfer\u00eancias. A diretoria rubro-negra j\u00e1 manifestou o interesse de contar com mais um jogador da posi\u00e7\u00e3o e tem feito sondagens pelo colombiano Kevin Viveros, de 26 anos, principal destaque do Athletico-PR e artilheiro da S\u00e9rie A do Campeonato Brasileiro com oito gols marcados.<\/p>\n\n\n\n<p>De acordo com informa\u00e7\u00f5es da jornalista Nadja Mauad, do portal GE, o Athletico tem sido procurado por times brasileiros, o que inclui o Flamengo. Outra equipe que tamb\u00e9m quer fechar a contrata\u00e7\u00e3o de Viveros \u00e9 o Corinthians, mas o Furac\u00e3o n\u00e3o pretende negociar o seu goleador por agora.<\/p>\n\n\n\n<figure class=\"wp-block-gallery has-nested-images columns-default is-cropped wp-block-gallery-1 is-layout-flex wp-block-gallery-is-layout-flex\">\n<figure class=\"wp-block-image size-large\"><img loading=\"lazy\" decoding=\"async\" width=\"1024\" height=\"576\" data-id=\"41923\" src=\"https:\/\/correiodoestado.audiencelabs.com.br\/wp-content\/uploads\/2026\/04\/kevin-viveros-foto-geraldo-bubniak-agb_20260423055531-1024x576.webp\" alt=\"\" class=\"wp-image-41923\" srcset=\"https:\/\/correiodoestado.audiencelabs.com.br\/wp-content\/uploads\/2026\/04\/kevin-viveros-foto-geraldo-bubniak-agb_20260423055531-1024x576.webp 1024w, https:\/\/correiodoestado.audiencelabs.com.br\/wp-content\/uploads\/2026\/04\/kevin-viveros-foto-geraldo-bubniak-agb_20260423055531-300x169.webp 300w, https:\/\/correiodoestado.audiencelabs.com.br\/wp-content\/uploads\/2026\/04\/kevin-viveros-foto-geraldo-bubniak-agb_20260423055531-768x432.webp 768w, https:\/\/correiodoestado.audiencelabs.com.br\/wp-content\/uploads\/2026\/04\/kevin-viveros-foto-geraldo-bubniak-agb_20260423055531-750x422.webp 750w, https:\/\/correiodoestado.audiencelabs.com.br\/wp-content\/uploads\/2026\/04\/kevin-viveros-foto-geraldo-bubniak-agb_20260423055531-1140x642.webp 1140w, https:\/\/correiodoestado.audiencelabs.com.br\/wp-content\/uploads\/2026\/04\/kevin-viveros-foto-geraldo-bubniak-agb_20260423055531.webp 1224w\" sizes=\"auto, (max-width: 1024px) 100vw, 1024px\" \/><figcaption class=\"wp-element-caption\">Cr\u00e9ditos: Geraldo Bubniak\/AGB<\/figcaption><\/figure>\n<\/figure>\n\n\n\n<p>Os valores envolvidos na poss\u00edvel negocia\u00e7\u00e3o chamam a aten\u00e7\u00e3o. As ofertas iniciais j\u00e1 ultrapassaram a marca de 18 milh\u00f5es de d\u00f3lares (cerca de R$ 89,5 milh\u00f5es na cota\u00e7\u00e3o atual). O colombiano tem contrato v\u00e1lido at\u00e9 junho de 2028 e a diretoria do Athletico estuda inclusive uma renova\u00e7\u00e3o do v\u00ednculo, com direito a valoriza\u00e7\u00e3o salarial.<\/p>\n\n\n\n<h2 class=\"wp-block-heading\">Viveros pode virar concorrente de Pedro no Flamengo<\/h2>\n\n\n\n<p>Viveros chegou ao futebol brasileiro no ano passado, vindo do Atl\u00e9tico Nacional, da Col\u00f4mbia, por indica\u00e7\u00e3o do t\u00e9cnico Odair Hellmann. Na \u00e9poca, a contrata\u00e7\u00e3o marcou hist\u00f3ria ao se tornar a mais cara da S\u00e9rie B do Brasileir\u00e3o, com investimento de 5 milh\u00f5es de d\u00f3lares por 70% dos direitos econ\u00f4micos do jogador. E o resultado tem sido melhor do que o esperado.<\/p>\n\n\n\n<p>Pelo Furac\u00e3o, Viveros j\u00e1 soma 19 gols marcados e quatro assist\u00eancias em 41 partidas. J\u00e1 pelo lado do Flamengo, a busca \u00e9 por um atacante mais r\u00e1pido e de maior mobilidade, que tenha caracter\u00edsticas diferentes as de Pedro, que \u00e9 um camisa 9 cl\u00e1ssico. Viveros se encaixa nesse estilo e tem ido muito bem na S\u00e9rie A, o que animou ainda mais aos dirigentes rubro-negros cariocas.<\/p>\n","protected":false},"excerpt":{"rendered":"<p>O atacante Pedro pode ganhar um concorrente \u00e0 altura no Flamengo na pr\u00f3xima janela de transfer\u00eancias. A diretoria rubro-negra j\u00e1 manifestou o interesse de contar com mais um jogador da posi\u00e7\u00e3o e tem feito sondagens pelo colombiano Kevin Viveros, de 26 anos, principal destaque do Athletico-PR e artilheiro da S\u00e9rie A do Campeonato Brasileiro com [&hellip;]<\/p>\n","protected":false},"author":18,"featured_media":41902,"comment_status":"open","ping_status":"open","sticky":false,"template":"","format":"standard","meta":{"jnews-multi-image_gallery":[],"jnews_single_post":{"format":"standard"},"jnews_primary_category":[],"jnews_social_meta":[],"footnotes":""},"categories":[1],"tags":[],"class_list":["post-41900","post","type-post","status-publish","format-standard","has-post-thumbnail","hentry","category-mix"],"_links":{"self":[{"href":"https:\/\/correiodoestado.audiencelabs.com.br\/wp-json\/wp\/v2\/posts\/41900","targetHints":{"allow":["GET"]}}],"collection":[{"href":"https:\/\/correiodoestado.audiencelabs.com.br\/wp-json\/wp\/v2\/posts"}],"about":[{"href":"https:\/\/correiodoestado.audiencelabs.com.br\/wp-json\/wp\/v2\/types\/post"}],"author":[{"embeddable":true,"href":"https:\/\/correiodoestado.audiencelabs.com.br\/wp-json\/wp\/v2\/users\/18"}],"replies":[{"embeddable":true,"href":"https:\/\/correiodoestado.audiencelabs.com.br\/wp-json\/wp\/v2\/comments?post=41900"}],"version-history":[{"count":1,"href":"https:\/\/correiodoestado.audiencelabs.com.br\/wp-json\/wp\/v2\/posts\/41900\/revisions"}],"predecessor-version":[{"id":41924,"href":"https:\/\/correiodoestado.audiencelabs.com.br\/wp-json\/wp\/v2\/posts\/41900\/revisions\/41924"}],"wp:featuredmedia":[{"embeddable":true,"href":"https:\/\/correiodoestado.audiencelabs.com.br\/wp-json\/wp\/v2\/media\/41902"}],"wp:attachment":[{"href":"https:\/\/correiodoestado.audiencelabs.com.br\/wp-json\/wp\/v2\/media?parent=41900"}],"wp:term":[{"taxonomy":"category","embeddable":true,"href":"https:\/\/correiodoestado.audiencelabs.com.br\/wp-json\/wp\/v2\/categories?post=41900"},{"taxonomy":"post_tag","embeddable":true,"href":"https:\/\/correiodoestado.audiencelabs.com.br\/wp-json\/wp\/v2\/tags?post=41900"}],"curies":[{"name":"wp","href":"https:\/\/api.w.org\/{rel}","templated":true}]}}