{"id":41937,"date":"2026-04-28T11:35:00","date_gmt":"2026-04-28T14:35:00","guid":{"rendered":"https:\/\/correiodoestado.audiencelabs.com.br\/?p=41937"},"modified":"2026-04-28T12:28:43","modified_gmt":"2026-04-28T15:28:43","slug":"show-da-shakira-esta-cancelado-apos-morte-de-trabalhador-em-copacabana","status":"publish","type":"post","link":"https:\/\/correiodoestado.audiencelabs.com.br\/show-da-shakira-esta-cancelado-apos-morte-de-trabalhador-em-copacabana\/","title":{"rendered":"Show da Shakira est\u00e1 cancelado ap\u00f3s morte de trabalhador em Copacabana?"},"content":{"rendered":"\n<p>A apresenta\u00e7\u00e3o da cantora Shakira na Praia de Copacabana continua prevista, apesar de um acidente registrado na montagem do palco. At\u00e9 o momento, n\u00e3o h\u00e1 indica\u00e7\u00e3o de cancelamento do evento. A organiza\u00e7\u00e3o refor\u00e7ou que o cronograma segue mantido.<\/p>\n\n\n\n<p>O caso envolveu a morte de um trabalhador durante a instala\u00e7\u00e3o da estrutura. A ocorr\u00eancia mobilizou equipes de resgate e autoridades locais. O epis\u00f3dio gerou repercuss\u00e3o nas redes sociais e levantou d\u00favidas sobre o show.<\/p>\n\n\n\n<h2 class=\"wp-block-heading\">Acidente durante montagem est\u00e1 sob investiga\u00e7\u00e3o<\/h2>\n\n\n\n<p>O trabalhador identificado como Gabriel de Jesus Firmino, de 28 anos, atuava na montagem quando sofreu o acidente. Ele foi prensado entre equipamentos de eleva\u00e7\u00e3o utilizados na estrutura. O socorro foi realizado no local antes do encaminhamento ao hospital.<\/p>\n\n\n\n<p>A v\u00edtima foi levada ao Hospital Municipal Miguel Couto, mas n\u00e3o resistiu aos ferimentos. O caso est\u00e1 sendo investigado pela Pol\u00edcia Civil do Estado do Rio de Janeiro. A apura\u00e7\u00e3o busca identificar poss\u00edveis falhas de seguran\u00e7a.<\/p>\n\n\n\n<p>De acordo com informa\u00e7\u00f5es preliminares, o equipamento foi acionado \u00e0 dist\u00e2ncia. A situa\u00e7\u00e3o pode ter contribu\u00eddo para o acidente. As autoridades analisam se houve descumprimento de normas de seguran\u00e7a no trabalho.<\/p>\n\n\n\n<p>A investiga\u00e7\u00e3o tamb\u00e9m avalia responsabilidades da empresa envolvida. Caso sejam constatadas irregularidades, pode haver responsabiliza\u00e7\u00e3o criminal. A per\u00edcia t\u00e9cnica deve apresentar um laudo conclusivo nas pr\u00f3ximas semanas.<\/p>\n\n\n\n<figure class=\"wp-block-image size-large\"><img loading=\"lazy\" decoding=\"async\" width=\"1024\" height=\"819\" src=\"https:\/\/correiodoestado.audiencelabs.com.br\/wp-content\/uploads\/2026\/04\/SnapInsta.to_629090945_18573166657011190_6786701908859242071_n-1-1024x819.jpg\" alt=\"\" class=\"wp-image-41943\" srcset=\"https:\/\/correiodoestado.audiencelabs.com.br\/wp-content\/uploads\/2026\/04\/SnapInsta.to_629090945_18573166657011190_6786701908859242071_n-1-1024x819.jpg 1024w, https:\/\/correiodoestado.audiencelabs.com.br\/wp-content\/uploads\/2026\/04\/SnapInsta.to_629090945_18573166657011190_6786701908859242071_n-1-300x240.jpg 300w, https:\/\/correiodoestado.audiencelabs.com.br\/wp-content\/uploads\/2026\/04\/SnapInsta.to_629090945_18573166657011190_6786701908859242071_n-1-768x614.jpg 768w, https:\/\/correiodoestado.audiencelabs.com.br\/wp-content\/uploads\/2026\/04\/SnapInsta.to_629090945_18573166657011190_6786701908859242071_n-1-750x600.jpg 750w, https:\/\/correiodoestado.audiencelabs.com.br\/wp-content\/uploads\/2026\/04\/SnapInsta.to_629090945_18573166657011190_6786701908859242071_n-1-1140x912.jpg 1140w, https:\/\/correiodoestado.audiencelabs.com.br\/wp-content\/uploads\/2026\/04\/SnapInsta.to_629090945_18573166657011190_6786701908859242071_n-1.jpg 1299w\" sizes=\"auto, (max-width: 1024px) 100vw, 1024px\" \/><figcaption class=\"wp-element-caption\">Cr\u00e9ditos: Reprodu\u00e7\u00e3o Instagram @shakira<\/figcaption><\/figure>\n\n\n\n<h2 class=\"wp-block-heading\">Organiza\u00e7\u00e3o presta apoio e mant\u00e9m programa\u00e7\u00e3o<\/h2>\n\n\n\n<p>A produtora Bonus Track informou que a artista foi comunicada sobre o ocorrido. Segundo a empresa, Shakira tem acompanhado o caso de perto. A cantora demonstrou solidariedade aos familiares da v\u00edtima.<\/p>\n\n\n\n<p>A montagem chegou a ser temporariamente interrompida para realiza\u00e7\u00e3o de per\u00edcia. Ap\u00f3s a inspe\u00e7\u00e3o, os trabalhos foram retomados. A organiza\u00e7\u00e3o afirma que o cronograma n\u00e3o foi comprometido.<\/p>\n\n\n\n<p>O evento faz parte do projeto Todo Mundo no Rio, que re\u00fane atra\u00e7\u00f5es internacionais. A expectativa \u00e9 de grande p\u00fablico na orla carioca. O show segue confirmado para o pr\u00f3ximo s\u00e1bado.<\/p>\n","protected":false},"excerpt":{"rendered":"<p>A apresenta\u00e7\u00e3o da cantora Shakira na Praia de Copacabana continua prevista, apesar de um acidente registrado na montagem do palco. At\u00e9 o momento, n\u00e3o h\u00e1 indica\u00e7\u00e3o de cancelamento do evento. A organiza\u00e7\u00e3o refor\u00e7ou que o cronograma segue mantido. O caso envolveu a morte de um trabalhador durante a instala\u00e7\u00e3o da estrutura. A ocorr\u00eancia mobilizou equipes [&hellip;]<\/p>\n","protected":false},"author":4,"featured_media":41940,"comment_status":"open","ping_status":"open","sticky":false,"template":"","format":"standard","meta":{"jnews-multi-image_gallery":[],"jnews_single_post":{"format":"standard"},"jnews_primary_category":[],"jnews_social_meta":[],"footnotes":""},"categories":[1],"tags":[],"class_list":["post-41937","post","type-post","status-publish","format-standard","has-post-thumbnail","hentry","category-mix"],"_links":{"self":[{"href":"https:\/\/correiodoestado.audiencelabs.com.br\/wp-json\/wp\/v2\/posts\/41937","targetHints":{"allow":["GET"]}}],"collection":[{"href":"https:\/\/correiodoestado.audiencelabs.com.br\/wp-json\/wp\/v2\/posts"}],"about":[{"href":"https:\/\/correiodoestado.audiencelabs.com.br\/wp-json\/wp\/v2\/types\/post"}],"author":[{"embeddable":true,"href":"https:\/\/correiodoestado.audiencelabs.com.br\/wp-json\/wp\/v2\/users\/4"}],"replies":[{"embeddable":true,"href":"https:\/\/correiodoestado.audiencelabs.com.br\/wp-json\/wp\/v2\/comments?post=41937"}],"version-history":[{"count":1,"href":"https:\/\/correiodoestado.audiencelabs.com.br\/wp-json\/wp\/v2\/posts\/41937\/revisions"}],"predecessor-version":[{"id":41944,"href":"https:\/\/correiodoestado.audiencelabs.com.br\/wp-json\/wp\/v2\/posts\/41937\/revisions\/41944"}],"wp:featuredmedia":[{"embeddable":true,"href":"https:\/\/correiodoestado.audiencelabs.com.br\/wp-json\/wp\/v2\/media\/41940"}],"wp:attachment":[{"href":"https:\/\/correiodoestado.audiencelabs.com.br\/wp-json\/wp\/v2\/media?parent=41937"}],"wp:term":[{"taxonomy":"category","embeddable":true,"href":"https:\/\/correiodoestado.audiencelabs.com.br\/wp-json\/wp\/v2\/categories?post=41937"},{"taxonomy":"post_tag","embeddable":true,"href":"https:\/\/correiodoestado.audiencelabs.com.br\/wp-json\/wp\/v2\/tags?post=41937"}],"curies":[{"name":"wp","href":"https:\/\/api.w.org\/{rel}","templated":true}]}}