{"id":41945,"date":"2026-04-28T13:35:00","date_gmt":"2026-04-28T16:35:00","guid":{"rendered":"https:\/\/correiodoestado.audiencelabs.com.br\/?p=41945"},"modified":"2026-04-28T11:22:50","modified_gmt":"2026-04-28T14:22:50","slug":"mauro-naves-tera-parceiro-ex-globo-para-cobrir-a-selecao-brasileira-no-sbt","status":"publish","type":"post","link":"https:\/\/correiodoestado.audiencelabs.com.br\/mauro-naves-tera-parceiro-ex-globo-para-cobrir-a-selecao-brasileira-no-sbt\/","title":{"rendered":"Mauro Naves ter\u00e1 parceiro ex-Globo para cobrir a Sele\u00e7\u00e3o Brasileira no SBT"},"content":{"rendered":"\n<p>O SBT anunciou um refor\u00e7o estrat\u00e9gico para sua equipe esportiva. A emissora contratou Andr\u00e9 Hernan para atuar na cobertura da pr\u00f3xima Copa do Mundo. A chegada do profissional sinaliza uma aposta mais robusta no evento.<\/p>\n\n\n\n<p>Conhecido por passagens pela TV Globo, Hernan acumula experi\u00eancia em grandes transmiss\u00f5es. Ele tamb\u00e9m j\u00e1 atuou em projetos digitais voltados ao esporte. O perfil vers\u00e1til \u00e9 visto como diferencial para a nova fase do canal.<\/p>\n\n\n\n<h2 class=\"wp-block-heading\">Parceria com Mauro Naves ser\u00e1 destaque na cobertura<\/h2>\n\n\n\n<p>No SBT, Andr\u00e9 Hernan formar\u00e1 dupla com Mauro Naves. Os dois ficar\u00e3o respons\u00e1veis por acompanhar de perto a Sele\u00e7\u00e3o Brasileira. A proposta inclui cobertura di\u00e1ria e conte\u00fado exclusivo.<\/p>\n\n\n\n<p>A equipe vai acompanhar desde a concentra\u00e7\u00e3o at\u00e9 os jogos oficiais. O objetivo \u00e9 mostrar bastidores e atualiza\u00e7\u00f5es em tempo real. Essa abordagem busca aproximar o p\u00fablico da rotina dos jogadores.<\/p>\n\n\n\n<p>A presen\u00e7a constante nos locais onde a sele\u00e7\u00e3o estiver \u00e9 parte da estrat\u00e9gia. A ideia \u00e9 oferecer informa\u00e7\u00f5es diferenciadas ao telespectador. O foco est\u00e1 em agilidade e proximidade com os fatos.<\/p>\n\n\n\n<figure class=\"wp-block-image size-large\"><img loading=\"lazy\" decoding=\"async\" width=\"1024\" height=\"793\" src=\"https:\/\/correiodoestado.audiencelabs.com.br\/wp-content\/uploads\/2026\/04\/107705-1-1024x793.jpg\" alt=\"\" class=\"wp-image-41946\" srcset=\"https:\/\/correiodoestado.audiencelabs.com.br\/wp-content\/uploads\/2026\/04\/107705-1-1024x793.jpg 1024w, https:\/\/correiodoestado.audiencelabs.com.br\/wp-content\/uploads\/2026\/04\/107705-1-300x232.jpg 300w, https:\/\/correiodoestado.audiencelabs.com.br\/wp-content\/uploads\/2026\/04\/107705-1-768x595.jpg 768w, https:\/\/correiodoestado.audiencelabs.com.br\/wp-content\/uploads\/2026\/04\/107705-1-750x581.jpg 750w, https:\/\/correiodoestado.audiencelabs.com.br\/wp-content\/uploads\/2026\/04\/107705-1-1140x883.jpg 1140w, https:\/\/correiodoestado.audiencelabs.com.br\/wp-content\/uploads\/2026\/04\/107705-1.jpg 1200w\" sizes=\"auto, (max-width: 1024px) 100vw, 1024px\" \/><figcaption class=\"wp-element-caption\">Cr\u00e9ditos: Divulga\u00e7\u00e3o SBT<\/figcaption><\/figure>\n\n\n\n<h2 class=\"wp-block-heading\">Estrat\u00e9gia mira audi\u00eancia durante a Copa do Mundo<\/h2>\n\n\n\n<p>A contrata\u00e7\u00e3o integra um movimento maior do SBT para fortalecer o setor esportivo. A emissora tem investido em nomes reconhecidos pelo p\u00fablico. A inten\u00e7\u00e3o \u00e9 aumentar competitividade durante grandes eventos.<\/p>\n\n\n\n<p>A Copa do Mundo FIFA \u00e9 considerada um dos principais momentos da televis\u00e3o. O evento costuma atrair milh\u00f5es de espectadores. Por isso, a disputa por audi\u00eancia entre emissoras se intensifica.<\/p>\n\n\n\n<p>Com profissionais experientes, o canal busca consolidar sua cobertura. A combina\u00e7\u00e3o entre tradi\u00e7\u00e3o e linguagem atual \u00e9 um dos pilares. O uso de m\u00faltiplas plataformas tamb\u00e9m deve ampliar o alcance.<\/p>\n","protected":false},"excerpt":{"rendered":"<p>O SBT anunciou um refor\u00e7o estrat\u00e9gico para sua equipe esportiva. A emissora contratou Andr\u00e9 Hernan para atuar na cobertura da pr\u00f3xima Copa do Mundo. A chegada do profissional sinaliza uma aposta mais robusta no evento. Conhecido por passagens pela TV Globo, Hernan acumula experi\u00eancia em grandes transmiss\u00f5es. Ele tamb\u00e9m j\u00e1 atuou em projetos digitais voltados [&hellip;]<\/p>\n","protected":false},"author":4,"featured_media":41947,"comment_status":"open","ping_status":"open","sticky":false,"template":"","format":"standard","meta":{"jnews-multi-image_gallery":[],"jnews_single_post":{"format":"standard"},"jnews_primary_category":[],"jnews_social_meta":[],"footnotes":""},"categories":[1],"tags":[],"class_list":["post-41945","post","type-post","status-publish","format-standard","has-post-thumbnail","hentry","category-mix"],"_links":{"self":[{"href":"https:\/\/correiodoestado.audiencelabs.com.br\/wp-json\/wp\/v2\/posts\/41945","targetHints":{"allow":["GET"]}}],"collection":[{"href":"https:\/\/correiodoestado.audiencelabs.com.br\/wp-json\/wp\/v2\/posts"}],"about":[{"href":"https:\/\/correiodoestado.audiencelabs.com.br\/wp-json\/wp\/v2\/types\/post"}],"author":[{"embeddable":true,"href":"https:\/\/correiodoestado.audiencelabs.com.br\/wp-json\/wp\/v2\/users\/4"}],"replies":[{"embeddable":true,"href":"https:\/\/correiodoestado.audiencelabs.com.br\/wp-json\/wp\/v2\/comments?post=41945"}],"version-history":[{"count":1,"href":"https:\/\/correiodoestado.audiencelabs.com.br\/wp-json\/wp\/v2\/posts\/41945\/revisions"}],"predecessor-version":[{"id":41948,"href":"https:\/\/correiodoestado.audiencelabs.com.br\/wp-json\/wp\/v2\/posts\/41945\/revisions\/41948"}],"wp:featuredmedia":[{"embeddable":true,"href":"https:\/\/correiodoestado.audiencelabs.com.br\/wp-json\/wp\/v2\/media\/41947"}],"wp:attachment":[{"href":"https:\/\/correiodoestado.audiencelabs.com.br\/wp-json\/wp\/v2\/media?parent=41945"}],"wp:term":[{"taxonomy":"category","embeddable":true,"href":"https:\/\/correiodoestado.audiencelabs.com.br\/wp-json\/wp\/v2\/categories?post=41945"},{"taxonomy":"post_tag","embeddable":true,"href":"https:\/\/correiodoestado.audiencelabs.com.br\/wp-json\/wp\/v2\/tags?post=41945"}],"curies":[{"name":"wp","href":"https:\/\/api.w.org\/{rel}","templated":true}]}}