{"id":41958,"date":"2026-04-29T08:15:00","date_gmt":"2026-04-29T11:15:00","guid":{"rendered":"https:\/\/correiodoestado.audiencelabs.com.br\/?p=41958"},"modified":"2026-04-28T11:47:08","modified_gmt":"2026-04-28T14:47:08","slug":"sintoma-silencioso-que-aparece-pela-manha-pode-indicar-cancer","status":"publish","type":"post","link":"https:\/\/correiodoestado.audiencelabs.com.br\/sintoma-silencioso-que-aparece-pela-manha-pode-indicar-cancer\/","title":{"rendered":"Sintoma silencioso que aparece pela manh\u00e3 pode indicar c\u00e2ncer"},"content":{"rendered":"\n<p>Sentir dor de cabe\u00e7a logo pela manh\u00e3 \u00e9 algo comum para muitas pessoas. Na maioria dos casos, o desconforto n\u00e3o est\u00e1 relacionado a doen\u00e7as s\u00e9rias. Ainda assim, especialistas alertam que, em situa\u00e7\u00f5es espec\u00edficas, pode estar ligado a condi\u00e7\u00f5es como c\u00e2ncer cerebral.<\/p>\n\n\n\n<p>Esse tipo de sintoma exige an\u00e1lise cuidadosa antes de qualquer conclus\u00e3o. Nem toda dor ao despertar representa risco imediato. O contexto cl\u00ednico e a frequ\u00eancia s\u00e3o fatores decisivos na avalia\u00e7\u00e3o.<\/p>\n\n\n\n<h2 class=\"wp-block-heading\">Quando o sintoma merece mais aten\u00e7\u00e3o<\/h2>\n\n\n\n<p>De acordo com m\u00e9dicos, alguns pacientes com tumor cerebral relatam dor mais intensa ao acordar. Esse inc\u00f4modo pode diminuir ao longo do dia. A explica\u00e7\u00e3o est\u00e1 ligada ao aumento da press\u00e3o intracraniana durante a noite.<\/p>\n\n\n\n<p>Ficar deitado por v\u00e1rias horas pode influenciar essa press\u00e3o. Em alguns casos, o sintoma vem acompanhado de n\u00e1useas ou v\u00f4mitos matinais. Esses sinais adicionais ajudam a direcionar a investiga\u00e7\u00e3o m\u00e9dica.<\/p>\n\n\n\n<p>Outro ponto relevante \u00e9 a evolu\u00e7\u00e3o da dor ao longo do tempo. Quando o quadro se torna mais frequente e intenso, o alerta aumenta. A falta de resposta a analg\u00e9sicos comuns tamb\u00e9m merece aten\u00e7\u00e3o.<\/p>\n\n\n\n<p>Altera\u00e7\u00f5es na vis\u00e3o, equil\u00edbrio ou mem\u00f3ria podem surgir junto com a dor. Esses sinais associados indicam necessidade de avalia\u00e7\u00e3o mais detalhada. O acompanhamento profissional \u00e9 fundamental nesses casos.<\/p>\n\n\n\n<figure class=\"wp-block-image size-large\"><img loading=\"lazy\" decoding=\"async\" width=\"1024\" height=\"768\" src=\"https:\/\/correiodoestado.audiencelabs.com.br\/wp-content\/uploads\/2026\/04\/adrian-swancar-roCfgvkBLVY-unsplash-1024x768.jpg\" alt=\"\" class=\"wp-image-41960\" srcset=\"https:\/\/correiodoestado.audiencelabs.com.br\/wp-content\/uploads\/2026\/04\/adrian-swancar-roCfgvkBLVY-unsplash-1024x768.jpg 1024w, https:\/\/correiodoestado.audiencelabs.com.br\/wp-content\/uploads\/2026\/04\/adrian-swancar-roCfgvkBLVY-unsplash-300x225.jpg 300w, https:\/\/correiodoestado.audiencelabs.com.br\/wp-content\/uploads\/2026\/04\/adrian-swancar-roCfgvkBLVY-unsplash-768x576.jpg 768w, https:\/\/correiodoestado.audiencelabs.com.br\/wp-content\/uploads\/2026\/04\/adrian-swancar-roCfgvkBLVY-unsplash-1536x1152.jpg 1536w, https:\/\/correiodoestado.audiencelabs.com.br\/wp-content\/uploads\/2026\/04\/adrian-swancar-roCfgvkBLVY-unsplash-750x563.jpg 750w, https:\/\/correiodoestado.audiencelabs.com.br\/wp-content\/uploads\/2026\/04\/adrian-swancar-roCfgvkBLVY-unsplash-1140x855.jpg 1140w, https:\/\/correiodoestado.audiencelabs.com.br\/wp-content\/uploads\/2026\/04\/adrian-swancar-roCfgvkBLVY-unsplash.jpg 1920w\" sizes=\"auto, (max-width: 1024px) 100vw, 1024px\" \/><figcaption class=\"wp-element-caption\">Cr\u00e9ditos: Adrian Swancar \/ Unsplash<\/figcaption><\/figure>\n\n\n\n<h2 class=\"wp-block-heading\">Causas comuns ainda s\u00e3o as mais frequentes<\/h2>\n\n\n\n<p>Apesar das possibilidades mais graves, a maior parte das dores matinais tem origem benigna. Fatores como estresse, noites mal dormidas e tens\u00e3o muscular s\u00e3o comuns. A desidrata\u00e7\u00e3o tamb\u00e9m pode contribuir para o sintoma.<\/p>\n\n\n\n<p>Essas causas costumam ser passageiras e respondem bem a mudan\u00e7as de h\u00e1bito. Melhorar o sono e a hidrata\u00e7\u00e3o pode reduzir os epis\u00f3dios. Ainda assim, a persist\u00eancia deve ser observada.<\/p>\n\n\n\n<p>O diagn\u00f3stico de condi\u00e7\u00f5es mais s\u00e9rias depende de exames e an\u00e1lise cl\u00ednica completa. Nenhum sintoma isolado \u00e9 suficiente para confirmar doen\u00e7as graves. Por isso, a avalia\u00e7\u00e3o individual continua sendo indispens\u00e1vel.<\/p>\n","protected":false},"excerpt":{"rendered":"<p>Sentir dor de cabe\u00e7a logo pela manh\u00e3 \u00e9 algo comum para muitas pessoas. Na maioria dos casos, o desconforto n\u00e3o est\u00e1 relacionado a doen\u00e7as s\u00e9rias. Ainda assim, especialistas alertam que, em situa\u00e7\u00f5es espec\u00edficas, pode estar ligado a condi\u00e7\u00f5es como c\u00e2ncer cerebral. Esse tipo de sintoma exige an\u00e1lise cuidadosa antes de qualquer conclus\u00e3o. Nem toda dor [&hellip;]<\/p>\n","protected":false},"author":4,"featured_media":41959,"comment_status":"open","ping_status":"open","sticky":false,"template":"","format":"standard","meta":{"jnews-multi-image_gallery":[],"jnews_single_post":{"format":"standard"},"jnews_primary_category":[],"jnews_social_meta":[],"footnotes":""},"categories":[1],"tags":[],"class_list":["post-41958","post","type-post","status-publish","format-standard","has-post-thumbnail","hentry","category-mix"],"_links":{"self":[{"href":"https:\/\/correiodoestado.audiencelabs.com.br\/wp-json\/wp\/v2\/posts\/41958","targetHints":{"allow":["GET"]}}],"collection":[{"href":"https:\/\/correiodoestado.audiencelabs.com.br\/wp-json\/wp\/v2\/posts"}],"about":[{"href":"https:\/\/correiodoestado.audiencelabs.com.br\/wp-json\/wp\/v2\/types\/post"}],"author":[{"embeddable":true,"href":"https:\/\/correiodoestado.audiencelabs.com.br\/wp-json\/wp\/v2\/users\/4"}],"replies":[{"embeddable":true,"href":"https:\/\/correiodoestado.audiencelabs.com.br\/wp-json\/wp\/v2\/comments?post=41958"}],"version-history":[{"count":1,"href":"https:\/\/correiodoestado.audiencelabs.com.br\/wp-json\/wp\/v2\/posts\/41958\/revisions"}],"predecessor-version":[{"id":41961,"href":"https:\/\/correiodoestado.audiencelabs.com.br\/wp-json\/wp\/v2\/posts\/41958\/revisions\/41961"}],"wp:featuredmedia":[{"embeddable":true,"href":"https:\/\/correiodoestado.audiencelabs.com.br\/wp-json\/wp\/v2\/media\/41959"}],"wp:attachment":[{"href":"https:\/\/correiodoestado.audiencelabs.com.br\/wp-json\/wp\/v2\/media?parent=41958"}],"wp:term":[{"taxonomy":"category","embeddable":true,"href":"https:\/\/correiodoestado.audiencelabs.com.br\/wp-json\/wp\/v2\/categories?post=41958"},{"taxonomy":"post_tag","embeddable":true,"href":"https:\/\/correiodoestado.audiencelabs.com.br\/wp-json\/wp\/v2\/tags?post=41958"}],"curies":[{"name":"wp","href":"https:\/\/api.w.org\/{rel}","templated":true}]}}