{"id":41992,"date":"2026-04-29T07:15:00","date_gmt":"2026-04-29T10:15:00","guid":{"rendered":"https:\/\/correiodoestado.audiencelabs.com.br\/?p=41992"},"modified":"2026-04-28T13:07:07","modified_gmt":"2026-04-28T16:07:07","slug":"idosos-acima-de-75-anos-podem-perder-o-direito-de-dirigir-automaticamente-neste-pais","status":"publish","type":"post","link":"https:\/\/correiodoestado.audiencelabs.com.br\/idosos-acima-de-75-anos-podem-perder-o-direito-de-dirigir-automaticamente-neste-pais\/","title":{"rendered":"Idosos acima de 75 anos podem perder o direito de dirigir automaticamente neste pa\u00eds"},"content":{"rendered":"\n<p>Uma peti\u00e7\u00e3o p\u00fablica criada em Portugal tem gerado debate ao propor a proibi\u00e7\u00e3o da condu\u00e7\u00e3o para idosos a partir dos 75 anos. A iniciativa busca reunir assinaturas para ser encaminhada \u00e0 Assembleia da Rep\u00fablica, com o objetivo de pressionar por mudan\u00e7as na legisla\u00e7\u00e3o de tr\u00e2nsito do pa\u00eds. At\u00e9 o momento, o abaixo-assinado soma algumas centenas de apoios.<\/p>\n\n\n\n<p>Segundo as regras portuguesas, caso a peti\u00e7\u00e3o alcance cerca de 7,5 mil assinaturas, ela pode ser analisada em plen\u00e1rio, embora isso n\u00e3o garanta a aprova\u00e7\u00e3o de qualquer mudan\u00e7a. O tema, no entanto, j\u00e1 levanta discuss\u00f5es importantes sobre seguran\u00e7a vi\u00e1ria e direitos individuais. O autor da proposta, N\u00e9lson Manuel de Oliveira Ferreira, argumenta que o avan\u00e7o da idade traz limita\u00e7\u00f5es naturais.<\/p>\n\n\n\n<figure class=\"wp-block-gallery has-nested-images columns-default is-cropped wp-block-gallery-1 is-layout-flex wp-block-gallery-is-layout-flex\">\n<figure class=\"wp-block-image size-large\"><img loading=\"lazy\" decoding=\"async\" width=\"1024\" height=\"613\" data-id=\"37933\" src=\"https:\/\/correiodoestado.audiencelabs.com.br\/wp-content\/uploads\/2026\/03\/carro-1024x613.webp\" alt=\"\" class=\"wp-image-37933\" srcset=\"https:\/\/correiodoestado.audiencelabs.com.br\/wp-content\/uploads\/2026\/03\/carro-1024x613.webp 1024w, https:\/\/correiodoestado.audiencelabs.com.br\/wp-content\/uploads\/2026\/03\/carro-300x179.webp 300w, https:\/\/correiodoestado.audiencelabs.com.br\/wp-content\/uploads\/2026\/03\/carro-768x459.webp 768w, https:\/\/correiodoestado.audiencelabs.com.br\/wp-content\/uploads\/2026\/03\/carro-750x449.webp 750w, https:\/\/correiodoestado.audiencelabs.com.br\/wp-content\/uploads\/2026\/03\/carro-1140x682.webp 1140w, https:\/\/correiodoestado.audiencelabs.com.br\/wp-content\/uploads\/2026\/03\/carro.webp 1170w\" sizes=\"auto, (max-width: 1024px) 100vw, 1024px\" \/><figcaption class=\"wp-element-caption\">Cr\u00e9ditos: Renato Ara\u00fajo\/Ag\u00eancia Brasil <\/figcaption><\/figure>\n<\/figure>\n\n\n\n<p>&#8220;A partir dos 75 anos, o decl\u00ednio cognitivo, visual e motor \u00e9 uma realidade inevit\u00e1vel. Tempo de rea\u00e7\u00e3o reduzido, perda de percep\u00e7\u00e3o e falhas de julgamento tornam a condu\u00e7\u00e3o perigosamente imprevis\u00edvel&#8221;, diz o texto. O autor tamb\u00e9m questiona a efic\u00e1cia das avalia\u00e7\u00f5es m\u00e9dicas peri\u00f3dicas e  alega que elas n\u00e3o garantem a aptid\u00e3o cont\u00ednua do motorista nessa faixa de idade.<\/p>\n\n\n\n<h2 class=\"wp-block-heading\">Idosos podem ser proibidos de dirigir em Portugal<\/h2>\n\n\n\n<p>Por outro lado, a peti\u00e7\u00e3o n\u00e3o apresenta estudos ou dados oficiais que comprovem um aumento significativo de acidentes envolvendo condutores idosos em Portugal. Ainda assim, o texto sugere n\u00e3o apenas a proibi\u00e7\u00e3o, mas tamb\u00e9m a cria\u00e7\u00e3o de alternativas de mobilidade para essa faixa et\u00e1ria, como forma de preservar a autonomia dessas pessoas.<\/p>\n\n\n\n<p>No Brasil, a legisla\u00e7\u00e3o segue por outro caminho. N\u00e3o h\u00e1 idade m\u00e1xima para dirigir, mas o processo de renova\u00e7\u00e3o da carteira se torna mais frequente com o passar dos anos. A partir dos 70, por exemplo, motoristas precisam passar por avalia\u00e7\u00f5es m\u00e9dicas a cada tr\u00eas anos, podendo perder o direito de dirigir caso sejam identificadas condi\u00e7\u00f5es que comprometam a seguran\u00e7a.<\/p>\n","protected":false},"excerpt":{"rendered":"<p>Uma peti\u00e7\u00e3o p\u00fablica criada em Portugal tem gerado debate ao propor a proibi\u00e7\u00e3o da condu\u00e7\u00e3o para idosos a partir dos 75 anos. A iniciativa busca reunir assinaturas para ser encaminhada \u00e0 Assembleia da Rep\u00fablica, com o objetivo de pressionar por mudan\u00e7as na legisla\u00e7\u00e3o de tr\u00e2nsito do pa\u00eds. At\u00e9 o momento, o abaixo-assinado soma algumas centenas [&hellip;]<\/p>\n","protected":false},"author":18,"featured_media":41993,"comment_status":"open","ping_status":"open","sticky":false,"template":"","format":"standard","meta":{"jnews-multi-image_gallery":[],"jnews_single_post":{"format":"standard"},"jnews_primary_category":[],"jnews_social_meta":[],"footnotes":""},"categories":[1],"tags":[],"class_list":["post-41992","post","type-post","status-publish","format-standard","has-post-thumbnail","hentry","category-mix"],"_links":{"self":[{"href":"https:\/\/correiodoestado.audiencelabs.com.br\/wp-json\/wp\/v2\/posts\/41992","targetHints":{"allow":["GET"]}}],"collection":[{"href":"https:\/\/correiodoestado.audiencelabs.com.br\/wp-json\/wp\/v2\/posts"}],"about":[{"href":"https:\/\/correiodoestado.audiencelabs.com.br\/wp-json\/wp\/v2\/types\/post"}],"author":[{"embeddable":true,"href":"https:\/\/correiodoestado.audiencelabs.com.br\/wp-json\/wp\/v2\/users\/18"}],"replies":[{"embeddable":true,"href":"https:\/\/correiodoestado.audiencelabs.com.br\/wp-json\/wp\/v2\/comments?post=41992"}],"version-history":[{"count":1,"href":"https:\/\/correiodoestado.audiencelabs.com.br\/wp-json\/wp\/v2\/posts\/41992\/revisions"}],"predecessor-version":[{"id":41994,"href":"https:\/\/correiodoestado.audiencelabs.com.br\/wp-json\/wp\/v2\/posts\/41992\/revisions\/41994"}],"wp:featuredmedia":[{"embeddable":true,"href":"https:\/\/correiodoestado.audiencelabs.com.br\/wp-json\/wp\/v2\/media\/41993"}],"wp:attachment":[{"href":"https:\/\/correiodoestado.audiencelabs.com.br\/wp-json\/wp\/v2\/media?parent=41992"}],"wp:term":[{"taxonomy":"category","embeddable":true,"href":"https:\/\/correiodoestado.audiencelabs.com.br\/wp-json\/wp\/v2\/categories?post=41992"},{"taxonomy":"post_tag","embeddable":true,"href":"https:\/\/correiodoestado.audiencelabs.com.br\/wp-json\/wp\/v2\/tags?post=41992"}],"curies":[{"name":"wp","href":"https:\/\/api.w.org\/{rel}","templated":true}]}}