{"id":41995,"date":"2026-04-28T17:06:00","date_gmt":"2026-04-28T20:06:00","guid":{"rendered":"https:\/\/correiodoestado.audiencelabs.com.br\/?p=41995"},"modified":"2026-04-28T13:52:14","modified_gmt":"2026-04-28T16:52:14","slug":"lula-manda-construir-551-novas-ubs-em-todo-o-brasil-por-r-12-bilhao","status":"publish","type":"post","link":"https:\/\/correiodoestado.audiencelabs.com.br\/lula-manda-construir-551-novas-ubs-em-todo-o-brasil-por-r-12-bilhao\/","title":{"rendered":"Lula manda construir 551 novas UBS em todo o Brasil por R$ 1,2 bilh\u00e3o"},"content":{"rendered":"\n<p>As Unidades B\u00e1sicas de Sa\u00fade (UBS) est\u00e3o no centro do novo investimento anunciado pelo Minist\u00e9rio da Sa\u00fade, que liberou R$ 1,2 bilh\u00e3o para obras em todo o pa\u00eds na \u00faltima sexta-feira (24). O montante, o maior j\u00e1 destinado em uma \u00fanica a\u00e7\u00e3o do Novo PAC Sa\u00fade, deve beneficiar cerca de 11 milh\u00f5es de brasileiros com a amplia\u00e7\u00e3o da rede p\u00fablica.<\/p>\n\n\n\n<p>Ao todo, foram emitidas 541 ordens de servi\u00e7o em 505 munic\u00edpios do territ\u00f3rio nacional, incluindo n\u00e3o apenas UBS, mas tamb\u00e9m Centros de Aten\u00e7\u00e3o Psicossocial (Caps) e Centros Especializados em Reabilita\u00e7\u00e3o (CER). A iniciativa refor\u00e7a a articula\u00e7\u00e3o entre Uni\u00e3o, estados e munic\u00edpios para fortalecer o Sistema \u00danico de Sa\u00fade (SUS) e ampliar o acesso aos servi\u00e7os.<\/p>\n\n\n\n<figure class=\"wp-block-gallery has-nested-images columns-default is-cropped wp-block-gallery-1 is-layout-flex wp-block-gallery-is-layout-flex\">\n<figure class=\"wp-block-image size-large\"><img loading=\"lazy\" decoding=\"async\" width=\"1024\" height=\"613\" data-id=\"37082\" src=\"https:\/\/correiodoestado.audiencelabs.com.br\/wp-content\/uploads\/2026\/03\/20240423_132910010_ios-1024x613.webp\" alt=\"\" class=\"wp-image-37082\" srcset=\"https:\/\/correiodoestado.audiencelabs.com.br\/wp-content\/uploads\/2026\/03\/20240423_132910010_ios-1024x613.webp 1024w, https:\/\/correiodoestado.audiencelabs.com.br\/wp-content\/uploads\/2026\/03\/20240423_132910010_ios-300x179.webp 300w, https:\/\/correiodoestado.audiencelabs.com.br\/wp-content\/uploads\/2026\/03\/20240423_132910010_ios-768x459.webp 768w, https:\/\/correiodoestado.audiencelabs.com.br\/wp-content\/uploads\/2026\/03\/20240423_132910010_ios-750x449.webp 750w, https:\/\/correiodoestado.audiencelabs.com.br\/wp-content\/uploads\/2026\/03\/20240423_132910010_ios-1140x682.webp 1140w, https:\/\/correiodoestado.audiencelabs.com.br\/wp-content\/uploads\/2026\/03\/20240423_132910010_ios.webp 1170w\" sizes=\"auto, (max-width: 1024px) 100vw, 1024px\" \/><figcaption class=\"wp-element-caption\">Cr\u00e9ditos: Fabio Rodrigues-Pozzebom\/Ag\u00eancia Brasil <\/figcaption><\/figure>\n<\/figure>\n\n\n\n<p>&#8220;\u00c9 o SUS sendo ampliado com rapidez, presen\u00e7a do Governo do Brasil e justi\u00e7a social. Onde antes faltava estrutura, o governo do presidente Lula est\u00e1 fazendo chegar Unidades B\u00e1sicas de Sa\u00fade, centros de atendimento em sa\u00fade mental e voltados a pessoas com defici\u00eancia. \u00c9 investimento que vira obra, obra que vira atendimento e atendimento que melhora a vida do povo brasileiro&#8221;, afirmou o ministro da Sa\u00fade, Alexandre Padilha.<\/p>\n\n\n\n<h2 class=\"wp-block-heading\">Centenas de UBS ser\u00e3o constru\u00eddas pelo Governo Lula<\/h2>\n\n\n\n<p>Com esse novo aporte, o programa alcan\u00e7a cerca de 85% das obras em execu\u00e7\u00e3o ou conclu\u00eddas, somando mais de 2,8 mil projetos em todo o pa\u00eds. Entre os destaques est\u00e3o a implanta\u00e7\u00e3o de uma UBS em Fund\u00e3o, no Esp\u00edrito Santo, e um Caps em Alto Alegre, em Roraima, que prometem ampliar a presen\u00e7a do sistema em \u00e1reas mais vulner\u00e1veis do Brasil.<\/p>\n\n\n\n<p>Al\u00e9m de melhorar o atendimento, o investimento tamb\u00e9m impulsiona a economia local, com gera\u00e7\u00e3o de empregos e renda. Os recursos foram repassados diretamente aos fundos estaduais e municipais, garantindo mais agilidade na execu\u00e7\u00e3o das obras e na entrega dos servi\u00e7os \u00e0 popula\u00e7\u00e3o.<\/p>\n","protected":false},"excerpt":{"rendered":"<p>As Unidades B\u00e1sicas de Sa\u00fade (UBS) est\u00e3o no centro do novo investimento anunciado pelo Minist\u00e9rio da Sa\u00fade, que liberou R$ 1,2 bilh\u00e3o para obras em todo o pa\u00eds na \u00faltima sexta-feira (24). O montante, o maior j\u00e1 destinado em uma \u00fanica a\u00e7\u00e3o do Novo PAC Sa\u00fade, deve beneficiar cerca de 11 milh\u00f5es de brasileiros com [&hellip;]<\/p>\n","protected":false},"author":18,"featured_media":42000,"comment_status":"open","ping_status":"open","sticky":false,"template":"","format":"standard","meta":{"jnews-multi-image_gallery":[],"jnews_single_post":{"format":"standard"},"jnews_primary_category":[],"jnews_social_meta":[],"footnotes":""},"categories":[1],"tags":[],"class_list":["post-41995","post","type-post","status-publish","format-standard","has-post-thumbnail","hentry","category-mix"],"_links":{"self":[{"href":"https:\/\/correiodoestado.audiencelabs.com.br\/wp-json\/wp\/v2\/posts\/41995","targetHints":{"allow":["GET"]}}],"collection":[{"href":"https:\/\/correiodoestado.audiencelabs.com.br\/wp-json\/wp\/v2\/posts"}],"about":[{"href":"https:\/\/correiodoestado.audiencelabs.com.br\/wp-json\/wp\/v2\/types\/post"}],"author":[{"embeddable":true,"href":"https:\/\/correiodoestado.audiencelabs.com.br\/wp-json\/wp\/v2\/users\/18"}],"replies":[{"embeddable":true,"href":"https:\/\/correiodoestado.audiencelabs.com.br\/wp-json\/wp\/v2\/comments?post=41995"}],"version-history":[{"count":1,"href":"https:\/\/correiodoestado.audiencelabs.com.br\/wp-json\/wp\/v2\/posts\/41995\/revisions"}],"predecessor-version":[{"id":42002,"href":"https:\/\/correiodoestado.audiencelabs.com.br\/wp-json\/wp\/v2\/posts\/41995\/revisions\/42002"}],"wp:featuredmedia":[{"embeddable":true,"href":"https:\/\/correiodoestado.audiencelabs.com.br\/wp-json\/wp\/v2\/media\/42000"}],"wp:attachment":[{"href":"https:\/\/correiodoestado.audiencelabs.com.br\/wp-json\/wp\/v2\/media?parent=41995"}],"wp:term":[{"taxonomy":"category","embeddable":true,"href":"https:\/\/correiodoestado.audiencelabs.com.br\/wp-json\/wp\/v2\/categories?post=41995"},{"taxonomy":"post_tag","embeddable":true,"href":"https:\/\/correiodoestado.audiencelabs.com.br\/wp-json\/wp\/v2\/tags?post=41995"}],"curies":[{"name":"wp","href":"https:\/\/api.w.org\/{rel}","templated":true}]}}