{"id":42023,"date":"2026-04-28T18:30:00","date_gmt":"2026-04-28T21:30:00","guid":{"rendered":"https:\/\/correiodoestado.audiencelabs.com.br\/?p=42023"},"modified":"2026-04-28T15:15:35","modified_gmt":"2026-04-28T18:15:35","slug":"o-estado-onde-o-governo-da-r-300-a-mais-para-quem-ganha-bolsa-familia","status":"publish","type":"post","link":"https:\/\/correiodoestado.audiencelabs.com.br\/o-estado-onde-o-governo-da-r-300-a-mais-para-quem-ganha-bolsa-familia\/","title":{"rendered":"O estado onde o governo d\u00e1 R$ 300 a mais para quem ganha Bolsa Fam\u00edlia"},"content":{"rendered":"\n<p>Apesar de o Governo Federal ter institu\u00eddo o Programa <a href=\"https:\/\/correiodoestado.com.br\/mix\/governo-faz-exigencia-determinante-para-seguir-pagando-o-bolsa-familia\/\" target=\"_blank\" rel=\"noreferrer noopener\">Bolsa Fam\u00edlia<\/a>, oferecendo o valor m\u00ednimo de R$ 600 para pessoas em situa\u00e7\u00e3o de vulnerabilidade social, um estado do Nordeste brasileiro decidiu injetar um outro adicional ao aux\u00edlio. Esse mecanismo foi adotado a fim de combater a inseguran\u00e7a alimentar, entregando um cart\u00e3o alimenta\u00e7\u00e3o no valor de R$ 300.<\/p>\n\n\n\n<p>Essa medida recebe o nome de Cear\u00e1 Sem Fome, uma iniciativa do governo do estado pensada exclusivamente para lares que n\u00e3o possuem renda suficiente para sustentar todos os moradores. De acordo com informa\u00e7\u00f5es repassadas pelas autoridades, a partir de maio, mais 16,4 fam\u00edlias cearenses ser\u00e3o contempladas com o valor adicional.<\/p>\n\n\n\n<figure class=\"wp-block-image size-large\"><img loading=\"lazy\" decoding=\"async\" width=\"1024\" height=\"683\" src=\"https:\/\/correiodoestado.audiencelabs.com.br\/wp-content\/uploads\/2026\/04\/Entrega-Cartoes-Ceara-Sem-Fome-4-1536x1024-1-1024x683.jpg\" alt=\"\" class=\"wp-image-42027\" srcset=\"https:\/\/correiodoestado.audiencelabs.com.br\/wp-content\/uploads\/2026\/04\/Entrega-Cartoes-Ceara-Sem-Fome-4-1536x1024-1-1024x683.jpg 1024w, https:\/\/correiodoestado.audiencelabs.com.br\/wp-content\/uploads\/2026\/04\/Entrega-Cartoes-Ceara-Sem-Fome-4-1536x1024-1-300x200.jpg 300w, https:\/\/correiodoestado.audiencelabs.com.br\/wp-content\/uploads\/2026\/04\/Entrega-Cartoes-Ceara-Sem-Fome-4-1536x1024-1-768x512.jpg 768w, https:\/\/correiodoestado.audiencelabs.com.br\/wp-content\/uploads\/2026\/04\/Entrega-Cartoes-Ceara-Sem-Fome-4-1536x1024-1-750x500.jpg 750w, https:\/\/correiodoestado.audiencelabs.com.br\/wp-content\/uploads\/2026\/04\/Entrega-Cartoes-Ceara-Sem-Fome-4-1536x1024-1-1140x760.jpg 1140w, https:\/\/correiodoestado.audiencelabs.com.br\/wp-content\/uploads\/2026\/04\/Entrega-Cartoes-Ceara-Sem-Fome-4-1536x1024-1.jpg 1536w\" sizes=\"auto, (max-width: 1024px) 100vw, 1024px\" \/><figcaption class=\"wp-element-caption\">Cr\u00e9ditos: Divulga\u00e7\u00e3o\/Governo do Cear\u00e1<\/figcaption><\/figure>\n\n\n\n<p>\u201cEsse \u00e9 um programa que acompanha de perto a realidade das fam\u00edlias cearenses, com o apoio da SPS e Ipece no monitoramento da situa\u00e7\u00e3o socioecon\u00f4mica dos benefici\u00e1rios, garantindo que o apoio chegue a quem realmente precisa. Assim, conseguimos assegurar, todos os meses, alimento na mesa e mais dignidade para milhares de pessoas\u201d, destaca a primeira-dama do estado e presidente do Comit\u00ea Intersetorial de Governan\u00e7a do Programa Cear\u00e1 Sem Fome, Lia de Freitas.<\/p>\n\n\n\n<p>Na pr\u00e1tica, a iniciativa atua em tr\u00eas frentes principais: o Cart\u00e3o Cear\u00e1 Sem Fome, no valor de R$ 300, que beneficia cerca de 45 mil fam\u00edlias; uma rede com mais de 1.300 cozinhas, respons\u00e1veis por servir mais de 130 mil refei\u00e7\u00f5es diariamente; e a\u00e7\u00f5es de mobiliza\u00e7\u00e3o e campanhas solid\u00e1rias que j\u00e1 atendem mais de 50 mil lares  com a distribui\u00e7\u00e3o de cestas de alimentos.<\/p>\n\n\n\n<h2 class=\"wp-block-heading\">O que \u00e9 necess\u00e1rio para ingressar?<\/h2>\n\n\n\n<p>Aos interessados em adquirir o cart\u00e3o, \u00e9 necess\u00e1rio atender a crit\u00e9rios como estar com o Cadastro \u00danico para Programas Sociais do Governo Federal (Cad\u00danico) atualizado nos \u00faltimos 24 meses e ser benefici\u00e1ria do Bolsa Fam\u00edlia, com renda per capita de at\u00e9 R$ 218. Por outro lado, h\u00e1 outras diretrizes que s\u00e3o destacadas, assim como:<\/p>\n\n\n\n<ul class=\"wp-block-list\">\n<li>Ter, preferencialmente, mulheres como respons\u00e1veis familiares e baixa escolaridade;<\/li>\n\n\n\n<li>Possuir pelo menos uma crian\u00e7a ou adolescente de at\u00e9 14 anos na composi\u00e7\u00e3o familiar;<\/li>\n\n\n\n<li>N\u00e3o estar com o benef\u00edcio do Bolsa Fam\u00edlia bloqueado ou suspenso.<\/li>\n<\/ul>\n","protected":false},"excerpt":{"rendered":"<p>Apesar de o Governo Federal ter institu\u00eddo o Programa Bolsa Fam\u00edlia, oferecendo o valor m\u00ednimo de R$ 600 para pessoas em situa\u00e7\u00e3o de vulnerabilidade social, um estado do Nordeste brasileiro decidiu injetar um outro adicional ao aux\u00edlio<\/p>\n","protected":false},"author":8,"featured_media":42029,"comment_status":"open","ping_status":"open","sticky":false,"template":"","format":"standard","meta":{"jnews-multi-image_gallery":[],"jnews_single_post":{"format":"standard"},"jnews_primary_category":[],"jnews_social_meta":[],"footnotes":""},"categories":[1],"tags":[],"class_list":["post-42023","post","type-post","status-publish","format-standard","has-post-thumbnail","hentry","category-mix"],"_links":{"self":[{"href":"https:\/\/correiodoestado.audiencelabs.com.br\/wp-json\/wp\/v2\/posts\/42023","targetHints":{"allow":["GET"]}}],"collection":[{"href":"https:\/\/correiodoestado.audiencelabs.com.br\/wp-json\/wp\/v2\/posts"}],"about":[{"href":"https:\/\/correiodoestado.audiencelabs.com.br\/wp-json\/wp\/v2\/types\/post"}],"author":[{"embeddable":true,"href":"https:\/\/correiodoestado.audiencelabs.com.br\/wp-json\/wp\/v2\/users\/8"}],"replies":[{"embeddable":true,"href":"https:\/\/correiodoestado.audiencelabs.com.br\/wp-json\/wp\/v2\/comments?post=42023"}],"version-history":[{"count":1,"href":"https:\/\/correiodoestado.audiencelabs.com.br\/wp-json\/wp\/v2\/posts\/42023\/revisions"}],"predecessor-version":[{"id":42031,"href":"https:\/\/correiodoestado.audiencelabs.com.br\/wp-json\/wp\/v2\/posts\/42023\/revisions\/42031"}],"wp:featuredmedia":[{"embeddable":true,"href":"https:\/\/correiodoestado.audiencelabs.com.br\/wp-json\/wp\/v2\/media\/42029"}],"wp:attachment":[{"href":"https:\/\/correiodoestado.audiencelabs.com.br\/wp-json\/wp\/v2\/media?parent=42023"}],"wp:term":[{"taxonomy":"category","embeddable":true,"href":"https:\/\/correiodoestado.audiencelabs.com.br\/wp-json\/wp\/v2\/categories?post=42023"},{"taxonomy":"post_tag","embeddable":true,"href":"https:\/\/correiodoestado.audiencelabs.com.br\/wp-json\/wp\/v2\/tags?post=42023"}],"curies":[{"name":"wp","href":"https:\/\/api.w.org\/{rel}","templated":true}]}}