{"id":42048,"date":"2026-04-29T06:45:00","date_gmt":"2026-04-29T09:45:00","guid":{"rendered":"https:\/\/correiodoestado.audiencelabs.com.br\/?p=42048"},"modified":"2026-04-28T17:54:24","modified_gmt":"2026-04-28T20:54:24","slug":"lei-vini-jr-e-aprovada-pela-fifa-e-nova-regra-comeca-a-valer-na-copa-do-mundo","status":"publish","type":"post","link":"https:\/\/correiodoestado.audiencelabs.com.br\/lei-vini-jr-e-aprovada-pela-fifa-e-nova-regra-comeca-a-valer-na-copa-do-mundo\/","title":{"rendered":"Lei Vini Jr \u00e9 aprovada pela FIFA e nova regra come\u00e7a a valer na Copa do Mundo"},"content":{"rendered":"\n<p>Nesta ter\u00e7a-feira (28), durante Assembleia Geral\u00a0da International Board (Ifab), respons\u00e1vel pelas regras do futebol, acordou a implementa\u00e7\u00e3o\u00a0da nova &#8220;Lei\u00a0Vinicius&#8221;. Por unanimidade, ficou decretado que, na Copa do Mundo de 2026, os \u00e1rbitros estar\u00e3o autorizados a penalizar jogadores que cobrirem a boca para falar com advers\u00e1rios.<\/p>\n\n\n\n<p>A discuss\u00e3o ganhou notoriedade com o presidente da FIFA, Gianni Infantino, sendo um dos principais defensores da regra. O mecanismo virou pauta ap\u00f3s o epis\u00f3dio que envolveu o atacante brasileiro <a href=\"https:\/\/correiodoestado.com.br\/mix\/uefa-divulga-comunicado-sobre-nova-investigacao-envolvendo-vinicius-junior\/\" target=\"_blank\" rel=\"noopener\">Vini Jr<\/a>., do Real Madrid, e o argentino Gianluca Prestianni, do Benfica, em jogo v\u00e1lido pela Champions League, em fevereiro.<\/p>\n\n\n\n<figure class=\"wp-block-image size-large\"><img loading=\"lazy\" decoding=\"async\" width=\"1024\" height=\"576\" src=\"https:\/\/correiodoestado.audiencelabs.com.br\/wp-content\/uploads\/2026\/02\/ND-CHAMPIONS-PLAYOFF-IDA-BENFICA-RM-arbitro-protocolo-racismo-GettyImages-2261681031-1024x576.webp\" alt=\"\" class=\"wp-image-33131\" srcset=\"https:\/\/correiodoestado.audiencelabs.com.br\/wp-content\/uploads\/2026\/02\/ND-CHAMPIONS-PLAYOFF-IDA-BENFICA-RM-arbitro-protocolo-racismo-GettyImages-2261681031-1024x576.webp 1024w, https:\/\/correiodoestado.audiencelabs.com.br\/wp-content\/uploads\/2026\/02\/ND-CHAMPIONS-PLAYOFF-IDA-BENFICA-RM-arbitro-protocolo-racismo-GettyImages-2261681031-300x169.webp 300w, https:\/\/correiodoestado.audiencelabs.com.br\/wp-content\/uploads\/2026\/02\/ND-CHAMPIONS-PLAYOFF-IDA-BENFICA-RM-arbitro-protocolo-racismo-GettyImages-2261681031-768x432.webp 768w, https:\/\/correiodoestado.audiencelabs.com.br\/wp-content\/uploads\/2026\/02\/ND-CHAMPIONS-PLAYOFF-IDA-BENFICA-RM-arbitro-protocolo-racismo-GettyImages-2261681031-750x422.webp 750w, https:\/\/correiodoestado.audiencelabs.com.br\/wp-content\/uploads\/2026\/02\/ND-CHAMPIONS-PLAYOFF-IDA-BENFICA-RM-arbitro-protocolo-racismo-GettyImages-2261681031-1140x641.webp 1140w, https:\/\/correiodoestado.audiencelabs.com.br\/wp-content\/uploads\/2026\/02\/ND-CHAMPIONS-PLAYOFF-IDA-BENFICA-RM-arbitro-protocolo-racismo-GettyImages-2261681031.webp 1440w\" sizes=\"auto, (max-width: 1024px) 100vw, 1024px\" \/><figcaption class=\"wp-element-caption\">Cr\u00e9ditos: Divulga\u00e7\u00e3o\/Real Madrid<\/figcaption><\/figure>\n\n\n\n<p>Prestianni foi acusado por Vini Jr. de t\u00ea-lo ofendido com termos racistas ap\u00f3s o gol marcado pelo jogador do Real Madrid na partida de ida do mata-mata, realizada em Lisboa. As imagens da UEFA mostraram o argentino tampando a boca com a camisa antes de se dirigir ao camisa 7 do Real Madrid. O atleta do Benfica teria chamado o advers\u00e1rio de &#8220;mono&#8221; (macaco em espanhol).\u00a0<\/p>\n\n\n\n<p>Com a repercuss\u00e3o do caso, um comit\u00ea foi montado pela entidade organizadora da Champions League, que decretou a puni\u00e7\u00e3o de seis jogos para Gianluca. O ponto curioso \u00e9 que, ao contr\u00e1rio da sustenta\u00e7\u00e3o de Vinicius, a penalidade n\u00e3o foi estabelecida por ofensas racistas, mas sim homof\u00f3bicas. Portanto, no mundial de sele\u00e7\u00f5es, qualquer jogador que cobrir a boca ao se dirigir a um advers\u00e1rio poder\u00e1 ser expulso.<\/p>\n\n\n\n<h2 class=\"wp-block-heading\">Vini Jr recebe apoio da FIFA<\/h2>\n\n\n\n<p>Enquanto os clubes envolvidos defenderam seus respectivos jogadores, a entidade m\u00e1xima do futebol mundial mostrou-se preocupada com o atacante da Sele\u00e7\u00e3o Brasileira. Em comunicado, Gianni Infantino enfatizou o desprezo por qualquer tipo de ataque \u00e0 integridade de outro ser humano, refor\u00e7ando que nenhum caso discriminat\u00f3rio ser\u00e1 aceito na modalidade.<\/p>\n\n\n\n<p>&#8220;Eu fiquei chocado e entristecido ao ver o suposto incidente de racismo contra Vinicius Junior na partida da Liga dos Campe\u00f5es da Europa entre SL Benfica e Real Madrid FC. N\u00e3o existe absolutamente nenhum espa\u00e7o para o racismo no nosso esporte e na sociedade. N\u00f3s precisamos que todas as partes interessadas relevantes tomem provid\u00eancias e responsabilizem os culpados&#8221;, disse o presidente da Fifa em comunicado.<\/p>\n","protected":false},"excerpt":{"rendered":"<p>Nesta ter\u00e7a-feira (28), durante Assembleia Geral\u00a0da International Board (Ifab), respons\u00e1vel pelas regras do futebol, acordou a implementa\u00e7\u00e3o\u00a0da nova &#8220;Lei\u00a0Vinicius&#8221;<\/p>\n","protected":false},"author":8,"featured_media":42049,"comment_status":"open","ping_status":"open","sticky":false,"template":"","format":"standard","meta":{"jnews-multi-image_gallery":[],"jnews_single_post":{"format":"standard"},"jnews_primary_category":[],"jnews_social_meta":[],"footnotes":""},"categories":[1],"tags":[],"class_list":["post-42048","post","type-post","status-publish","format-standard","has-post-thumbnail","hentry","category-mix"],"_links":{"self":[{"href":"https:\/\/correiodoestado.audiencelabs.com.br\/wp-json\/wp\/v2\/posts\/42048","targetHints":{"allow":["GET"]}}],"collection":[{"href":"https:\/\/correiodoestado.audiencelabs.com.br\/wp-json\/wp\/v2\/posts"}],"about":[{"href":"https:\/\/correiodoestado.audiencelabs.com.br\/wp-json\/wp\/v2\/types\/post"}],"author":[{"embeddable":true,"href":"https:\/\/correiodoestado.audiencelabs.com.br\/wp-json\/wp\/v2\/users\/8"}],"replies":[{"embeddable":true,"href":"https:\/\/correiodoestado.audiencelabs.com.br\/wp-json\/wp\/v2\/comments?post=42048"}],"version-history":[{"count":2,"href":"https:\/\/correiodoestado.audiencelabs.com.br\/wp-json\/wp\/v2\/posts\/42048\/revisions"}],"predecessor-version":[{"id":42062,"href":"https:\/\/correiodoestado.audiencelabs.com.br\/wp-json\/wp\/v2\/posts\/42048\/revisions\/42062"}],"wp:featuredmedia":[{"embeddable":true,"href":"https:\/\/correiodoestado.audiencelabs.com.br\/wp-json\/wp\/v2\/media\/42049"}],"wp:attachment":[{"href":"https:\/\/correiodoestado.audiencelabs.com.br\/wp-json\/wp\/v2\/media?parent=42048"}],"wp:term":[{"taxonomy":"category","embeddable":true,"href":"https:\/\/correiodoestado.audiencelabs.com.br\/wp-json\/wp\/v2\/categories?post=42048"},{"taxonomy":"post_tag","embeddable":true,"href":"https:\/\/correiodoestado.audiencelabs.com.br\/wp-json\/wp\/v2\/tags?post=42048"}],"curies":[{"name":"wp","href":"https:\/\/api.w.org\/{rel}","templated":true}]}}