{"id":42068,"date":"2026-04-29T11:25:00","date_gmt":"2026-04-29T14:25:00","guid":{"rendered":"https:\/\/correiodoestado.audiencelabs.com.br\/?p=42068"},"modified":"2026-04-29T09:16:33","modified_gmt":"2026-04-29T12:16:33","slug":"mercosul-vai-abrir-espaco-para-novos-paises-e-lula-indica-qual-sera-o-primeiro","status":"publish","type":"post","link":"https:\/\/correiodoestado.audiencelabs.com.br\/mercosul-vai-abrir-espaco-para-novos-paises-e-lula-indica-qual-sera-o-primeiro\/","title":{"rendered":"Mercosul vai abrir espa\u00e7o para novos pa\u00edses e Lula indica qual ser\u00e1 o primeiro"},"content":{"rendered":"\n<p>O projeto de amplia\u00e7\u00e3o do Mercosul ganhou novo impulso com a sinaliza\u00e7\u00e3o do Governo Brasileiro de incluir novos pa\u00edses no bloco. A proposta foi refor\u00e7ada pelo presidente Luiz In\u00e1cio Lula da Silva durante um evento oficial em Bras\u00edlia. A iniciativa ocorre em meio a esfor\u00e7os para fortalecer a integra\u00e7\u00e3o regional.<\/p>\n\n\n\n<p>A declara\u00e7\u00e3o foi feita durante a cerim\u00f4nia de promulga\u00e7\u00e3o do acordo comercial entre Mercosul e Uni\u00e3o Europeia. No evento, Lula destacou que h\u00e1 interesse direto em ampliar a presen\u00e7a do bloco na Am\u00e9rica do Sul. A Col\u00f4mbia aparece como principal candidata nesse movimento inicial.<\/p>\n\n\n\n<h3 class=\"wp-block-heading\">Expans\u00e3o do bloco ganha prioridade<\/h3>\n\n\n\n<p>Segundo o presidente, o objetivo \u00e9 tornar o Mercosul mais robusto e representativo. A entrada de novos membros pode ampliar o peso econ\u00f4mico e pol\u00edtico do grupo. Al\u00e9m disso, a integra\u00e7\u00e3o pode facilitar acordos comerciais com outras regi\u00f5es do mundo.<\/p>\n\n\n\n<p>Atualmente, o Mercosul \u00e9 formado por Brasil, Argentina, Uruguai e Paraguai. A Bol\u00edvia j\u00e1 est\u00e1 em processo de ades\u00e3o e deve se tornar membro pleno nos pr\u00f3ximos anos. Esse avan\u00e7o indica uma tend\u00eancia de crescimento gradual e planejado do bloco.<\/p>\n\n\n\n<p>A poss\u00edvel entrada da Col\u00f4mbia representa uma mudan\u00e7a estrat\u00e9gica importante. O pa\u00eds possui uma economia relevante e conex\u00f5es comerciais amplas. Isso pode contribuir para diversificar as rela\u00e7\u00f5es econ\u00f4micas dentro do grupo.<\/p>\n\n\n\n<figure class=\"wp-block-image size-large\"><img loading=\"lazy\" decoding=\"async\" width=\"1024\" height=\"613\" src=\"https:\/\/correiodoestado.audiencelabs.com.br\/wp-content\/uploads\/2026\/04\/sadas-1024x613.jpg\" alt=\"\" class=\"wp-image-42070\" srcset=\"https:\/\/correiodoestado.audiencelabs.com.br\/wp-content\/uploads\/2026\/04\/sadas-1024x613.jpg 1024w, https:\/\/correiodoestado.audiencelabs.com.br\/wp-content\/uploads\/2026\/04\/sadas-300x180.jpg 300w, https:\/\/correiodoestado.audiencelabs.com.br\/wp-content\/uploads\/2026\/04\/sadas-768x460.jpg 768w, https:\/\/correiodoestado.audiencelabs.com.br\/wp-content\/uploads\/2026\/04\/sadas-750x449.jpg 750w, https:\/\/correiodoestado.audiencelabs.com.br\/wp-content\/uploads\/2026\/04\/sadas-1140x682.jpg 1140w, https:\/\/correiodoestado.audiencelabs.com.br\/wp-content\/uploads\/2026\/04\/sadas.jpg 1200w\" sizes=\"auto, (max-width: 1024px) 100vw, 1024px\" \/><figcaption class=\"wp-element-caption\">Cr\u00e9ditos: Marcelo Camargo \/ Ag\u00eancia Brasil<\/figcaption><\/figure>\n\n\n\n<h3 class=\"wp-block-heading\">Cen\u00e1rio pol\u00edtico e novos movimentos<\/h3>\n\n\n\n<p>O vice-presidente Geraldo Alckmin tamb\u00e9m comentou sobre a expans\u00e3o do bloco. Ele destacou que o cen\u00e1rio pol\u00edtico regional pode influenciar novas decis\u00f5es. Um dos pontos citados foi a situa\u00e7\u00e3o da Venezuela dentro do Mercosul.<\/p>\n\n\n\n<p>O pa\u00eds foi suspenso ap\u00f3s descumprir regras do bloco e quest\u00f5es relacionadas \u00e0 democracia. No entanto, mudan\u00e7as pol\u00edticas futuras podem abrir espa\u00e7o para reavalia\u00e7\u00e3o. Essa possibilidade mant\u00e9m o tema em discuss\u00e3o entre os \u10ec\u10d4\u10d5entes.<\/p>\n\n\n\n<p>A amplia\u00e7\u00e3o do Mercosul ocorre em um contexto de busca por maior integra\u00e7\u00e3o econ\u00f4mica. A estrat\u00e9gia inclui fortalecer cadeias produtivas e aumentar a competitividade internacional. Tamb\u00e9m h\u00e1 interesse em atrair investimentos e ampliar mercados consumidores.<\/p>\n","protected":false},"excerpt":{"rendered":"<p>O projeto de amplia\u00e7\u00e3o do Mercosul ganhou novo impulso com a sinaliza\u00e7\u00e3o do Governo Brasileiro de incluir novos pa\u00edses no bloco. A proposta foi refor\u00e7ada pelo presidente Luiz In\u00e1cio Lula da Silva durante um evento oficial em Bras\u00edlia. A iniciativa ocorre em meio a esfor\u00e7os para fortalecer a integra\u00e7\u00e3o regional. A declara\u00e7\u00e3o foi feita durante [&hellip;]<\/p>\n","protected":false},"author":4,"featured_media":42069,"comment_status":"open","ping_status":"open","sticky":false,"template":"","format":"standard","meta":{"jnews-multi-image_gallery":[],"jnews_single_post":{"format":"standard"},"jnews_primary_category":[],"jnews_social_meta":[],"footnotes":""},"categories":[1],"tags":[],"class_list":["post-42068","post","type-post","status-publish","format-standard","has-post-thumbnail","hentry","category-mix"],"_links":{"self":[{"href":"https:\/\/correiodoestado.audiencelabs.com.br\/wp-json\/wp\/v2\/posts\/42068","targetHints":{"allow":["GET"]}}],"collection":[{"href":"https:\/\/correiodoestado.audiencelabs.com.br\/wp-json\/wp\/v2\/posts"}],"about":[{"href":"https:\/\/correiodoestado.audiencelabs.com.br\/wp-json\/wp\/v2\/types\/post"}],"author":[{"embeddable":true,"href":"https:\/\/correiodoestado.audiencelabs.com.br\/wp-json\/wp\/v2\/users\/4"}],"replies":[{"embeddable":true,"href":"https:\/\/correiodoestado.audiencelabs.com.br\/wp-json\/wp\/v2\/comments?post=42068"}],"version-history":[{"count":1,"href":"https:\/\/correiodoestado.audiencelabs.com.br\/wp-json\/wp\/v2\/posts\/42068\/revisions"}],"predecessor-version":[{"id":42071,"href":"https:\/\/correiodoestado.audiencelabs.com.br\/wp-json\/wp\/v2\/posts\/42068\/revisions\/42071"}],"wp:featuredmedia":[{"embeddable":true,"href":"https:\/\/correiodoestado.audiencelabs.com.br\/wp-json\/wp\/v2\/media\/42069"}],"wp:attachment":[{"href":"https:\/\/correiodoestado.audiencelabs.com.br\/wp-json\/wp\/v2\/media?parent=42068"}],"wp:term":[{"taxonomy":"category","embeddable":true,"href":"https:\/\/correiodoestado.audiencelabs.com.br\/wp-json\/wp\/v2\/categories?post=42068"},{"taxonomy":"post_tag","embeddable":true,"href":"https:\/\/correiodoestado.audiencelabs.com.br\/wp-json\/wp\/v2\/tags?post=42068"}],"curies":[{"name":"wp","href":"https:\/\/api.w.org\/{rel}","templated":true}]}}