{"id":42080,"date":"2026-05-03T11:23:00","date_gmt":"2026-05-03T14:23:00","guid":{"rendered":"https:\/\/correiodoestado.audiencelabs.com.br\/?p=42080"},"modified":"2026-04-29T09:27:49","modified_gmt":"2026-04-29T12:27:49","slug":"cidade-construida-no-meio-da-floresta-se-tornou-uma-das-maiores-do-brasil","status":"publish","type":"post","link":"https:\/\/correiodoestado.audiencelabs.com.br\/cidade-construida-no-meio-da-floresta-se-tornou-uma-das-maiores-do-brasil\/","title":{"rendered":"Cidade constru\u00edda no meio da floresta se tornou uma das maiores do Brasil"},"content":{"rendered":"\n<p>Erguida em meio a uma das maiores \u00e1reas verdes do planeta, Manaus chama aten\u00e7\u00e3o pelo contraste entre urbaniza\u00e7\u00e3o e natureza. Cercada por rios volumosos e floresta densa, a cidade enfrentou obst\u00e1culos hist\u00f3ricos de acesso. Ainda assim, conseguiu se desenvolver de forma cont\u00ednua.<\/p>\n\n\n\n<p>O isolamento geogr\u00e1fico n\u00e3o impediu sua expans\u00e3o ao longo das d\u00e9cadas. Com o tempo, o munic\u00edpio passou a atrair investimentos e novos moradores. Hoje, ocupa posi\u00e7\u00e3o relevante entre os maiores centros urbanos do Brasil.<\/p>\n\n\n\n<h3 class=\"wp-block-heading\">Crescimento em meio \u00e0 Floresta Amaz\u00f4nica<\/h3>\n\n\n\n<p>Localizada no cora\u00e7\u00e3o da Floresta Amaz\u00f4nica, Manaus teve um processo de forma\u00e7\u00e3o distinto de outras capitais. Enquanto muitas cidades cresceram pr\u00f3ximas ao litoral, seu avan\u00e7o ocorreu em plena mata. Esse fator moldou diretamente sua estrutura urbana.<\/p>\n\n\n\n<p>A presen\u00e7a constante da vegeta\u00e7\u00e3o influencia desde o clima at\u00e9 a log\u00edstica. Temperaturas elevadas e alta umidade fazem parte do cotidiano local. Al\u00e9m disso, rios desempenham papel essencial como vias de transporte e conex\u00e3o.<\/p>\n\n\n\n<p>Mesmo com essas limita\u00e7\u00f5es, a cidade conseguiu ampliar sua infraestrutura. Ruas, com\u00e9rcios e servi\u00e7os foram se consolidando ao longo do tempo. Esse crescimento gradual permitiu a forma\u00e7\u00e3o de um centro urbano robusto.<\/p>\n\n\n\n<figure class=\"wp-block-image size-large\"><img loading=\"lazy\" decoding=\"async\" width=\"1024\" height=\"613\" src=\"https:\/\/correiodoestado.audiencelabs.com.br\/wp-content\/uploads\/2026\/04\/dji_0475-1024x613.jpg\" alt=\"\" class=\"wp-image-42082\" srcset=\"https:\/\/correiodoestado.audiencelabs.com.br\/wp-content\/uploads\/2026\/04\/dji_0475-1024x613.jpg 1024w, https:\/\/correiodoestado.audiencelabs.com.br\/wp-content\/uploads\/2026\/04\/dji_0475-300x180.jpg 300w, https:\/\/correiodoestado.audiencelabs.com.br\/wp-content\/uploads\/2026\/04\/dji_0475-768x460.jpg 768w, https:\/\/correiodoestado.audiencelabs.com.br\/wp-content\/uploads\/2026\/04\/dji_0475-750x449.jpg 750w, https:\/\/correiodoestado.audiencelabs.com.br\/wp-content\/uploads\/2026\/04\/dji_0475-1140x682.jpg 1140w, https:\/\/correiodoestado.audiencelabs.com.br\/wp-content\/uploads\/2026\/04\/dji_0475.jpg 1200w\" sizes=\"auto, (max-width: 1024px) 100vw, 1024px\" \/><figcaption class=\"wp-element-caption\">Cr\u00e9ditos: Rafa Neddermeyer \/ Ag\u00eancia Brasil<\/figcaption><\/figure>\n\n\n\n<h3 class=\"wp-block-heading\">Fatores que impulsionaram o desenvolvimento<\/h3>\n\n\n\n<p>O avan\u00e7o econ\u00f4mico de Manaus est\u00e1 ligado a momentos estrat\u00e9gicos da hist\u00f3ria. Um dos primeiros foi o ciclo da borracha, que trouxe riqueza e visibilidade internacional. Esse per\u00edodo deixou marcas importantes na arquitetura e na economia local.<\/p>\n\n\n\n<p>D\u00e9cadas depois, a cria\u00e7\u00e3o da Zona Franca transformou novamente a cidade. Incentivos fiscais atra\u00edram ind\u00fastrias e estimularam a gera\u00e7\u00e3o de empregos. Esse movimento impulsionou a migra\u00e7\u00e3o e ampliou significativamente a popula\u00e7\u00e3o.<\/p>\n\n\n\n<p>Com mais oportunidades, Manaus passou a se consolidar como polo regional. O com\u00e9rcio e os servi\u00e7os acompanharam esse crescimento. A cidade se tornou refer\u00eancia econ\u00f4mica na regi\u00e3o Norte.<\/p>\n\n\n\n<p>A combina\u00e7\u00e3o entre natureza e urbaniza\u00e7\u00e3o d\u00e1 \u00e0 cidade caracter\u00edsticas \u00fanicas. A proximidade com a floresta permanece evidente em diversos pontos. Essa conviv\u00eancia direta influencia h\u00e1bitos e o ritmo da vida urbana.<\/p>\n","protected":false},"excerpt":{"rendered":"<p>Erguida em meio a uma das maiores \u00e1reas verdes do planeta, Manaus chama aten\u00e7\u00e3o pelo contraste entre urbaniza\u00e7\u00e3o e natureza. Cercada por rios volumosos e floresta densa, a cidade enfrentou obst\u00e1culos hist\u00f3ricos de acesso. Ainda assim, conseguiu se desenvolver de forma cont\u00ednua. O isolamento geogr\u00e1fico n\u00e3o impediu sua expans\u00e3o ao longo das d\u00e9cadas. Com o [&hellip;]<\/p>\n","protected":false},"author":4,"featured_media":42081,"comment_status":"open","ping_status":"open","sticky":false,"template":"","format":"standard","meta":{"jnews-multi-image_gallery":[],"jnews_single_post":{"format":"standard"},"jnews_primary_category":[],"jnews_social_meta":[],"footnotes":""},"categories":[1],"tags":[],"class_list":["post-42080","post","type-post","status-publish","format-standard","has-post-thumbnail","hentry","category-mix"],"_links":{"self":[{"href":"https:\/\/correiodoestado.audiencelabs.com.br\/wp-json\/wp\/v2\/posts\/42080","targetHints":{"allow":["GET"]}}],"collection":[{"href":"https:\/\/correiodoestado.audiencelabs.com.br\/wp-json\/wp\/v2\/posts"}],"about":[{"href":"https:\/\/correiodoestado.audiencelabs.com.br\/wp-json\/wp\/v2\/types\/post"}],"author":[{"embeddable":true,"href":"https:\/\/correiodoestado.audiencelabs.com.br\/wp-json\/wp\/v2\/users\/4"}],"replies":[{"embeddable":true,"href":"https:\/\/correiodoestado.audiencelabs.com.br\/wp-json\/wp\/v2\/comments?post=42080"}],"version-history":[{"count":1,"href":"https:\/\/correiodoestado.audiencelabs.com.br\/wp-json\/wp\/v2\/posts\/42080\/revisions"}],"predecessor-version":[{"id":42083,"href":"https:\/\/correiodoestado.audiencelabs.com.br\/wp-json\/wp\/v2\/posts\/42080\/revisions\/42083"}],"wp:featuredmedia":[{"embeddable":true,"href":"https:\/\/correiodoestado.audiencelabs.com.br\/wp-json\/wp\/v2\/media\/42081"}],"wp:attachment":[{"href":"https:\/\/correiodoestado.audiencelabs.com.br\/wp-json\/wp\/v2\/media?parent=42080"}],"wp:term":[{"taxonomy":"category","embeddable":true,"href":"https:\/\/correiodoestado.audiencelabs.com.br\/wp-json\/wp\/v2\/categories?post=42080"},{"taxonomy":"post_tag","embeddable":true,"href":"https:\/\/correiodoestado.audiencelabs.com.br\/wp-json\/wp\/v2\/tags?post=42080"}],"curies":[{"name":"wp","href":"https:\/\/api.w.org\/{rel}","templated":true}]}}