{"id":42098,"date":"2026-04-29T18:30:00","date_gmt":"2026-04-29T21:30:00","guid":{"rendered":"https:\/\/correiodoestado.audiencelabs.com.br\/?p=42098"},"modified":"2026-04-29T15:28:57","modified_gmt":"2026-04-29T18:28:57","slug":"idosos-com-mais-de-70-anos-que-assistem-tv-por-horas-estao-lidando-com-uma-perda-especifica-aponta-a-psicologia","status":"publish","type":"post","link":"https:\/\/correiodoestado.audiencelabs.com.br\/idosos-com-mais-de-70-anos-que-assistem-tv-por-horas-estao-lidando-com-uma-perda-especifica-aponta-a-psicologia\/","title":{"rendered":"Idosos com mais de 70 anos que assistem TV por horas est\u00e3o lidando com uma perda espec\u00edfica, aponta a psicologia"},"content":{"rendered":"\n<p>Embora ligar a televis\u00e3o para passar o tempo ou at\u00e9 mesmo maratonar s\u00e9ries possa parecer uma atividade corriqueira, n\u00e3o apresenta o mesmo significado para pessoas com idade superior a 70 anos. De acordo com a psicologia, passar muitas horas conectados a telas pode contribuir para o surgimento de algumas doen\u00e7as, assim como a depress\u00e3o.<\/p>\n\n\n\n<p>Para uma melhor compreens\u00e3o, assistir TV pode significar muito mais que puro entretenimento ou h\u00e1bito di\u00e1rio. Isso porque muitos <a href=\"https:\/\/correiodoestado.com.br\/mix\/idosos-acima-de-75-anos-podem-perder-o-direito-de-dirigir-automaticamente-neste-pais\/\" target=\"_blank\" rel=\"noreferrer noopener\">idosos <\/a>podem encontrar na televis\u00e3o uma companhia que deveria ser de um outro ser humano. Na an\u00e1lise dos especialistas, a programa\u00e7\u00e3o tende a preencher a lacuna de serem vistos como dispens\u00e1veis por parte de familiares e amigos.<\/p>\n\n\n\n<figure class=\"wp-block-image size-large\"><img loading=\"lazy\" decoding=\"async\" width=\"1024\" height=\"683\" src=\"https:\/\/correiodoestado.audiencelabs.com.br\/wp-content\/uploads\/2026\/04\/camilo-jimenez-mvbKbOFLBg4-unsplash-1-1024x683.jpg\" alt=\"\" class=\"wp-image-42143\" srcset=\"https:\/\/correiodoestado.audiencelabs.com.br\/wp-content\/uploads\/2026\/04\/camilo-jimenez-mvbKbOFLBg4-unsplash-1-1024x683.jpg 1024w, https:\/\/correiodoestado.audiencelabs.com.br\/wp-content\/uploads\/2026\/04\/camilo-jimenez-mvbKbOFLBg4-unsplash-1-300x200.jpg 300w, https:\/\/correiodoestado.audiencelabs.com.br\/wp-content\/uploads\/2026\/04\/camilo-jimenez-mvbKbOFLBg4-unsplash-1-768x512.jpg 768w, https:\/\/correiodoestado.audiencelabs.com.br\/wp-content\/uploads\/2026\/04\/camilo-jimenez-mvbKbOFLBg4-unsplash-1-1536x1024.jpg 1536w, https:\/\/correiodoestado.audiencelabs.com.br\/wp-content\/uploads\/2026\/04\/camilo-jimenez-mvbKbOFLBg4-unsplash-1-750x500.jpg 750w, https:\/\/correiodoestado.audiencelabs.com.br\/wp-content\/uploads\/2026\/04\/camilo-jimenez-mvbKbOFLBg4-unsplash-1-1140x760.jpg 1140w, https:\/\/correiodoestado.audiencelabs.com.br\/wp-content\/uploads\/2026\/04\/camilo-jimenez-mvbKbOFLBg4-unsplash-1.jpg 1920w\" sizes=\"auto, (max-width: 1024px) 100vw, 1024px\" \/><figcaption class=\"wp-element-caption\">Cr\u00e9ditos: Unsplash<\/figcaption><\/figure>\n\n\n\n<p>Quando mais novos, esses indiv\u00edduos costumam ser \u00fateis, seja no ato de sua profiss\u00e3o, para a fam\u00edlia e nos encontros com os amigos. No entanto, com a aposentadoria assinada, o que costumava representar uma rotina conturbada ganha contornos de solid\u00e3o e sil\u00eancio. E \u00e9 nessa quietude que o sof\u00e1 e a cama tornam-se aliados durante a programa\u00e7\u00e3o caseira.<\/p>\n\n\n\n<p>Conforme um estudo publicado em uma meta-an\u00e1lise abrangente, adultos mais velhos que assistem \u00e0 televis\u00e3o por quatro horas ou mais por dia apresentam um risco aumentado de comprometimento cognitivo. Em geral, a previsibilidade da programa\u00e7\u00e3o televisiva pode gerar a ilus\u00e3o de que esses idosos s\u00e3o necess\u00e1rios em um hor\u00e1rio espec\u00edfico, fator que colabora para que sejam telespectadores ass\u00edduos.<\/p>\n\n\n\n<h2 class=\"wp-block-heading\">Qual a tese levantada pelos especialistas?<\/h2>\n\n\n\n<p>Segundo a psicologia, pessoas mais saud\u00e1veis \u200b\u200bn\u00e3o s\u00e3o disciplinadas nem entediantes. Isso porque, no imagin\u00e1rio, estabeleceram que a fadiga de tomar decis\u00f5es \u00e9 o pre\u00e7o silencioso de uma vida estruturada. Por outro lado, h\u00e1 ainda a ideia de que, quanto mais os idosos assistem \u00e0 televis\u00e3o, maiores podem ser as imagens negativas que eles t\u00eam do envelhecimento.<\/p>\n\n\n\n<p>Como resultado desse preconceito institu\u00eddo, vis\u00f5es repassadas por programas televisivos podem refletir no dia a dia de pessoas com 70 anos ou mais. Em resumo, \u00e9 poss\u00edvel que alguns indiv\u00edduos passem a consumir produtos que foram divulgados na TV. Os dados mostram que aqueles que moram sozinhos e assistem aos programas apresentam n\u00edveis mais altos de solid\u00e3o em compara\u00e7\u00e3o com aqueles que est\u00e3o acompanhados.<\/p>\n","protected":false},"excerpt":{"rendered":"<p>Embora ligar a televis\u00e3o para passar o tempo ou at\u00e9 mesmo maratonar s\u00e9ries possa parecer uma atividade corriqueira, n\u00e3o apresenta o mesmo significado para idosos<\/p>\n","protected":false},"author":8,"featured_media":42144,"comment_status":"open","ping_status":"open","sticky":false,"template":"","format":"standard","meta":{"jnews-multi-image_gallery":[],"jnews_single_post":{"format":"standard"},"jnews_primary_category":[],"jnews_social_meta":[],"footnotes":""},"categories":[1],"tags":[],"class_list":["post-42098","post","type-post","status-publish","format-standard","has-post-thumbnail","hentry","category-mix"],"_links":{"self":[{"href":"https:\/\/correiodoestado.audiencelabs.com.br\/wp-json\/wp\/v2\/posts\/42098","targetHints":{"allow":["GET"]}}],"collection":[{"href":"https:\/\/correiodoestado.audiencelabs.com.br\/wp-json\/wp\/v2\/posts"}],"about":[{"href":"https:\/\/correiodoestado.audiencelabs.com.br\/wp-json\/wp\/v2\/types\/post"}],"author":[{"embeddable":true,"href":"https:\/\/correiodoestado.audiencelabs.com.br\/wp-json\/wp\/v2\/users\/8"}],"replies":[{"embeddable":true,"href":"https:\/\/correiodoestado.audiencelabs.com.br\/wp-json\/wp\/v2\/comments?post=42098"}],"version-history":[{"count":1,"href":"https:\/\/correiodoestado.audiencelabs.com.br\/wp-json\/wp\/v2\/posts\/42098\/revisions"}],"predecessor-version":[{"id":42145,"href":"https:\/\/correiodoestado.audiencelabs.com.br\/wp-json\/wp\/v2\/posts\/42098\/revisions\/42145"}],"wp:featuredmedia":[{"embeddable":true,"href":"https:\/\/correiodoestado.audiencelabs.com.br\/wp-json\/wp\/v2\/media\/42144"}],"wp:attachment":[{"href":"https:\/\/correiodoestado.audiencelabs.com.br\/wp-json\/wp\/v2\/media?parent=42098"}],"wp:term":[{"taxonomy":"category","embeddable":true,"href":"https:\/\/correiodoestado.audiencelabs.com.br\/wp-json\/wp\/v2\/categories?post=42098"},{"taxonomy":"post_tag","embeddable":true,"href":"https:\/\/correiodoestado.audiencelabs.com.br\/wp-json\/wp\/v2\/tags?post=42098"}],"curies":[{"name":"wp","href":"https:\/\/api.w.org\/{rel}","templated":true}]}}