{"id":42105,"date":"2026-04-29T12:24:00","date_gmt":"2026-04-29T15:24:00","guid":{"rendered":"https:\/\/correiodoestado.audiencelabs.com.br\/?p=42105"},"modified":"2026-04-29T11:13:01","modified_gmt":"2026-04-29T14:13:01","slug":"justica-destrava-processo-que-garante-r-678-milhoes-em-investimentos-para-rodovia-importante","status":"publish","type":"post","link":"https:\/\/correiodoestado.audiencelabs.com.br\/justica-destrava-processo-que-garante-r-678-milhoes-em-investimentos-para-rodovia-importante\/","title":{"rendered":"Justi\u00e7a destrava processo que garante R$ 678 milh\u00f5es em investimentos para rodovia importante"},"content":{"rendered":"\n<p>A presidente do Tribunal Regional Federal da 1\u00aa Regi\u00e3o autorizou, na noite de ter\u00e7a-feira (28), a retomada das licita\u00e7\u00f5es para obras na BR-319 ao suspender a liminar que havia paralisado o processo. A decis\u00e3o foi assinada pela desembargadora Maria do Carmo Cardoso e reverteu a interrup\u00e7\u00e3o determinada anteriormente pela Justi\u00e7a Federal no Amazonas. A rodovia liga Manaus a Porto Velho.<\/p>\n\n\n\n<p>Com isso, voltam a tramitar quatro preg\u00f5es eletr\u00f4nicos conduzidos pelo Departamento Nacional de Infraestrutura de Transportes (Dnit), que preveem servi\u00e7os de manuten\u00e7\u00e3o e melhorias no chamado &#8220;trecho do meio&#8221; da rodovia, entre os quil\u00f4metros 250,7 e 656,4. O investimento estimado chega a R$ 678 milh\u00f5es, com foco em interven\u00e7\u00f5es para melhorar as condi\u00e7\u00f5es de tr\u00e1fego sem ampliar a via.<\/p>\n\n\n\n<figure class=\"wp-block-gallery has-nested-images columns-default is-cropped wp-block-gallery-1 is-layout-flex wp-block-gallery-is-layout-flex\">\n<figure class=\"wp-block-image size-large\"><img loading=\"lazy\" decoding=\"async\" width=\"1024\" height=\"683\" data-id=\"42108\" src=\"https:\/\/correiodoestado.audiencelabs.com.br\/wp-content\/uploads\/2026\/04\/governo-fecha-acordo-para-construcao-da-br-319-1024x683.webp\" alt=\"\" class=\"wp-image-42108\" srcset=\"https:\/\/correiodoestado.audiencelabs.com.br\/wp-content\/uploads\/2026\/04\/governo-fecha-acordo-para-construcao-da-br-319-1024x683.webp 1024w, https:\/\/correiodoestado.audiencelabs.com.br\/wp-content\/uploads\/2026\/04\/governo-fecha-acordo-para-construcao-da-br-319-300x200.webp 300w, https:\/\/correiodoestado.audiencelabs.com.br\/wp-content\/uploads\/2026\/04\/governo-fecha-acordo-para-construcao-da-br-319-768x512.webp 768w, https:\/\/correiodoestado.audiencelabs.com.br\/wp-content\/uploads\/2026\/04\/governo-fecha-acordo-para-construcao-da-br-319-750x500.webp 750w, https:\/\/correiodoestado.audiencelabs.com.br\/wp-content\/uploads\/2026\/04\/governo-fecha-acordo-para-construcao-da-br-319-1140x760.webp 1140w, https:\/\/correiodoestado.audiencelabs.com.br\/wp-content\/uploads\/2026\/04\/governo-fecha-acordo-para-construcao-da-br-319.webp 1200w\" sizes=\"auto, (max-width: 1024px) 100vw, 1024px\" \/><figcaption class=\"wp-element-caption\">Cr\u00e9ditos: Divulga\u00e7\u00e3o\/Fecom\u00e9rcio-AM<\/figcaption><\/figure>\n<\/figure>\n\n\n\n<p>A suspens\u00e3o anterior havia sido determinada pela 7\u00aa Vara Federal Ambiental e Agr\u00e1ria do Amazonas, ap\u00f3s uma a\u00e7\u00e3o civil p\u00fablica apresentada pelo Observat\u00f3rio do Clima. A decis\u00e3o previa a paralisa\u00e7\u00e3o das licita\u00e7\u00f5es por 70 dias, al\u00e9m de multa em caso de descumprimento, com base em questionamentos ambientais sobre a realiza\u00e7\u00e3o das obras.<\/p>\n\n\n\n<h2 class=\"wp-block-heading\">Obras na rodovia BR-319 voltam a ser liberadas<\/h2>\n\n\n\n<p>Ao analisar o recurso apresentado pela Uni\u00e3o e pelo Dnit, a magistrada considerou que a interrup\u00e7\u00e3o poderia gerar impactos negativos \u00e0 administra\u00e7\u00e3o p\u00fablica e \u00e0 popula\u00e7\u00e3o local. Entre os pontos citados est\u00e3o riscos \u00e0 economia, \u00e0 seguran\u00e7a e at\u00e9 \u00e0 sa\u00fade, especialmente devido \u00e0s condi\u00e7\u00f5es prec\u00e1rias da estrada e \u00e0 import\u00e2ncia da rodovia para a regi\u00e3o.<\/p>\n\n\n\n<p>A decis\u00e3o tamb\u00e9m destacou a necessidade de aproveitar a chamada &#8220;janela hidrol\u00f3gica&#8221; de 2026, per\u00edodo de estiagem considerado ideal para a execu\u00e7\u00e3o dos servi\u00e7os. De acordo com o entendimento do tribunal, as interven\u00e7\u00f5es previstas s\u00e3o de manuten\u00e7\u00e3o e n\u00e3o exigem licenciamento ambiental imediato, j\u00e1 que n\u00e3o envolvem amplia\u00e7\u00e3o da estrada. Com isso, as licita\u00e7\u00f5es seguem normalmente at\u00e9 o julgamento final da a\u00e7\u00e3o.<\/p>\n","protected":false},"excerpt":{"rendered":"<p>A presidente do Tribunal Regional Federal da 1\u00aa Regi\u00e3o autorizou, na noite de ter\u00e7a-feira (28), a retomada das licita\u00e7\u00f5es para obras na BR-319 ao suspender a liminar que havia paralisado o processo. A decis\u00e3o foi assinada pela desembargadora Maria do Carmo Cardoso e reverteu a interrup\u00e7\u00e3o determinada anteriormente pela Justi\u00e7a Federal no Amazonas. A rodovia [&hellip;]<\/p>\n","protected":false},"author":18,"featured_media":39866,"comment_status":"open","ping_status":"open","sticky":false,"template":"","format":"standard","meta":{"jnews-multi-image_gallery":[],"jnews_single_post":{"format":"standard"},"jnews_primary_category":[],"jnews_social_meta":[],"footnotes":""},"categories":[1],"tags":[],"class_list":["post-42105","post","type-post","status-publish","format-standard","has-post-thumbnail","hentry","category-mix"],"_links":{"self":[{"href":"https:\/\/correiodoestado.audiencelabs.com.br\/wp-json\/wp\/v2\/posts\/42105","targetHints":{"allow":["GET"]}}],"collection":[{"href":"https:\/\/correiodoestado.audiencelabs.com.br\/wp-json\/wp\/v2\/posts"}],"about":[{"href":"https:\/\/correiodoestado.audiencelabs.com.br\/wp-json\/wp\/v2\/types\/post"}],"author":[{"embeddable":true,"href":"https:\/\/correiodoestado.audiencelabs.com.br\/wp-json\/wp\/v2\/users\/18"}],"replies":[{"embeddable":true,"href":"https:\/\/correiodoestado.audiencelabs.com.br\/wp-json\/wp\/v2\/comments?post=42105"}],"version-history":[{"count":1,"href":"https:\/\/correiodoestado.audiencelabs.com.br\/wp-json\/wp\/v2\/posts\/42105\/revisions"}],"predecessor-version":[{"id":42113,"href":"https:\/\/correiodoestado.audiencelabs.com.br\/wp-json\/wp\/v2\/posts\/42105\/revisions\/42113"}],"wp:featuredmedia":[{"embeddable":true,"href":"https:\/\/correiodoestado.audiencelabs.com.br\/wp-json\/wp\/v2\/media\/39866"}],"wp:attachment":[{"href":"https:\/\/correiodoestado.audiencelabs.com.br\/wp-json\/wp\/v2\/media?parent=42105"}],"wp:term":[{"taxonomy":"category","embeddable":true,"href":"https:\/\/correiodoestado.audiencelabs.com.br\/wp-json\/wp\/v2\/categories?post=42105"},{"taxonomy":"post_tag","embeddable":true,"href":"https:\/\/correiodoestado.audiencelabs.com.br\/wp-json\/wp\/v2\/tags?post=42105"}],"curies":[{"name":"wp","href":"https:\/\/api.w.org\/{rel}","templated":true}]}}