{"id":42118,"date":"2026-04-29T13:24:00","date_gmt":"2026-04-29T16:24:00","guid":{"rendered":"https:\/\/correiodoestado.audiencelabs.com.br\/?p=42118"},"modified":"2026-04-29T11:38:54","modified_gmt":"2026-04-29T14:38:54","slug":"itau-faz-anuncio-para-todos-os-clientes-sobre-nova-mudanca","status":"publish","type":"post","link":"https:\/\/correiodoestado.audiencelabs.com.br\/itau-faz-anuncio-para-todos-os-clientes-sobre-nova-mudanca\/","title":{"rendered":"Ita\u00fa faz an\u00fancio para todos os clientes sobre nova mudan\u00e7a"},"content":{"rendered":"\n<p>O Ita\u00fa Unibanco anunciou na ter\u00e7a-feira (28) uma mudan\u00e7a relevante em sua \u00e1rea de atua\u00e7\u00e3o ao definir um novo economista-chefe. A partir de julho de 2026, o cargo ser\u00e1 ocupado por Diogo Guillen, que assume a fun\u00e7\u00e3o ap\u00f3s passagem recente pelo setor p\u00fablico e chega com a miss\u00e3o de manter o padr\u00e3o de an\u00e1lise da institui\u00e7\u00e3o.<\/p>\n\n\n\n<p>O novo profissional vai substituir M\u00e1rio Mesquita, que deixa o posto depois de quase uma d\u00e9cada liderando as \u00e1reas de Macroeconomia e Research da institui\u00e7\u00e3o. Durante esse per\u00edodo, Mesquita foi o respons\u00e1vel por consolidar a reputa\u00e7\u00e3o do banco em an\u00e1lises econ\u00f4micas e fortalecer a estrutura interna de estudos e proje\u00e7\u00f5es. <\/p>\n\n\n\n<figure class=\"wp-block-gallery has-nested-images columns-default is-cropped wp-block-gallery-1 is-layout-flex wp-block-gallery-is-layout-flex\">\n<figure class=\"wp-block-image size-large\"><img loading=\"lazy\" decoding=\"async\" width=\"1024\" height=\"544\" data-id=\"42120\" src=\"https:\/\/correiodoestado.audiencelabs.com.br\/wp-content\/uploads\/2026\/04\/selic-diogo-guillen-1024x544.jpg\" alt=\"\" class=\"wp-image-42120\" srcset=\"https:\/\/correiodoestado.audiencelabs.com.br\/wp-content\/uploads\/2026\/04\/selic-diogo-guillen-1024x544.jpg 1024w, https:\/\/correiodoestado.audiencelabs.com.br\/wp-content\/uploads\/2026\/04\/selic-diogo-guillen-300x159.jpg 300w, https:\/\/correiodoestado.audiencelabs.com.br\/wp-content\/uploads\/2026\/04\/selic-diogo-guillen-768x408.jpg 768w, https:\/\/correiodoestado.audiencelabs.com.br\/wp-content\/uploads\/2026\/04\/selic-diogo-guillen-750x398.jpg 750w, https:\/\/correiodoestado.audiencelabs.com.br\/wp-content\/uploads\/2026\/04\/selic-diogo-guillen-1140x606.jpg 1140w, https:\/\/correiodoestado.audiencelabs.com.br\/wp-content\/uploads\/2026\/04\/selic-diogo-guillen.jpg 1280w\" sizes=\"auto, (max-width: 1024px) 100vw, 1024px\" \/><figcaption class=\"wp-element-caption\">Cr\u00e9ditos: Alessandro Dantas\/Flickr<\/figcaption><\/figure>\n<\/figure>\n\n\n\n<p>Com forma\u00e7\u00e3o pela PUC-Rio e doutorado pela Universidade de Princeton, Guillen traz no curr\u00edculo a experi\u00eancia como diretor de Pol\u00edtica Econ\u00f4mica do Banco Central do Brasil entre 2022 e 2025. Antes disso, j\u00e1 havia atuado na \u00e1rea de gest\u00e3o de recursos do pr\u00f3prio Ita\u00fa, o que facilita sua reintegra\u00e7\u00e3o ao ambiente do banco. No Banco Central, sua atua\u00e7\u00e3o teve perfil t\u00e9cnico, voltado \u00e0 constru\u00e7\u00e3o de cen\u00e1rios econ\u00f4micos e ao suporte das decis\u00f5es do Comit\u00ea de Pol\u00edtica Monet\u00e1ria. <\/p>\n\n\n\n<h2 class=\"wp-block-heading\">Ita\u00fa anuncia Diogo Guillen como novo economista-chefe<\/h2>\n\n\n\n<p>Ele participou diretamente das an\u00e1lises que orientam defini\u00e7\u00f5es sobre infla\u00e7\u00e3o, atividade econ\u00f4mica e trajet\u00f3ria da taxa b\u00e1sica de juros, especialmente em um per\u00edodo de transi\u00e7\u00e3o ap\u00f3s o ciclo de alta iniciado no p\u00f3s-pandemia. A transi\u00e7\u00e3o no Ita\u00fa prev\u00ea que M\u00e1rio Mesquita permane\u00e7a como consultor durante um per\u00edodo de adapta\u00e7\u00e3o, contribuindo com a equipe econ\u00f4mica. <\/p>\n\n\n\n<blockquote class=\"wp-block-quote is-layout-flow wp-block-quote-is-layout-flow\">\n<p>&#8220;Ao longo de sua trajet\u00f3ria no banco, M\u00e1rio desempenhou papel central no fortalecimento da reputa\u00e7\u00e3o do Ita\u00fa em an\u00e1lises econ\u00f4micas, liderando a consolida\u00e7\u00e3o do time de Macro e a reestrutura\u00e7\u00e3o do Research, sendo reconhecido pela profundidade, equil\u00edbrio e credibilidade junto a clientes e investidores, no Brasil e nos mercados internacionais&#8221;, afirmou o Ita\u00fa em nota oficial.<\/p>\n<\/blockquote>\n","protected":false},"excerpt":{"rendered":"<p>O Ita\u00fa Unibanco anunciou na ter\u00e7a-feira (28) uma mudan\u00e7a relevante em sua \u00e1rea de atua\u00e7\u00e3o ao definir um novo economista-chefe. A partir de julho de 2026, o cargo ser\u00e1 ocupado por Diogo Guillen, que assume a fun\u00e7\u00e3o ap\u00f3s passagem recente pelo setor p\u00fablico e chega com a miss\u00e3o de manter o padr\u00e3o de an\u00e1lise da [&hellip;]<\/p>\n","protected":false},"author":18,"featured_media":42119,"comment_status":"open","ping_status":"open","sticky":false,"template":"","format":"standard","meta":{"jnews-multi-image_gallery":[],"jnews_single_post":{"format":"standard"},"jnews_primary_category":[],"jnews_social_meta":[],"footnotes":""},"categories":[1],"tags":[],"class_list":["post-42118","post","type-post","status-publish","format-standard","has-post-thumbnail","hentry","category-mix"],"_links":{"self":[{"href":"https:\/\/correiodoestado.audiencelabs.com.br\/wp-json\/wp\/v2\/posts\/42118","targetHints":{"allow":["GET"]}}],"collection":[{"href":"https:\/\/correiodoestado.audiencelabs.com.br\/wp-json\/wp\/v2\/posts"}],"about":[{"href":"https:\/\/correiodoestado.audiencelabs.com.br\/wp-json\/wp\/v2\/types\/post"}],"author":[{"embeddable":true,"href":"https:\/\/correiodoestado.audiencelabs.com.br\/wp-json\/wp\/v2\/users\/18"}],"replies":[{"embeddable":true,"href":"https:\/\/correiodoestado.audiencelabs.com.br\/wp-json\/wp\/v2\/comments?post=42118"}],"version-history":[{"count":1,"href":"https:\/\/correiodoestado.audiencelabs.com.br\/wp-json\/wp\/v2\/posts\/42118\/revisions"}],"predecessor-version":[{"id":42121,"href":"https:\/\/correiodoestado.audiencelabs.com.br\/wp-json\/wp\/v2\/posts\/42118\/revisions\/42121"}],"wp:featuredmedia":[{"embeddable":true,"href":"https:\/\/correiodoestado.audiencelabs.com.br\/wp-json\/wp\/v2\/media\/42119"}],"wp:attachment":[{"href":"https:\/\/correiodoestado.audiencelabs.com.br\/wp-json\/wp\/v2\/media?parent=42118"}],"wp:term":[{"taxonomy":"category","embeddable":true,"href":"https:\/\/correiodoestado.audiencelabs.com.br\/wp-json\/wp\/v2\/categories?post=42118"},{"taxonomy":"post_tag","embeddable":true,"href":"https:\/\/correiodoestado.audiencelabs.com.br\/wp-json\/wp\/v2\/tags?post=42118"}],"curies":[{"name":"wp","href":"https:\/\/api.w.org\/{rel}","templated":true}]}}