{"id":42135,"date":"2026-04-30T06:15:00","date_gmt":"2026-04-30T09:15:00","guid":{"rendered":"https:\/\/correiodoestado.audiencelabs.com.br\/?p=42135"},"modified":"2026-04-29T14:23:47","modified_gmt":"2026-04-29T17:23:47","slug":"donos-de-imoveis-sem-habite-se-podem-receber-multa-de-r-1-04640-a-partir-de-agora","status":"publish","type":"post","link":"https:\/\/correiodoestado.audiencelabs.com.br\/donos-de-imoveis-sem-habite-se-podem-receber-multa-de-r-1-04640-a-partir-de-agora\/","title":{"rendered":"Donos de im\u00f3veis sem Habite-se podem receber multa de R$ 1.046,40 a partir de agora"},"content":{"rendered":"\n<p>A Prefeitura de Franca, no interior de S\u00e3o Paulo, notificou propriet\u00e1rios de im\u00f3veis que ainda n\u00e3o possuem o Habite-se, documento essencial que atesta que a constru\u00e7\u00e3o est\u00e1 apta para uso. A medida foi divulgada na edi\u00e7\u00e3o mais recente do Di\u00e1rio Oficial do Munic\u00edpio e faz parte de uma a\u00e7\u00e3o de fiscaliza\u00e7\u00e3o para regularizar edifica\u00e7\u00f5es na cidade.<\/p>\n\n\n\n<p>De acordo com o Setor de Fiscaliza\u00e7\u00e3o de Obras, a aus\u00eancia do documento configura infra\u00e7\u00e3o ao C\u00f3digo de Obras e Edifica\u00e7\u00f5es do munic\u00edpio. A legisla\u00e7\u00e3o determina que toda constru\u00e7\u00e3o conclu\u00edda ou em utiliza\u00e7\u00e3o deve possuir o Habite-se, garantindo que o im\u00f3vel atende \u00e0s normas t\u00e9cnicas e de seguran\u00e7a exigidas.<\/p>\n\n\n\n<figure class=\"wp-block-gallery has-nested-images columns-default is-cropped wp-block-gallery-1 is-layout-flex wp-block-gallery-is-layout-flex\">\n<figure class=\"wp-block-image size-large\"><img loading=\"lazy\" decoding=\"async\" width=\"1024\" height=\"613\" data-id=\"30713\" src=\"https:\/\/correiodoestado.audiencelabs.com.br\/wp-content\/uploads\/2026\/01\/real_moeda_dinheiro_mcajr_2904223671-1024x613.webp\" alt=\"sal\u00e1rio m\u00ednimo\" class=\"wp-image-30713\" srcset=\"https:\/\/correiodoestado.audiencelabs.com.br\/wp-content\/uploads\/2026\/01\/real_moeda_dinheiro_mcajr_2904223671-1024x613.webp 1024w, https:\/\/correiodoestado.audiencelabs.com.br\/wp-content\/uploads\/2026\/01\/real_moeda_dinheiro_mcajr_2904223671-300x179.webp 300w, https:\/\/correiodoestado.audiencelabs.com.br\/wp-content\/uploads\/2026\/01\/real_moeda_dinheiro_mcajr_2904223671-768x459.webp 768w, https:\/\/correiodoestado.audiencelabs.com.br\/wp-content\/uploads\/2026\/01\/real_moeda_dinheiro_mcajr_2904223671-750x449.webp 750w, https:\/\/correiodoestado.audiencelabs.com.br\/wp-content\/uploads\/2026\/01\/real_moeda_dinheiro_mcajr_2904223671-1140x682.webp 1140w, https:\/\/correiodoestado.audiencelabs.com.br\/wp-content\/uploads\/2026\/01\/real_moeda_dinheiro_mcajr_2904223671.webp 1170w\" sizes=\"auto, (max-width: 1024px) 100vw, 1024px\" \/><figcaption class=\"wp-element-caption\">Cr\u00e9ditos: Marcello Casal Jr\/Ag\u00eancia Brasil <\/figcaption><\/figure>\n<\/figure>\n\n\n\n<p>Os respons\u00e1veis foram intimados a regularizar a situa\u00e7\u00e3o no prazo de at\u00e9 dez dias \u00fateis a partir da publica\u00e7\u00e3o. Caso isso n\u00e3o ocorra, ser\u00e1 aplicada multa equivalente a 12 UFMF, o que corresponde atualmente a R$ 1.046,40. A penalidade est\u00e1 prevista na Lei Complementar n\u00ba 371\/21. Al\u00e9m disso, os notificados t\u00eam o direito de apresentar recurso administrativo em at\u00e9 cinco dias, por meio da Central On-line da Prefeitura. <\/p>\n\n\n\n<h2 class=\"wp-block-heading\">Prefeitura de Franca cobra multa a donos de im\u00f3veis sem Habite-se<\/h2>\n\n\n\n<p>Esse procedimento permite contestar a autua\u00e7\u00e3o ou apresentar justificativas antes da aplica\u00e7\u00e3o definitiva da penalidade. A orienta\u00e7\u00e3o do munic\u00edpio \u00e9 que os propriet\u00e1rios busquem a regulariza\u00e7\u00e3o o quanto antes, evitando preju\u00edzos financeiros e garantindo que os im\u00f3veis estejam em conformidade com as exig\u00eancias urban\u00edsticas. A fiscaliza\u00e7\u00e3o identificou irregularidades em diversos endere\u00e7os da cidade, refor\u00e7ando a necessidade de adequa\u00e7\u00e3o \u00e0s regras vigentes. Veja a seguir as ruas que foram notificadas.<\/p>\n\n\n\n<ul class=\"wp-block-list\">\n<li>Rua Sebasti\u00e3o Malaquias Gon\u00e7alves, no Jardim Samello IV;<\/li>\n\n\n\n<li>Rua Ant\u00f4nio Jacintho Lemos, no Jardim Samello Woods;<\/li>\n\n\n\n<li>Rua Augusto Figueiredo, no Residencial Colina do Espraiado;<\/li>\n\n\n\n<li>Rua Jos\u00e9 Deocliciano Ribeiro, no Jardim No\u00eamia;<\/li>\n\n\n\n<li>Avenida Nicolau D\u2019Andrea, no Jardim Paineira (m\u00faltiplos lotes);<\/li>\n\n\n\n<li>Rua Oswaldo Gaspar, no Jardim Santa L\u00facia;<\/li>\n\n\n\n<li>Rua Luiza Gomes Dourado, no Residencial Dourado;<\/li>\n\n\n\n<li>Rua Wanderlei Riscolino da Silva, no Jardim Cambu\u00ed;<\/li>\n\n\n\n<li>Rua Eul\u00e1lia Augusta Ribeiro Conrado, no Jardim No\u00eamia.<\/li>\n<\/ul>\n","protected":false},"excerpt":{"rendered":"<p>A Prefeitura de Franca, no interior de S\u00e3o Paulo, notificou propriet\u00e1rios de im\u00f3veis que ainda n\u00e3o possuem o Habite-se, documento essencial que atesta que a constru\u00e7\u00e3o est\u00e1 apta para uso. A medida foi divulgada na edi\u00e7\u00e3o mais recente do Di\u00e1rio Oficial do Munic\u00edpio e faz parte de uma a\u00e7\u00e3o de fiscaliza\u00e7\u00e3o para regularizar edifica\u00e7\u00f5es na [&hellip;]<\/p>\n","protected":false},"author":18,"featured_media":42136,"comment_status":"open","ping_status":"open","sticky":false,"template":"","format":"standard","meta":{"jnews-multi-image_gallery":[],"jnews_single_post":{"format":"standard"},"jnews_primary_category":[],"jnews_social_meta":[],"footnotes":""},"categories":[1],"tags":[],"class_list":["post-42135","post","type-post","status-publish","format-standard","has-post-thumbnail","hentry","category-mix"],"_links":{"self":[{"href":"https:\/\/correiodoestado.audiencelabs.com.br\/wp-json\/wp\/v2\/posts\/42135","targetHints":{"allow":["GET"]}}],"collection":[{"href":"https:\/\/correiodoestado.audiencelabs.com.br\/wp-json\/wp\/v2\/posts"}],"about":[{"href":"https:\/\/correiodoestado.audiencelabs.com.br\/wp-json\/wp\/v2\/types\/post"}],"author":[{"embeddable":true,"href":"https:\/\/correiodoestado.audiencelabs.com.br\/wp-json\/wp\/v2\/users\/18"}],"replies":[{"embeddable":true,"href":"https:\/\/correiodoestado.audiencelabs.com.br\/wp-json\/wp\/v2\/comments?post=42135"}],"version-history":[{"count":2,"href":"https:\/\/correiodoestado.audiencelabs.com.br\/wp-json\/wp\/v2\/posts\/42135\/revisions"}],"predecessor-version":[{"id":42138,"href":"https:\/\/correiodoestado.audiencelabs.com.br\/wp-json\/wp\/v2\/posts\/42135\/revisions\/42138"}],"wp:featuredmedia":[{"embeddable":true,"href":"https:\/\/correiodoestado.audiencelabs.com.br\/wp-json\/wp\/v2\/media\/42136"}],"wp:attachment":[{"href":"https:\/\/correiodoestado.audiencelabs.com.br\/wp-json\/wp\/v2\/media?parent=42135"}],"wp:term":[{"taxonomy":"category","embeddable":true,"href":"https:\/\/correiodoestado.audiencelabs.com.br\/wp-json\/wp\/v2\/categories?post=42135"},{"taxonomy":"post_tag","embeddable":true,"href":"https:\/\/correiodoestado.audiencelabs.com.br\/wp-json\/wp\/v2\/tags?post=42135"}],"curies":[{"name":"wp","href":"https:\/\/api.w.org\/{rel}","templated":true}]}}