{"id":42139,"date":"2026-04-30T07:15:00","date_gmt":"2026-04-30T10:15:00","guid":{"rendered":"https:\/\/correiodoestado.audiencelabs.com.br\/?p=42139"},"modified":"2026-04-29T15:40:20","modified_gmt":"2026-04-29T18:40:20","slug":"apos-ameacar-o-crime-organizado-no-brasil-eua-enviam-porta-avioes-rumo-ao-rio","status":"publish","type":"post","link":"https:\/\/correiodoestado.audiencelabs.com.br\/apos-ameacar-o-crime-organizado-no-brasil-eua-enviam-porta-avioes-rumo-ao-rio\/","title":{"rendered":"Ap\u00f3s amea\u00e7ar o crime organizado no Brasil, EUA enviam porta-avi\u00f5es rumo ao Rio"},"content":{"rendered":"\n<p>O governo dos Estados Unidos sinalizou ao Banco Central uma poss\u00edvel mudan\u00e7a relevante na forma de tratar o crime organizado no Brasil. Em reuni\u00e3o com o presidente da institui\u00e7\u00e3o, Gabriel Gal\u00edpolo, autoridades dos EUA indicaram que avaliam classificar o Comando Vermelho (CV) e o Primeiro Comando da Capital (PCC) como organiza\u00e7\u00f5es terroristas.<\/p>\n\n\n\n<p>A medida, caso seja adotada, permitiria ampliar o rigor das a\u00e7\u00f5es financeiras contra esses grupos, especialmente no combate \u00e0 lavagem de dinheiro. O argumento do Departamento de Estado dos Estados Unidos \u00e9 que a nova classifica\u00e7\u00e3o facilitaria o bloqueio de recursos e o monitoramento de opera\u00e7\u00f5es suspeitas em escala internacional. O aviso pr\u00e9vio ao Brasil foi interpretado como um gesto diplom\u00e1tico, j\u00e1 que nem todos os pa\u00edses recebem esse tipo de comunica\u00e7\u00e3o antecipada. <\/p>\n\n\n\n<figure class=\"wp-block-gallery has-nested-images columns-default is-cropped wp-block-gallery-1 is-layout-flex wp-block-gallery-is-layout-flex\">\n<figure class=\"wp-block-image size-large\"><img loading=\"lazy\" decoding=\"async\" width=\"1024\" height=\"613\" data-id=\"42149\" src=\"https:\/\/correiodoestado.audiencelabs.com.br\/wp-content\/uploads\/2026\/04\/foto01_5-1024x613.webp\" alt=\"\" class=\"wp-image-42149\" srcset=\"https:\/\/correiodoestado.audiencelabs.com.br\/wp-content\/uploads\/2026\/04\/foto01_5-1024x613.webp 1024w, https:\/\/correiodoestado.audiencelabs.com.br\/wp-content\/uploads\/2026\/04\/foto01_5-300x179.webp 300w, https:\/\/correiodoestado.audiencelabs.com.br\/wp-content\/uploads\/2026\/04\/foto01_5-768x459.webp 768w, https:\/\/correiodoestado.audiencelabs.com.br\/wp-content\/uploads\/2026\/04\/foto01_5-750x449.webp 750w, https:\/\/correiodoestado.audiencelabs.com.br\/wp-content\/uploads\/2026\/04\/foto01_5-1140x682.webp 1140w, https:\/\/correiodoestado.audiencelabs.com.br\/wp-content\/uploads\/2026\/04\/foto01_5.webp 1170w\" sizes=\"auto, (max-width: 1024px) 100vw, 1024px\" \/><figcaption class=\"wp-element-caption\">Cr\u00e9ditos: Divulga\u00e7\u00e3o\/Marinha do Brasil<\/figcaption><\/figure>\n<\/figure>\n\n\n\n<p>O M\u00e9xico, por exemplo, n\u00e3o foi informado antes de cart\u00e9is locais serem classificados como terroristas pelos EUA, o que mostra uma diferen\u00e7a de abordagem no caso brasileiro.Paralelamente, a presen\u00e7a militar norte-americana tamb\u00e9m ganha destaque na regi\u00e3o. O porta-avi\u00f5es USS Nimitz deve passar pelo Rio de Janeiro como parte da opera\u00e7\u00e3o Southern Seas 2026, coordenada pela 4\u00aa Frota e pelo Comando Sul dos Estados Unidos.<\/p>\n\n\n\n<h2 class=\"wp-block-heading\">EUA enviam porta-avi\u00e3o ao Rio de Janeiro<\/h2>\n\n\n\n<p>A miss\u00e3o envolve exerc\u00edcios militares conjuntos, interc\u00e2mbio t\u00e9cnico e participa\u00e7\u00e3o de diversos pa\u00edses da Am\u00e9rica Latina, como Brasil, Argentina, Chile, Col\u00f4mbia, Equador, Peru, M\u00e9xico, El Salvador, Guatemala e Uruguai. Al\u00e9m do Rio de Janeiro, o porta-avi\u00e3o tamb\u00e9m deve passar por outros lugares do territ\u00f3rio nacional.<\/p>\n\n\n\n<p>De acordo com as autoridades militares, a iniciativa busca fortalecer a coopera\u00e7\u00e3o mar\u00edtima e ampliar a integra\u00e7\u00e3o entre for\u00e7as navais da regi\u00e3o. como informou o contra-almirante Carlos Sardiello, comandante das For\u00e7as Navais do Comando Sul\/4\u00aa Frota. &#8220;A opera\u00e7\u00e3o Southern Seas 2026 oferece uma oportunidade \u00fanica para aprimorar a interoperabilidade e a profici\u00eancia com as for\u00e7as de pa\u00edses parceiros em todo o dom\u00ednio mar\u00edtimo&#8221;, disse.<\/p>\n","protected":false},"excerpt":{"rendered":"<p>O governo dos Estados Unidos sinalizou ao Banco Central uma poss\u00edvel mudan\u00e7a relevante na forma de tratar o crime organizado no Brasil. Em reuni\u00e3o com o presidente da institui\u00e7\u00e3o, Gabriel Gal\u00edpolo, autoridades dos EUA indicaram que avaliam classificar o Comando Vermelho (CV) e o Primeiro Comando da Capital (PCC) como organiza\u00e7\u00f5es terroristas. A medida, caso [&hellip;]<\/p>\n","protected":false},"author":18,"featured_media":28655,"comment_status":"open","ping_status":"open","sticky":false,"template":"","format":"standard","meta":{"jnews-multi-image_gallery":[],"jnews_single_post":{"format":"standard"},"jnews_primary_category":[],"jnews_social_meta":[],"footnotes":""},"categories":[1],"tags":[],"class_list":["post-42139","post","type-post","status-publish","format-standard","has-post-thumbnail","hentry","category-mix"],"_links":{"self":[{"href":"https:\/\/correiodoestado.audiencelabs.com.br\/wp-json\/wp\/v2\/posts\/42139","targetHints":{"allow":["GET"]}}],"collection":[{"href":"https:\/\/correiodoestado.audiencelabs.com.br\/wp-json\/wp\/v2\/posts"}],"about":[{"href":"https:\/\/correiodoestado.audiencelabs.com.br\/wp-json\/wp\/v2\/types\/post"}],"author":[{"embeddable":true,"href":"https:\/\/correiodoestado.audiencelabs.com.br\/wp-json\/wp\/v2\/users\/18"}],"replies":[{"embeddable":true,"href":"https:\/\/correiodoestado.audiencelabs.com.br\/wp-json\/wp\/v2\/comments?post=42139"}],"version-history":[{"count":1,"href":"https:\/\/correiodoestado.audiencelabs.com.br\/wp-json\/wp\/v2\/posts\/42139\/revisions"}],"predecessor-version":[{"id":42150,"href":"https:\/\/correiodoestado.audiencelabs.com.br\/wp-json\/wp\/v2\/posts\/42139\/revisions\/42150"}],"wp:featuredmedia":[{"embeddable":true,"href":"https:\/\/correiodoestado.audiencelabs.com.br\/wp-json\/wp\/v2\/media\/28655"}],"wp:attachment":[{"href":"https:\/\/correiodoestado.audiencelabs.com.br\/wp-json\/wp\/v2\/media?parent=42139"}],"wp:term":[{"taxonomy":"category","embeddable":true,"href":"https:\/\/correiodoestado.audiencelabs.com.br\/wp-json\/wp\/v2\/categories?post=42139"},{"taxonomy":"post_tag","embeddable":true,"href":"https:\/\/correiodoestado.audiencelabs.com.br\/wp-json\/wp\/v2\/tags?post=42139"}],"curies":[{"name":"wp","href":"https:\/\/api.w.org\/{rel}","templated":true}]}}