{"id":42146,"date":"2026-04-29T20:25:00","date_gmt":"2026-04-29T23:25:00","guid":{"rendered":"https:\/\/correiodoestado.audiencelabs.com.br\/?p=42146"},"modified":"2026-04-29T15:59:40","modified_gmt":"2026-04-29T18:59:40","slug":"cientistas-alertam-para-fenomeno-prejudicial-que-vem-acontecendo-durante-as-noites-na-terra","status":"publish","type":"post","link":"https:\/\/correiodoestado.audiencelabs.com.br\/cientistas-alertam-para-fenomeno-prejudicial-que-vem-acontecendo-durante-as-noites-na-terra\/","title":{"rendered":"Cientistas alertam para fen\u00f4meno prejudicial que vem acontecendo durante as noites na Terra"},"content":{"rendered":"\n<p>Embora silenciosa, uma mudan\u00e7a na <a href=\"https:\/\/correiodoestado.com.br\/mix\/nasa-tenta-encontrar-solucao-para-empurrar-telescopio-com-potencial-de-atingir-a-terra\/\" target=\"_blank\" rel=\"noreferrer noopener\">Terra <\/a>tem sido verificada quando a noite toma conta do cen\u00e1rio. Em recente estudo, publicado na revista Nature, foram analisadas mais de 1,1 milh\u00e3o de imagens di\u00e1rias via sat\u00e9lite. Nesse intervalo, ficou comprovado que o brilho noturno global gerado por luz artificial avan\u00e7ou cerca de\u00a016% entre 2014 e 2022.<\/p>\n\n\n\n<p>De acordo com a an\u00e1lise minuciosa, a ilumina\u00e7\u00e3o humana noturna se tornou mais din\u00e2mica do que os pesquisadores imaginavam. Nesse intervalo, os dados evidenciaram&nbsp;que em 3,51 milh\u00f5es de quil\u00f4metros quadrados&nbsp;das \u00e1reas habitadas vistas registraram algum tipo de altera\u00e7\u00e3o de luz, contemplando regi\u00f5es que acenderam mais e outras que escureceram.<\/p>\n\n\n\n<figure class=\"wp-block-image size-large\"><img loading=\"lazy\" decoding=\"async\" width=\"1024\" height=\"683\" src=\"https:\/\/correiodoestado.audiencelabs.com.br\/wp-content\/uploads\/2026\/04\/premium_photo-1712225701850-d34b3141b1a0-1-1024x683.jpg\" alt=\"\" class=\"wp-image-42157\" srcset=\"https:\/\/correiodoestado.audiencelabs.com.br\/wp-content\/uploads\/2026\/04\/premium_photo-1712225701850-d34b3141b1a0-1-1024x683.jpg 1024w, https:\/\/correiodoestado.audiencelabs.com.br\/wp-content\/uploads\/2026\/04\/premium_photo-1712225701850-d34b3141b1a0-1-300x200.jpg 300w, https:\/\/correiodoestado.audiencelabs.com.br\/wp-content\/uploads\/2026\/04\/premium_photo-1712225701850-d34b3141b1a0-1-768x512.jpg 768w, https:\/\/correiodoestado.audiencelabs.com.br\/wp-content\/uploads\/2026\/04\/premium_photo-1712225701850-d34b3141b1a0-1-750x500.jpg 750w, https:\/\/correiodoestado.audiencelabs.com.br\/wp-content\/uploads\/2026\/04\/premium_photo-1712225701850-d34b3141b1a0-1-1140x760.jpg 1140w, https:\/\/correiodoestado.audiencelabs.com.br\/wp-content\/uploads\/2026\/04\/premium_photo-1712225701850-d34b3141b1a0-1.jpg 1200w\" sizes=\"auto, (max-width: 1024px) 100vw, 1024px\" \/><figcaption class=\"wp-element-caption\">Cr\u00e9ditos: Unsplash<\/figcaption><\/figure>\n\n\n\n<p>Sobretudo, os estudiosos ressaltaram que 34% de avan\u00e7o s\u00e3o compensados por 18% de redu\u00e7\u00e3o. Em outras palavras, esse movimento escancara que o planeta tem sofrido as consequ\u00eancias dos bols\u00f5es simult\u00e2neos de expans\u00e3o urbana, adapta\u00e7\u00e3o energ\u00e9tica, apag\u00f5es, crises e reorganiza\u00e7\u00e3o do espa\u00e7o constru\u00eddo. A configura\u00e7\u00e3o ajudou a explicar por que o c\u00e9u noturno de tantas cidades parece menos escuro do que antes. <\/p>\n\n\n\n<p>&#8220;Durante d\u00e9cadas, tivemos uma vis\u00e3o simplificada de que a Terra \u00e0 noite est\u00e1 simplesmente ficando cada vez mais brilhante \u00e0 medida que a popula\u00e7\u00e3o humana e as economias crescem. Descobrimos que a paisagem noturna da Terra \u00e9, na verdade, altamente vol\u00e1til&#8221;, disse Zhe Zhu, professor da Universidade de Connecticut, autor s\u00eanior do estudo publicado.<\/p>\n\n\n\n<h2 class=\"wp-block-heading\">Mais detalhes sobre a pesquisa<\/h2>\n\n\n\n<p>Liderado por pesquisadores da Universidade de Connecticut (UConn), dos Estados Unidos, em conjunto com a NASA, o estudo revelou que os Estados Unidos apresentaram, de longe, a maior luminosidade total entre todos os pa\u00edses, seguidos por China, \u00cdndia, Canad\u00e1 e Brasil. Enquanto grande parte do mundo apresentou um aumento da luminosidade, a Europa revelou uma acentuada tend\u00eancia de escurecimento.<\/p>\n\n\n\n<p>\u201cPodemos encarar essas din\u00e2micas como o pulsar da sociedade. Com esses dados di\u00e1rios, podemos observar os impactos dos choques. Vemos como a sociedade reage a grandes perturba\u00e7\u00f5es. O escurecimento nem sempre \u00e9 sinal de pobreza ou decl\u00ednio; \u00e0s vezes, como vimos na Europa, \u00e9 sinal de adapta\u00e7\u00e3o e de pol\u00edticas governamentais funcionando em tempo real\u201d, analisou Zhe Zhu.<\/p>\n","protected":false},"excerpt":{"rendered":"<p>Embora silenciosa, uma mudan\u00e7a na Terra tem sido verificada quando a noite toma conta do cen\u00e1rio. Em recente estudo, publicado na revista Nature, foram analisadas mais de 1,1 milh\u00e3o de imagens di\u00e1rias via sat\u00e9lite<\/p>\n","protected":false},"author":8,"featured_media":42156,"comment_status":"open","ping_status":"open","sticky":false,"template":"","format":"standard","meta":{"jnews-multi-image_gallery":[],"jnews_single_post":{"format":"standard"},"jnews_primary_category":[],"jnews_social_meta":[],"footnotes":""},"categories":[1],"tags":[],"class_list":["post-42146","post","type-post","status-publish","format-standard","has-post-thumbnail","hentry","category-mix"],"_links":{"self":[{"href":"https:\/\/correiodoestado.audiencelabs.com.br\/wp-json\/wp\/v2\/posts\/42146","targetHints":{"allow":["GET"]}}],"collection":[{"href":"https:\/\/correiodoestado.audiencelabs.com.br\/wp-json\/wp\/v2\/posts"}],"about":[{"href":"https:\/\/correiodoestado.audiencelabs.com.br\/wp-json\/wp\/v2\/types\/post"}],"author":[{"embeddable":true,"href":"https:\/\/correiodoestado.audiencelabs.com.br\/wp-json\/wp\/v2\/users\/8"}],"replies":[{"embeddable":true,"href":"https:\/\/correiodoestado.audiencelabs.com.br\/wp-json\/wp\/v2\/comments?post=42146"}],"version-history":[{"count":1,"href":"https:\/\/correiodoestado.audiencelabs.com.br\/wp-json\/wp\/v2\/posts\/42146\/revisions"}],"predecessor-version":[{"id":42158,"href":"https:\/\/correiodoestado.audiencelabs.com.br\/wp-json\/wp\/v2\/posts\/42146\/revisions\/42158"}],"wp:featuredmedia":[{"embeddable":true,"href":"https:\/\/correiodoestado.audiencelabs.com.br\/wp-json\/wp\/v2\/media\/42156"}],"wp:attachment":[{"href":"https:\/\/correiodoestado.audiencelabs.com.br\/wp-json\/wp\/v2\/media?parent=42146"}],"wp:term":[{"taxonomy":"category","embeddable":true,"href":"https:\/\/correiodoestado.audiencelabs.com.br\/wp-json\/wp\/v2\/categories?post=42146"},{"taxonomy":"post_tag","embeddable":true,"href":"https:\/\/correiodoestado.audiencelabs.com.br\/wp-json\/wp\/v2\/tags?post=42146"}],"curies":[{"name":"wp","href":"https:\/\/api.w.org\/{rel}","templated":true}]}}