{"id":42173,"date":"2026-04-29T19:35:00","date_gmt":"2026-04-29T22:35:00","guid":{"rendered":"https:\/\/correiodoestado.audiencelabs.com.br\/?p=42173"},"modified":"2026-04-29T17:11:53","modified_gmt":"2026-04-29T20:11:53","slug":"estudiantes-x-flamengo-ao-vivo-com-imagens-onde-assistir-ao-jogo-da-libertadores-e-horario","status":"publish","type":"post","link":"https:\/\/correiodoestado.audiencelabs.com.br\/estudiantes-x-flamengo-ao-vivo-com-imagens-onde-assistir-ao-jogo-da-libertadores-e-horario\/","title":{"rendered":"Estudiantes x Flamengo ao vivo com imagens: onde assistir ao jogo da Libertadores e hor\u00e1rio"},"content":{"rendered":"\n<p>Nesta quarta-feira (29), o Estudiantes recebe o <a href=\"https:\/\/correiodoestado.com.br\/mix\/flamengo-nao-consegue-segurar-e-atacante-vai-sair-por-menos-de-r-50-milhoes\/\" target=\"_blank\" rel=\"noopener\">Flamengo <\/a>no Est\u00e1dio Jorge Luis Hirschi, \u00e0s 21h30 (hor\u00e1rio de Bras\u00edlia), pela terceira rodada da Libertadores da Am\u00e9rica. Para aqueles torcedores que n\u00e3o v\u00e3o poder acompanhar a partida em La Plata, na Argentina, outros meios de transmiss\u00e3o ser\u00e3o evidenciados em territ\u00f3rio brasileiro.<\/p>\n\n\n\n<p>Detendo os direitos de transmiss\u00e3o da principal competi\u00e7\u00e3o continental, a Globo se responsabilizar\u00e1 por cobrir todo o confronto, assim como o ge tv (YouTube) e o Globoplay (streaming). Contudo, \u00e9 v\u00e1lido destacar que a cobertura somente n\u00e3o estar\u00e1 dispon\u00edvel para os estados de S\u00e3o Paulo e Paran\u00e1, que seguir\u00e3o com outra programa\u00e7\u00e3o.<\/p>\n\n\n\n<figure class=\"wp-block-image size-large\"><img loading=\"lazy\" decoding=\"async\" width=\"1024\" height=\"597\" src=\"https:\/\/correiodoestado.audiencelabs.com.br\/wp-content\/uploads\/2026\/04\/flamengo-x-estudiantes-libertadores-maracana-1-1024x597.jpg\" alt=\"\" class=\"wp-image-42175\" srcset=\"https:\/\/correiodoestado.audiencelabs.com.br\/wp-content\/uploads\/2026\/04\/flamengo-x-estudiantes-libertadores-maracana-1-1024x597.jpg 1024w, https:\/\/correiodoestado.audiencelabs.com.br\/wp-content\/uploads\/2026\/04\/flamengo-x-estudiantes-libertadores-maracana-1-300x175.jpg 300w, https:\/\/correiodoestado.audiencelabs.com.br\/wp-content\/uploads\/2026\/04\/flamengo-x-estudiantes-libertadores-maracana-1-768x448.jpg 768w, https:\/\/correiodoestado.audiencelabs.com.br\/wp-content\/uploads\/2026\/04\/flamengo-x-estudiantes-libertadores-maracana-1-750x438.jpg 750w, https:\/\/correiodoestado.audiencelabs.com.br\/wp-content\/uploads\/2026\/04\/flamengo-x-estudiantes-libertadores-maracana-1-1140x665.jpg 1140w, https:\/\/correiodoestado.audiencelabs.com.br\/wp-content\/uploads\/2026\/04\/flamengo-x-estudiantes-libertadores-maracana-1.jpg 1200w\" sizes=\"auto, (max-width: 1024px) 100vw, 1024px\" \/><figcaption class=\"wp-element-caption\">Cr\u00e9ditos: Gilvan de Souza\/Flamengo<\/figcaption><\/figure>\n\n\n\n<h2 class=\"wp-block-heading\">Prov\u00e1veis escala\u00e7\u00f5es de Estudiantes x Flamengo<\/h2>\n\n\n\n<p>Preenchendo a segunda coloca\u00e7\u00e3o do Grupo A com quatro pontos, o time argentino contabiliza uma vit\u00f3ria e um empate. Al\u00e9m de jogar com o mando de campo a seu favor, o Estudiantes n\u00e3o ter\u00e1 desfalques latentes que possam comprometer o andamento do confronto. A \u00fanica aus\u00eancia para o t\u00e9cnico Alexander &#8220;Cacique&#8221; Medina ser\u00e1 Arzamendia, que n\u00e3o joga desde o ano passado ap\u00f3s uma grave les\u00e3o no joelho.<\/p>\n\n\n\n<p><strong>Diante disso, devem entrar em campo:<\/strong> Muslera, Meza, Pirez, Tomas Palacios e Benedetti; Piovi, Tiago Palacios, Amondarain, Neves e Aguirre; Carrillo.<\/p>\n\n\n\n<p>Do outro lado aparece o Flamengo, l\u00edder isolado do agrupamento com 100% de aproveitamento. Al\u00e9m de jogar como visitante, o rubro-negro carioca reconhece o advers\u00e1rio como o mais forte do chaveamento. No tocante aos desfalques, Leonardo Jardim n\u00e3o contar\u00e1 com Lucas Paquet\u00e1 (edema na coxa esquerda), Pulgar (les\u00e3o no ombro direito) e L\u00e9o Pereira (corte na canela esquerda).<\/p>\n\n\n\n<p><strong>No mais, o time brasileiro deve entrar em campo na seguinte configura\u00e7\u00e3o: <\/strong>Rossi; Royal, Leo Ortiz, Danilo e Ayrton Lucas; Evertton Ara\u00fajo, Jorginho (De la Cruz) e Arrascaeta; Carrascal, Lino e Bruno Henrique (Pedro).<\/p>\n\n\n\n<h2 class=\"wp-block-heading\">Qual a arbitragem escolhida pela Conmebol?<\/h2>\n\n\n\n<ul class=\"wp-block-list\">\n<li><strong>\u00c1rbitro<\/strong>: Piero Maza (Chile);<\/li>\n\n\n\n<li><strong>Assistente 1:<\/strong>\u00a0Jos\u00e9 Retamal (Chile);<\/li>\n\n\n\n<li><strong>Assistente 2:\u00a0<\/strong>Miguel Rocha (Chile);<\/li>\n\n\n\n<li><strong>4\u00ba \u00e1rbitro<\/strong>: Diego Flores (Chile);<\/li>\n\n\n\n<li><strong>VAR<\/strong>: Juan Lara (Chile).<\/li>\n<\/ul>\n","protected":false},"excerpt":{"rendered":"<p>Nesta quarta-feira (29), o Estudiantes recebe o Flamengo no Est\u00e1dio Jorge Luis Hirschi, \u00e0s 21h30 (hor\u00e1rio de Bras\u00edlia), pela terceira rodada da Libertadores da Am\u00e9rica<\/p>\n","protected":false},"author":8,"featured_media":42174,"comment_status":"open","ping_status":"open","sticky":false,"template":"","format":"standard","meta":{"jnews-multi-image_gallery":[],"jnews_single_post":{"format":"standard"},"jnews_primary_category":[],"jnews_social_meta":[],"footnotes":""},"categories":[1],"tags":[],"class_list":["post-42173","post","type-post","status-publish","format-standard","has-post-thumbnail","hentry","category-mix"],"_links":{"self":[{"href":"https:\/\/correiodoestado.audiencelabs.com.br\/wp-json\/wp\/v2\/posts\/42173","targetHints":{"allow":["GET"]}}],"collection":[{"href":"https:\/\/correiodoestado.audiencelabs.com.br\/wp-json\/wp\/v2\/posts"}],"about":[{"href":"https:\/\/correiodoestado.audiencelabs.com.br\/wp-json\/wp\/v2\/types\/post"}],"author":[{"embeddable":true,"href":"https:\/\/correiodoestado.audiencelabs.com.br\/wp-json\/wp\/v2\/users\/8"}],"replies":[{"embeddable":true,"href":"https:\/\/correiodoestado.audiencelabs.com.br\/wp-json\/wp\/v2\/comments?post=42173"}],"version-history":[{"count":1,"href":"https:\/\/correiodoestado.audiencelabs.com.br\/wp-json\/wp\/v2\/posts\/42173\/revisions"}],"predecessor-version":[{"id":42176,"href":"https:\/\/correiodoestado.audiencelabs.com.br\/wp-json\/wp\/v2\/posts\/42173\/revisions\/42176"}],"wp:featuredmedia":[{"embeddable":true,"href":"https:\/\/correiodoestado.audiencelabs.com.br\/wp-json\/wp\/v2\/media\/42174"}],"wp:attachment":[{"href":"https:\/\/correiodoestado.audiencelabs.com.br\/wp-json\/wp\/v2\/media?parent=42173"}],"wp:term":[{"taxonomy":"category","embeddable":true,"href":"https:\/\/correiodoestado.audiencelabs.com.br\/wp-json\/wp\/v2\/categories?post=42173"},{"taxonomy":"post_tag","embeddable":true,"href":"https:\/\/correiodoestado.audiencelabs.com.br\/wp-json\/wp\/v2\/tags?post=42173"}],"curies":[{"name":"wp","href":"https:\/\/api.w.org\/{rel}","templated":true}]}}