{"id":42205,"date":"2026-04-30T08:41:46","date_gmt":"2026-04-30T11:41:46","guid":{"rendered":"https:\/\/correiodoestado.audiencelabs.com.br\/?p=42205"},"modified":"2026-04-30T08:42:10","modified_gmt":"2026-04-30T11:42:10","slug":"nova-lei-vai-incluir-o-dia-dos-legendarios-no-calendario-estadual-caso-seja-aprovada","status":"publish","type":"post","link":"https:\/\/correiodoestado.audiencelabs.com.br\/nova-lei-vai-incluir-o-dia-dos-legendarios-no-calendario-estadual-caso-seja-aprovada\/","title":{"rendered":"Nova lei vai incluir o \u2018Dia dos Legend\u00e1rios\u2019 no calend\u00e1rio estadual caso seja aprovada"},"content":{"rendered":"\n<p>O deputado estadual Marcius Machado (PL) surpreendeu a todos ao protocolar um projeto de lei para incluir o \u201cDia dos Legend\u00e1rios\u201d no Calend\u00e1rio Oficial de Eventos do estado de Santa Catarina. Embora ainda precise da aprova\u00e7\u00e3o, a medida tem gerado repercuss\u00e3o, uma vez que grande parte da sociedade contesta o movimento. Conforme o texto, a celebra\u00e7\u00e3o est\u00e1 fixada em 4 de maio.<\/p>\n\n\n\n<p>Aos desavisados, o Legend\u00e1rios consiste em um movimento fundado na Guatemala, em 2015, exclusivamente feito para homens. Na pr\u00e1tica, o rito espiritual tem a finalidade de resignificar a f\u00e9, a fam\u00edlia e a masculinidade. Entre as personalidades brasileiras presentes no projeto est\u00e3o Pablo Mar\u00e7al, Thiago Nigro e Kak\u00e1 Diniz. De acordo com os participantes, a imers\u00e3o representa uma transforma\u00e7\u00e3o genu\u00edna de vida.<\/p>\n\n\n\n<figure class=\"wp-block-image size-large\"><img loading=\"lazy\" decoding=\"async\" width=\"1024\" height=\"577\" src=\"https:\/\/correiodoestado.audiencelabs.com.br\/wp-content\/uploads\/2026\/04\/kmnkjb-1-1024x577.jpg\" alt=\"\" class=\"wp-image-42207\" srcset=\"https:\/\/correiodoestado.audiencelabs.com.br\/wp-content\/uploads\/2026\/04\/kmnkjb-1-1024x577.jpg 1024w, https:\/\/correiodoestado.audiencelabs.com.br\/wp-content\/uploads\/2026\/04\/kmnkjb-1-300x169.jpg 300w, https:\/\/correiodoestado.audiencelabs.com.br\/wp-content\/uploads\/2026\/04\/kmnkjb-1-768x433.jpg 768w, https:\/\/correiodoestado.audiencelabs.com.br\/wp-content\/uploads\/2026\/04\/kmnkjb-1-750x423.jpg 750w, https:\/\/correiodoestado.audiencelabs.com.br\/wp-content\/uploads\/2026\/04\/kmnkjb-1-1140x643.jpg 1140w, https:\/\/correiodoestado.audiencelabs.com.br\/wp-content\/uploads\/2026\/04\/kmnkjb-1.jpg 1199w\" sizes=\"auto, (max-width: 1024px) 100vw, 1024px\" \/><figcaption class=\"wp-element-caption\">Cr\u00e9ditos: Divulga\u00e7\u00e3o\/Legend\u00e1rios Brasil<\/figcaption><\/figure>\n\n\n\n<p>Na an\u00e1lise do deputado, o PL n\u00e3o acarretar\u00e1 na cria\u00e7\u00e3o de despesas p\u00fablicas nem imposi\u00e7\u00e3o de obriga\u00e7\u00f5es a ningu\u00e9m. Em outras palavras, consiste apenas em tornar p\u00fablica a iniciativa, que, segundo ele, possui relev\u00e2ncia social. Por outro lado, \u00e9 v\u00e1lido destacar que a proposta tamb\u00e9m encontra respaldo, conforme o texto, nos princ\u00edpios constitucionais da liberdade religiosa.<\/p>\n\n\n\n<h2 class=\"wp-block-heading\">Debates sobre o projeto<\/h2>\n\n\n\n<p>O projeto tem levantado questionamentos, especialmente com os opositores taxando os Legend\u00e1rios como um movimento hip\u00f3crita, elitista e que questiona a neutralidade religiosa. Para alguns pol\u00edticos da esquerda, o grupo \u00e9 visto como \u201cbra\u00e7o simb\u00f3lico da extrema direita latino-americana\u201d, acusando-o de refor\u00e7ar a subordina\u00e7\u00e3o das mulheres sob discurso de autoconhecimento.<\/p>\n\n\n\n<p>Em contrapartida, os defensores sustentam que o machismo \u00e9 reduzido quando os homens participam do movimento, tornando-se uma \u201cmelhor vers\u00e3o do homem\u201d, uma vez que aprendem que o l\u00edder deve ser servo da fam\u00edlia. Agora, o projeto segue em an\u00e1lise nas comiss\u00f5es da Assembleia Legislativa antes de ser levado \u00e0 vota\u00e7\u00e3o em plen\u00e1rio.<\/p>\n","protected":false},"excerpt":{"rendered":"<p>De modo geral, o Legend\u00e1rios consiste em um movimento fundado na Guatemala, em 2015, exclusivamente feito para homens imergirem <\/p>\n","protected":false},"author":8,"featured_media":42206,"comment_status":"open","ping_status":"open","sticky":false,"template":"","format":"standard","meta":{"jnews-multi-image_gallery":[],"jnews_single_post":{"format":"standard"},"jnews_primary_category":[],"jnews_social_meta":[],"footnotes":""},"categories":[1],"tags":[],"class_list":["post-42205","post","type-post","status-publish","format-standard","has-post-thumbnail","hentry","category-mix"],"_links":{"self":[{"href":"https:\/\/correiodoestado.audiencelabs.com.br\/wp-json\/wp\/v2\/posts\/42205","targetHints":{"allow":["GET"]}}],"collection":[{"href":"https:\/\/correiodoestado.audiencelabs.com.br\/wp-json\/wp\/v2\/posts"}],"about":[{"href":"https:\/\/correiodoestado.audiencelabs.com.br\/wp-json\/wp\/v2\/types\/post"}],"author":[{"embeddable":true,"href":"https:\/\/correiodoestado.audiencelabs.com.br\/wp-json\/wp\/v2\/users\/8"}],"replies":[{"embeddable":true,"href":"https:\/\/correiodoestado.audiencelabs.com.br\/wp-json\/wp\/v2\/comments?post=42205"}],"version-history":[{"count":1,"href":"https:\/\/correiodoestado.audiencelabs.com.br\/wp-json\/wp\/v2\/posts\/42205\/revisions"}],"predecessor-version":[{"id":42208,"href":"https:\/\/correiodoestado.audiencelabs.com.br\/wp-json\/wp\/v2\/posts\/42205\/revisions\/42208"}],"wp:featuredmedia":[{"embeddable":true,"href":"https:\/\/correiodoestado.audiencelabs.com.br\/wp-json\/wp\/v2\/media\/42206"}],"wp:attachment":[{"href":"https:\/\/correiodoestado.audiencelabs.com.br\/wp-json\/wp\/v2\/media?parent=42205"}],"wp:term":[{"taxonomy":"category","embeddable":true,"href":"https:\/\/correiodoestado.audiencelabs.com.br\/wp-json\/wp\/v2\/categories?post=42205"},{"taxonomy":"post_tag","embeddable":true,"href":"https:\/\/correiodoestado.audiencelabs.com.br\/wp-json\/wp\/v2\/tags?post=42205"}],"curies":[{"name":"wp","href":"https:\/\/api.w.org\/{rel}","templated":true}]}}