{"id":42237,"date":"2026-04-30T10:15:00","date_gmt":"2026-04-30T13:15:00","guid":{"rendered":"https:\/\/correiodoestado.audiencelabs.com.br\/?p=42237"},"modified":"2026-04-30T10:01:06","modified_gmt":"2026-04-30T13:01:06","slug":"arrascaeta-vai-perder-a-copa-do-mundo-apos-lesao-confirmado","status":"publish","type":"post","link":"https:\/\/correiodoestado.audiencelabs.com.br\/arrascaeta-vai-perder-a-copa-do-mundo-apos-lesao-confirmado\/","title":{"rendered":"Arrascaeta vai perder a Copa do Mundo ap\u00f3s les\u00e3o? Confirmado"},"content":{"rendered":"\n<p>O Flamengo confirmou que o meia uruguaio Arrascaeta ser\u00e1 submetido a cirurgia nesta quinta-feira (30), no Rio de Janeiro, ap\u00f3s sofrer uma fratura na clav\u00edcula direita. O camisa 10 rubro-negro se lesionou na noite de quarta-feira (29) durante o empate por 1 a 1 contra o Estudiantes da Argentina, pela fase de grupos da Copa Libertadores da Am\u00e9rica.<\/p>\n\n\n\n<p>Arrascaeta chegou a realizar os primeiros exames em Buenos Aires, mas teve o problema f\u00edsico constatado assim que desembarcou ao Brasil com o restante da delega\u00e7\u00e3o rubro-negra. O procedimento cir\u00fargico ser\u00e1 realizado por uma equipe m\u00e9dica formada pelos especialistas M\u00e1rcio Schiefer, Bruno Tebaldi e Fernando Sassaki, chefe do departamento m\u00e9dico do clube carioca.<\/p>\n\n\n\n<figure class=\"wp-block-gallery has-nested-images columns-default is-cropped wp-block-gallery-1 is-layout-flex wp-block-gallery-is-layout-flex\">\n<figure class=\"wp-block-image size-large\"><img loading=\"lazy\" decoding=\"async\" width=\"1024\" height=\"627\" data-id=\"42239\" src=\"https:\/\/correiodoestado.audiencelabs.com.br\/wp-content\/uploads\/2026\/04\/Arrascaeta-Lesao-Clavicula-Estudiantes-1-1-Flamengo-290426-1024x627.webp\" alt=\"\" class=\"wp-image-42239\" srcset=\"https:\/\/correiodoestado.audiencelabs.com.br\/wp-content\/uploads\/2026\/04\/Arrascaeta-Lesao-Clavicula-Estudiantes-1-1-Flamengo-290426-1024x627.webp 1024w, https:\/\/correiodoestado.audiencelabs.com.br\/wp-content\/uploads\/2026\/04\/Arrascaeta-Lesao-Clavicula-Estudiantes-1-1-Flamengo-290426-300x184.webp 300w, https:\/\/correiodoestado.audiencelabs.com.br\/wp-content\/uploads\/2026\/04\/Arrascaeta-Lesao-Clavicula-Estudiantes-1-1-Flamengo-290426-768x470.webp 768w, https:\/\/correiodoestado.audiencelabs.com.br\/wp-content\/uploads\/2026\/04\/Arrascaeta-Lesao-Clavicula-Estudiantes-1-1-Flamengo-290426-1536x940.webp 1536w, https:\/\/correiodoestado.audiencelabs.com.br\/wp-content\/uploads\/2026\/04\/Arrascaeta-Lesao-Clavicula-Estudiantes-1-1-Flamengo-290426-750x459.webp 750w, https:\/\/correiodoestado.audiencelabs.com.br\/wp-content\/uploads\/2026\/04\/Arrascaeta-Lesao-Clavicula-Estudiantes-1-1-Flamengo-290426-1140x698.webp 1140w, https:\/\/correiodoestado.audiencelabs.com.br\/wp-content\/uploads\/2026\/04\/Arrascaeta-Lesao-Clavicula-Estudiantes-1-1-Flamengo-290426.webp 1544w\" sizes=\"auto, (max-width: 1024px) 100vw, 1024px\" \/><figcaption class=\"wp-element-caption\">Cr\u00e9ditos: Divulga\u00e7\u00e3o\/Globo<\/figcaption><\/figure>\n<\/figure>\n\n\n\n<p>A decis\u00e3o pela cirurgia foi confirmada oficialmente pelo Flamengo durante a madrugada, ap\u00f3s avalia\u00e7\u00e3o detalhada do quadro cl\u00ednico do jogador.<br>Com a interven\u00e7\u00e3o, Arrascaeta vai ficar afastado dos gramados nas pr\u00f3ximas semanas. A previs\u00e3o inicial do clube \u00e9 de cerca de 45 dias de recupera\u00e7\u00e3o, embora o prazo possa variar de acordo a resposta fisiol\u00f3gica do atleta ao tratamento e ao processo de reabilita\u00e7\u00e3o.<\/p>\n\n\n\n<h2 class=\"wp-block-heading\">Arrascaeta corre o risco de ficar de fora da Copa do Mundo<\/h2>\n\n\n\n<p>A les\u00e3o coloca em risco a participa\u00e7\u00e3o de Arrascaeta na Copa do Mundo. Camisa 10 da Sele\u00e7\u00e3o do Uruguai, o meia ter\u00e1 que correr contra o tempo para estar \u00e0 disposi\u00e7\u00e3o do t\u00e9cnico Marcelo &#8220;El Loco&#8221; Bielsa. Vale destacar que a Celeste Ol\u00edmpica estreia no Mundial no dia 15 de junho, contra a Ar\u00e1bia Saudita. Espanha e Cabo Verde tamb\u00e9m est\u00e3o no Grupo H, ao lado dos uruguaios e dos sauditas.<\/p>\n\n\n\n<p>Apesar da apreens\u00e3o por parte de Arrascaeta, do Flamengo e da Sele\u00e7\u00e3o do Uruguai, casos semelhantes mostram que \u00e9 poss\u00edvel voltar a jogar ap\u00f3s esse tipo de les\u00e3o dentro do prazo estimado. Em 2024, o meia Montoro, do Botafogo, levou 41 dias para voltar aos gramados depois de fraturar a clav\u00edcula durante o Mundial Sub-20 quando estava \u00e0 servi\u00e7o da Sele\u00e7\u00e3o da Argentina.<\/p>\n","protected":false},"excerpt":{"rendered":"<p>O Flamengo confirmou que o meia uruguaio Arrascaeta ser\u00e1 submetido a cirurgia nesta quinta-feira (30), no Rio de Janeiro, ap\u00f3s sofrer uma fratura na clav\u00edcula direita. O camisa 10 rubro-negro se lesionou na noite de quarta-feira (29) durante o empate por 1 a 1 contra o Estudiantes da Argentina, pela fase de grupos da Copa [&hellip;]<\/p>\n","protected":false},"author":18,"featured_media":42240,"comment_status":"open","ping_status":"open","sticky":false,"template":"","format":"standard","meta":{"jnews-multi-image_gallery":[],"jnews_single_post":{"format":"standard"},"jnews_primary_category":[],"jnews_social_meta":[],"footnotes":""},"categories":[1],"tags":[],"class_list":["post-42237","post","type-post","status-publish","format-standard","has-post-thumbnail","hentry","category-mix"],"_links":{"self":[{"href":"https:\/\/correiodoestado.audiencelabs.com.br\/wp-json\/wp\/v2\/posts\/42237","targetHints":{"allow":["GET"]}}],"collection":[{"href":"https:\/\/correiodoestado.audiencelabs.com.br\/wp-json\/wp\/v2\/posts"}],"about":[{"href":"https:\/\/correiodoestado.audiencelabs.com.br\/wp-json\/wp\/v2\/types\/post"}],"author":[{"embeddable":true,"href":"https:\/\/correiodoestado.audiencelabs.com.br\/wp-json\/wp\/v2\/users\/18"}],"replies":[{"embeddable":true,"href":"https:\/\/correiodoestado.audiencelabs.com.br\/wp-json\/wp\/v2\/comments?post=42237"}],"version-history":[{"count":1,"href":"https:\/\/correiodoestado.audiencelabs.com.br\/wp-json\/wp\/v2\/posts\/42237\/revisions"}],"predecessor-version":[{"id":42241,"href":"https:\/\/correiodoestado.audiencelabs.com.br\/wp-json\/wp\/v2\/posts\/42237\/revisions\/42241"}],"wp:featuredmedia":[{"embeddable":true,"href":"https:\/\/correiodoestado.audiencelabs.com.br\/wp-json\/wp\/v2\/media\/42240"}],"wp:attachment":[{"href":"https:\/\/correiodoestado.audiencelabs.com.br\/wp-json\/wp\/v2\/media?parent=42237"}],"wp:term":[{"taxonomy":"category","embeddable":true,"href":"https:\/\/correiodoestado.audiencelabs.com.br\/wp-json\/wp\/v2\/categories?post=42237"},{"taxonomy":"post_tag","embeddable":true,"href":"https:\/\/correiodoestado.audiencelabs.com.br\/wp-json\/wp\/v2\/tags?post=42237"}],"curies":[{"name":"wp","href":"https:\/\/api.w.org\/{rel}","templated":true}]}}