{"id":42245,"date":"2026-04-30T12:10:00","date_gmt":"2026-04-30T15:10:00","guid":{"rendered":"https:\/\/correiodoestado.audiencelabs.com.br\/?p=42245"},"modified":"2026-04-30T10:15:28","modified_gmt":"2026-04-30T13:15:28","slug":"cidade-brasileira-vira-destaque-nacional-ao-realizar-mais-de-500-internacoes-por-dependencia-quimica","status":"publish","type":"post","link":"https:\/\/correiodoestado.audiencelabs.com.br\/cidade-brasileira-vira-destaque-nacional-ao-realizar-mais-de-500-internacoes-por-dependencia-quimica\/","title":{"rendered":"Cidade brasileira vira destaque nacional ao realizar mais de 500 interna\u00e7\u00f5es por depend\u00eancia qu\u00edmica"},"content":{"rendered":"\n<p>Uma iniciativa p\u00fablica no Sul do Brasil vem ganhando visibilidade ao apresentar resultados expressivos no enfrentamento \u00e0 depend\u00eancia qu\u00edmica. Em Crici\u00fama, o n\u00famero de interna\u00e7\u00f5es j\u00e1 ultrapassou a marca de 500 em 2026. O modelo adotado tem chamado aten\u00e7\u00e3o por ir al\u00e9m das abordagens tradicionais.<\/p>\n\n\n\n<h2 class=\"wp-block-heading\">Estrat\u00e9gia amplia foco al\u00e9m da interna\u00e7\u00e3o<\/h2>\n\n\n\n<p>O programa municipal foi estruturado para atuar em diferentes etapas do processo de recupera\u00e7\u00e3o. Desde a abordagem inicial nas ruas at\u00e9 o encaminhamento para tratamento, a a\u00e7\u00e3o busca integrar servi\u00e7os. A proposta inclui tanto interna\u00e7\u00f5es volunt\u00e1rias quanto involunt\u00e1rias.<\/p>\n\n\n\n<p>Um dos principais diferenciais est\u00e1 no acompanhamento ap\u00f3s a sa\u00edda das cl\u00ednicas. A iniciativa entende que a recupera\u00e7\u00e3o n\u00e3o termina com a desintoxica\u00e7\u00e3o. Por isso, os participantes continuam recebendo suporte cont\u00ednuo.<\/p>\n\n\n\n<p>Esse acompanhamento envolve a cria\u00e7\u00e3o de uma rotina estruturada para os benefici\u00e1rios. A inser\u00e7\u00e3o em atividades pr\u00e1ticas tem sido utilizada como ferramenta de reabilita\u00e7\u00e3o. A estrat\u00e9gia busca reduzir riscos de reca\u00edda e fortalecer v\u00ednculos sociais.<\/p>\n\n\n\n<h2 class=\"wp-block-heading\">Reinser\u00e7\u00e3o social e apoio cont\u00ednuo<\/h2>\n\n\n\n<p>Ap\u00f3s o tratamento, os participantes s\u00e3o direcionados para atividades de capacita\u00e7\u00e3o e \u0561\u0577\u056d\u0561\u057f\u0561\u0576\u0584\u056b. Programas de apoio financeiro tamb\u00e9m fazem parte do processo. A ideia \u00e9 garantir condi\u00e7\u00f5es m\u00ednimas para reconstru\u00e7\u00e3o da autonomia.<\/p>\n\n\n\n<p>A presen\u00e7a de ex-dependentes em atividades urbanas j\u00e1 \u00e9 vis\u00edvel em diferentes regi\u00f5es da cidade. Trabalhos como manuten\u00e7\u00e3o de espa\u00e7os p\u00fablicos ajudam na reintegra\u00e7\u00e3o. Essas a\u00e7\u00f5es contribuem para devolver senso de pertencimento.<\/p>\n\n\n\n<p>Al\u00e9m disso, o programa atua com equipes multiprofissionais. Profissionais da sa\u00fade, assist\u00eancia social e seguran\u00e7a p\u00fablica participam das opera\u00e7\u00f5es. Essa integra\u00e7\u00e3o permite respostas mais completas \u00e0s diferentes situa\u00e7\u00f5es.<\/p>\n\n\n\n<figure class=\"wp-block-image size-large\"><img loading=\"lazy\" decoding=\"async\" width=\"1024\" height=\"683\" src=\"https:\/\/correiodoestado.audiencelabs.com.br\/wp-content\/uploads\/2026\/04\/lance-reis-l5JPHAYkEmg-unsplash-1024x683.jpg\" alt=\"\" class=\"wp-image-42246\" srcset=\"https:\/\/correiodoestado.audiencelabs.com.br\/wp-content\/uploads\/2026\/04\/lance-reis-l5JPHAYkEmg-unsplash-1024x683.jpg 1024w, https:\/\/correiodoestado.audiencelabs.com.br\/wp-content\/uploads\/2026\/04\/lance-reis-l5JPHAYkEmg-unsplash-300x200.jpg 300w, https:\/\/correiodoestado.audiencelabs.com.br\/wp-content\/uploads\/2026\/04\/lance-reis-l5JPHAYkEmg-unsplash-768x512.jpg 768w, https:\/\/correiodoestado.audiencelabs.com.br\/wp-content\/uploads\/2026\/04\/lance-reis-l5JPHAYkEmg-unsplash-1536x1024.jpg 1536w, https:\/\/correiodoestado.audiencelabs.com.br\/wp-content\/uploads\/2026\/04\/lance-reis-l5JPHAYkEmg-unsplash-750x500.jpg 750w, https:\/\/correiodoestado.audiencelabs.com.br\/wp-content\/uploads\/2026\/04\/lance-reis-l5JPHAYkEmg-unsplash-1140x760.jpg 1140w, https:\/\/correiodoestado.audiencelabs.com.br\/wp-content\/uploads\/2026\/04\/lance-reis-l5JPHAYkEmg-unsplash.jpg 1920w\" sizes=\"auto, (max-width: 1024px) 100vw, 1024px\" \/><figcaption class=\"wp-element-caption\">Cr\u00e9ditos: Lance Reis \/ Unsplash<\/figcaption><\/figure>\n\n\n\n<h2 class=\"wp-block-heading\">Crescimento dos atendimentos e desafios<\/h2>\n\n\n\n<p>Os n\u00fameros indicam aumento na procura pelo programa ao longo dos \u00faltimos anos. Em 2025, foram registradas mais de 470 interna\u00e7\u00f5es volunt\u00e1rias. J\u00e1 no ano seguinte, o total superou a marca de 500 atendimentos.<\/p>\n\n\n\n<p>Apesar dos resultados, a iniciativa enfrenta desafios relacionados ao financiamento. Atualmente, os custos s\u00e3o totalmente assumidos pelo munic\u00edpio. A aus\u00eancia de apoio financeiro de outras esferas p\u00fablicas \u00e9 apontada como obst\u00e1culo.<\/p>\n\n\n\n<p><\/p>\n","protected":false},"excerpt":{"rendered":"<p>Uma iniciativa p\u00fablica no Sul do Brasil vem ganhando visibilidade ao apresentar resultados expressivos no enfrentamento \u00e0 depend\u00eancia qu\u00edmica. Em Crici\u00fama, o n\u00famero de interna\u00e7\u00f5es j\u00e1 ultrapassou a marca de 500 em 2026. O modelo adotado tem chamado aten\u00e7\u00e3o por ir al\u00e9m das abordagens tradicionais. Estrat\u00e9gia amplia foco al\u00e9m da interna\u00e7\u00e3o O programa municipal foi [&hellip;]<\/p>\n","protected":false},"author":4,"featured_media":42247,"comment_status":"open","ping_status":"open","sticky":false,"template":"","format":"standard","meta":{"jnews-multi-image_gallery":[],"jnews_single_post":{"format":"standard"},"jnews_primary_category":[],"jnews_social_meta":[],"footnotes":""},"categories":[1],"tags":[],"class_list":["post-42245","post","type-post","status-publish","format-standard","has-post-thumbnail","hentry","category-mix"],"_links":{"self":[{"href":"https:\/\/correiodoestado.audiencelabs.com.br\/wp-json\/wp\/v2\/posts\/42245","targetHints":{"allow":["GET"]}}],"collection":[{"href":"https:\/\/correiodoestado.audiencelabs.com.br\/wp-json\/wp\/v2\/posts"}],"about":[{"href":"https:\/\/correiodoestado.audiencelabs.com.br\/wp-json\/wp\/v2\/types\/post"}],"author":[{"embeddable":true,"href":"https:\/\/correiodoestado.audiencelabs.com.br\/wp-json\/wp\/v2\/users\/4"}],"replies":[{"embeddable":true,"href":"https:\/\/correiodoestado.audiencelabs.com.br\/wp-json\/wp\/v2\/comments?post=42245"}],"version-history":[{"count":1,"href":"https:\/\/correiodoestado.audiencelabs.com.br\/wp-json\/wp\/v2\/posts\/42245\/revisions"}],"predecessor-version":[{"id":42249,"href":"https:\/\/correiodoestado.audiencelabs.com.br\/wp-json\/wp\/v2\/posts\/42245\/revisions\/42249"}],"wp:featuredmedia":[{"embeddable":true,"href":"https:\/\/correiodoestado.audiencelabs.com.br\/wp-json\/wp\/v2\/media\/42247"}],"wp:attachment":[{"href":"https:\/\/correiodoestado.audiencelabs.com.br\/wp-json\/wp\/v2\/media?parent=42245"}],"wp:term":[{"taxonomy":"category","embeddable":true,"href":"https:\/\/correiodoestado.audiencelabs.com.br\/wp-json\/wp\/v2\/categories?post=42245"},{"taxonomy":"post_tag","embeddable":true,"href":"https:\/\/correiodoestado.audiencelabs.com.br\/wp-json\/wp\/v2\/tags?post=42245"}],"curies":[{"name":"wp","href":"https:\/\/api.w.org\/{rel}","templated":true}]}}