{"id":42256,"date":"2026-04-30T12:50:00","date_gmt":"2026-04-30T15:50:00","guid":{"rendered":"https:\/\/correiodoestado.audiencelabs.com.br\/?p=42256"},"modified":"2026-04-30T11:11:23","modified_gmt":"2026-04-30T14:11:23","slug":"banco-central-determina-liquidacao-extrajudicial-de-instituicao-financeira-por-graves-violacoes","status":"publish","type":"post","link":"https:\/\/correiodoestado.audiencelabs.com.br\/banco-central-determina-liquidacao-extrajudicial-de-instituicao-financeira-por-graves-violacoes\/","title":{"rendered":"Banco Central determina liquida\u00e7\u00e3o extrajudicial de institui\u00e7\u00e3o financeira por graves viola\u00e7\u00f5es"},"content":{"rendered":"\n<p>O Banco Central decretou nesta quinta-feira (30) a liquida\u00e7\u00e3o extrajudicial da Frente Corretora de C\u00e2mbio S.A., institui\u00e7\u00e3o sediada em S\u00e3o Paulo. Classificada como de pequeno porte e enquadrada no segmento S4 da regula\u00e7\u00e3o prudencial, a corretora ocupava a 78\u00aa posi\u00e7\u00e3o no ranking de c\u00e2mbio da autoridade monet\u00e1ria. A medida interrompe as opera\u00e7\u00f5es da empresa e inicia o processo de apura\u00e7\u00e3o de responsabilidades.<\/p>\n\n\n\n<p>Segundo o Banco Central, a decis\u00e3o foi motivada pelo comprometimento da situa\u00e7\u00e3o econ\u00f4mico-financeira da corretora, al\u00e9m da identifica\u00e7\u00e3o de graves viola\u00e7\u00f5es \u00e0s normas legais e regulamentares do setor. O \u00f3rg\u00e3o informou que vai seguir com as investiga\u00e7\u00f5es dentro de suas compet\u00eancias, podendo aplicar san\u00e7\u00f5es administrativas e comunicar outras autoridades, conforme previsto na legisla\u00e7\u00e3o vigente.<\/p>\n\n\n\n<figure class=\"wp-block-gallery has-nested-images columns-default is-cropped wp-block-gallery-1 is-layout-flex wp-block-gallery-is-layout-flex\">\n<figure class=\"wp-block-image size-large\"><img loading=\"lazy\" decoding=\"async\" width=\"1024\" height=\"613\" data-id=\"42257\" src=\"https:\/\/correiodoestado.audiencelabs.com.br\/wp-content\/uploads\/2026\/04\/banco_central_economia_0413202012-1024x613.webp\" alt=\"\" class=\"wp-image-42257\" srcset=\"https:\/\/correiodoestado.audiencelabs.com.br\/wp-content\/uploads\/2026\/04\/banco_central_economia_0413202012-1024x613.webp 1024w, https:\/\/correiodoestado.audiencelabs.com.br\/wp-content\/uploads\/2026\/04\/banco_central_economia_0413202012-300x179.webp 300w, https:\/\/correiodoestado.audiencelabs.com.br\/wp-content\/uploads\/2026\/04\/banco_central_economia_0413202012-768x459.webp 768w, https:\/\/correiodoestado.audiencelabs.com.br\/wp-content\/uploads\/2026\/04\/banco_central_economia_0413202012-750x449.webp 750w, https:\/\/correiodoestado.audiencelabs.com.br\/wp-content\/uploads\/2026\/04\/banco_central_economia_0413202012-1140x682.webp 1140w, https:\/\/correiodoestado.audiencelabs.com.br\/wp-content\/uploads\/2026\/04\/banco_central_economia_0413202012.webp 1170w\" sizes=\"auto, (max-width: 1024px) 100vw, 1024px\" \/><figcaption class=\"wp-element-caption\">Cr\u00e9ditos: Marcello Casal Jr\/Ag\u00eancia Brasil<\/figcaption><\/figure>\n<\/figure>\n\n\n\n<p>Os dados financeiros mais recentes refor\u00e7am o cen\u00e1rio de fragilidade. Ao fim do primeiro semestre de 2025, a corretora registrava R$ 13,7 milh\u00f5es em dep\u00f3sitos, ativo total de R$ 29,5 milh\u00f5es e patrim\u00f4nio l\u00edquido negativo de R$ 18,4 milh\u00f5es. No per\u00edodo, as receitas somaram R$ 6,1 milh\u00f5es, enquanto as despesas chegaram a R$ 18,7 milh\u00f5es, resultando em preju\u00edzo l\u00edquido de R$ 20,2 milh\u00f5es.<\/p>\n\n\n\n<h2 class=\"wp-block-heading\">Banco Central toma decis\u00e3o sobre Frente Corretora de C\u00e2mbio S.A<\/h2>\n\n\n\n<p>A decis\u00e3o tamb\u00e9m tornou indispon\u00edveis os bens dos controladores e ex-administradores da institui\u00e7\u00e3o a partir da data do decreto. Em termos de participa\u00e7\u00e3o no mercado, as opera\u00e7\u00f5es da corretora representaram 0,021% do volume financeiro e 0,054% da quantidade total de opera\u00e7\u00f5es no Sistema Financeiro Nacional em 2025, indicando atua\u00e7\u00e3o limitada no setor.<\/p>\n\n\n\n<p>Fundada em 2017, a empresa chegou a expandir suas atividades para o exterior e movimentou cerca de 2 bilh\u00f5es de d\u00f3lares em transa\u00e7\u00f5es de c\u00e2mbio em 2024, impulsionadas principalmente por opera\u00e7\u00f5es ligadas a plataformas internacionais. No entanto, mudan\u00e7as regulat\u00f3rias no mercado reduziram esse volume em 2025. A corretora tamb\u00e9m oferecia servi\u00e7os para empresas e pessoas f\u00edsicas, incluindo remessas, com\u00e9rcio exterior e solu\u00e7\u00f5es tecnol\u00f3gicas como pagamentos internacionais via Pix.<\/p>\n","protected":false},"excerpt":{"rendered":"<p>O Banco Central decretou nesta quinta-feira (30) a liquida\u00e7\u00e3o extrajudicial da Frente Corretora de C\u00e2mbio S.A., institui\u00e7\u00e3o sediada em S\u00e3o Paulo. Classificada como de pequeno porte e enquadrada no segmento S4 da regula\u00e7\u00e3o prudencial, a corretora ocupava a 78\u00aa posi\u00e7\u00e3o no ranking de c\u00e2mbio da autoridade monet\u00e1ria. A medida interrompe as opera\u00e7\u00f5es da empresa e [&hellip;]<\/p>\n","protected":false},"author":18,"featured_media":27821,"comment_status":"open","ping_status":"open","sticky":false,"template":"","format":"standard","meta":{"jnews-multi-image_gallery":[],"jnews_single_post":{"format":"standard"},"jnews_primary_category":[],"jnews_social_meta":[],"footnotes":""},"categories":[1],"tags":[],"class_list":["post-42256","post","type-post","status-publish","format-standard","has-post-thumbnail","hentry","category-mix"],"_links":{"self":[{"href":"https:\/\/correiodoestado.audiencelabs.com.br\/wp-json\/wp\/v2\/posts\/42256","targetHints":{"allow":["GET"]}}],"collection":[{"href":"https:\/\/correiodoestado.audiencelabs.com.br\/wp-json\/wp\/v2\/posts"}],"about":[{"href":"https:\/\/correiodoestado.audiencelabs.com.br\/wp-json\/wp\/v2\/types\/post"}],"author":[{"embeddable":true,"href":"https:\/\/correiodoestado.audiencelabs.com.br\/wp-json\/wp\/v2\/users\/18"}],"replies":[{"embeddable":true,"href":"https:\/\/correiodoestado.audiencelabs.com.br\/wp-json\/wp\/v2\/comments?post=42256"}],"version-history":[{"count":1,"href":"https:\/\/correiodoestado.audiencelabs.com.br\/wp-json\/wp\/v2\/posts\/42256\/revisions"}],"predecessor-version":[{"id":42258,"href":"https:\/\/correiodoestado.audiencelabs.com.br\/wp-json\/wp\/v2\/posts\/42256\/revisions\/42258"}],"wp:featuredmedia":[{"embeddable":true,"href":"https:\/\/correiodoestado.audiencelabs.com.br\/wp-json\/wp\/v2\/media\/27821"}],"wp:attachment":[{"href":"https:\/\/correiodoestado.audiencelabs.com.br\/wp-json\/wp\/v2\/media?parent=42256"}],"wp:term":[{"taxonomy":"category","embeddable":true,"href":"https:\/\/correiodoestado.audiencelabs.com.br\/wp-json\/wp\/v2\/categories?post=42256"},{"taxonomy":"post_tag","embeddable":true,"href":"https:\/\/correiodoestado.audiencelabs.com.br\/wp-json\/wp\/v2\/tags?post=42256"}],"curies":[{"name":"wp","href":"https:\/\/api.w.org\/{rel}","templated":true}]}}